{"id":6062,"date":"2026-08-25T11:10:38","date_gmt":"2026-08-25T11:10:38","guid":{"rendered":"https:\/\/multiplacontabil.com.br\/blog\/?p=6062"},"modified":"2026-08-25T11:10:38","modified_gmt":"2026-08-25T11:10:38","slug":"opcao-simples-nacional-2027","status":"publish","type":"post","link":"https:\/\/multiplacontabil.com.br\/blog\/2026\/08\/25\/opcao-simples-nacional-2027\/","title":{"rendered":"Op\u00e7\u00e3o Simples Nacional 2027: Prazos, Regras e Novidades"},"content":{"rendered":"\n<p class=\"wp-block-paragraph\">A prepara\u00e7\u00e3o para o ano-calend\u00e1rio seguinte exige aten\u00e7\u00e3o redobrada dos empres\u00e1rios e gestores brasileiros. Com a publica\u00e7\u00e3o do novo roteiro pela Secretaria-Executiva do Comit\u00ea Gestor do Simples Nacional, definir a <strong>op\u00e7\u00e3o Simples Nacional 2027<\/strong> tornou-se uma prioridade estrat\u00e9gica para otimizar a carga tribut\u00e1ria do seu neg\u00f3cio.<\/p>\n\n\n\n<p class=\"wp-block-paragraph\">Se a sua empresa j\u00e1 est\u00e1 em atividade, planeja iniciar as atividades ou deseja compreender as novas regras de apura\u00e7\u00e3o do IBS e da CBS, este artigo detalha o passo a passo completo para garantir o enquadramento sem surpresas burocr\u00e1ticas. Acompanhe as orienta\u00e7\u00f5es da <a target=\"_blank\" rel=\"noopener\" href=\"https:\/\/multiplacontabil.com.br\/\">M\u00faltipla Assessoria e Contabilidade<\/a> e proteja a sa\u00fade financeira da sua corpora\u00e7\u00e3o.<\/p>\n\n\n\n<h2 class=\"wp-block-heading\">Prazos e Regras para Empresas em Atividade (Setembro de 2026)<\/h2>\n\n\n\n<p class=\"wp-block-paragraph\">Para as empresas que j\u00e1 se encontram em opera\u00e7\u00e3o e desejam optar pelo regime em 2027, o per\u00edodo de formaliza\u00e7\u00e3o ocorre de <strong>1\u00ba a 30 de setembro de 2026<\/strong>. Esta regra vale tanto para empresas que nunca foram optantes quanto para aquelas que foram exclu\u00eddas recentemente.<\/p>\n\n\n\n<h3 class=\"wp-block-heading\">A Import\u00e2ncia da An\u00e1lise Pr\u00e9via e Regulariza\u00e7\u00e3o de Pend\u00eancias<\/h3>\n\n\n\n<p class=\"wp-block-paragraph\">Antes de confirmar o pedido no Portal do Simples Nacional ou via e-CAC, o sistema realiza uma an\u00e1lise pr\u00e9via autom\u00e1tica. Caso existam irregularidades fiscais ou cadastrais:<\/p>\n\n\n\n<ul class=\"wp-block-list\">\n<li><strong>Confirme o pedido mesmo com pend\u00eancias:<\/strong> O prazo para solucionar d\u00e9bitos \u00e9 de 30 dias ap\u00f3s a confirma\u00e7\u00e3o. Confirmar o pedido evita a perda do prazo final de 30\/09\/2026.<\/li>\n\n\n\n<li><strong>Acompanhamento di\u00e1rio:<\/strong> A atualiza\u00e7\u00e3o das pend\u00eancias ocorre uma vez por dia, no primeiro acesso do usu\u00e1rio ao sistema.<\/li>\n\n\n\n<li><strong>Termos de Indeferimento (TI):<\/strong> Se o pedido for negado, ser\u00e1 gerado um TI por ente federado (Receita Federal, Estados ou Munic\u00edpios). O contribuinte possui at\u00e9 20 dias \u00fateis para apresentar impugna\u00e7\u00e3o na Receita Federal ou 30 dias corridos para regularizar os d\u00e9bitos.<\/li>\n<\/ul>\n\n\n\n<blockquote class=\"wp-block-quote is-layout-flow wp-block-quote-is-layout-flow\">\n<p class=\"wp-block-paragraph\"><strong>Aten\u00e7\u00e3o ao SIMEI:<\/strong> N\u00e3o houve altera\u00e7\u00e3o para o regime de Microempreendedor Individual (MEI). A op\u00e7\u00e3o pelo SIMEI ocorre exclusivamente em janeiro de 2027 (at\u00e9 o dia 29\/01\/2027).<\/p>\n<\/blockquote>\n\n\n\n<h2 class=\"wp-block-heading\">Orienta\u00e7\u00f5es Espec\u00edficas para Empresas em In\u00edcio de Atividade<\/h2>\n\n\n\n<p class=\"wp-block-paragraph\">Se o seu empreendimento \u00e9 novo, o procedimento sofreu importantes atualiza\u00e7\u00f5es tecnol\u00f3gicas recentes com a integra\u00e7\u00e3o do M\u00f3dulo Administra\u00e7\u00e3o Tribut\u00e1ria (MAT).<\/p>\n\n\n\n<h3 class=\"wp-block-heading\">O Papel do M\u00f3dulo Administra\u00e7\u00e3o Tribut\u00e1ria (MAT)<\/h3>\n\n\n\n<p class=\"wp-block-paragraph\">Desde dezembro de 2025, a manifesta\u00e7\u00e3o de interesse pelo Simples Nacional para novas empresas deve ocorrer obrigatoriamente no exato momento da inscri\u00e7\u00e3o do CNPJ, atrav\u00e9s do Acompanhamento ao Protocolo Redesim no MAT.<\/p>\n\n\n\n<ul class=\"wp-block-list\">\n<li><strong>O Bot\u00e3o Interruptor:<\/strong> No sistema do MAT, a escolha do regime funciona como um interruptor que deve ser acionado manualmente para a posi\u00e7\u00e3o &#8220;ligado&#8221;.<\/li>\n\n\n\n<li><strong>Perda do Prazo:<\/strong> Caso o empreendedor esque\u00e7a de acionar a op\u00e7\u00e3o no momento do registro do CNPJ, s\u00f3 poder\u00e1 ingressar no regime no pr\u00f3ximo per\u00edodo regular de op\u00e7\u00e3o.<\/li>\n<\/ul>\n\n\n\n<h2 class=\"wp-block-heading\">Novidades na Apura\u00e7\u00e3o e Recolhimento do IBS e da CBS<\/h2>\n\n\n\n<p class=\"wp-block-paragraph\">Com a transi\u00e7\u00e3o do sistema tribut\u00e1rio brasileiro, as empresas optantes pelo Simples Nacional passam a conviver com novas regras para o Imposto sobre Bens e Servi\u00e7os (IBS) e a Contribui\u00e7\u00e3o sobre Bens e Servi\u00e7os (CBS).<\/p>\n\n\n\n<h3 class=\"wp-block-heading\">Regime Regular &#8220;Por Fora&#8221; do Simples Nacional<\/h3>\n\n\n\n<p class=\"wp-block-paragraph\">Por padr\u00e3o, o IBS e a CBS s\u00e3o apurados &#8220;por dentro&#8221; do Simples Nacional, unificados no documento de arrecada\u00e7\u00e3o (DAS). No entanto, o empres\u00e1rio pode optar pelo regime regular de apura\u00e7\u00e3o &#8220;por fora&#8221;:<\/p>\n\n\n\n<ul class=\"wp-block-list\">\n<li><strong>Janelas de Op\u00e7\u00e3o:<\/strong> As escolhas ocorrem nos meses de <strong>setembro<\/strong> (produzindo efeitos em 1\u00ba de janeiro do ano seguinte) e <strong>mar\u00e7o<\/strong> (com efeitos em 1\u00ba julio do mesmo ano-calend\u00e1rio).<\/li>\n\n\n\n<li><strong>Manuten\u00e7\u00e3o do Regime:<\/strong> Uma vez optante pelo regime regular de IBS\/CBS, a aus\u00eancia de manifesta\u00e7\u00e3o de ren\u00fancia nos per\u00edodos pr\u00f3prios implica na prorroga\u00e7\u00e3o autom\u00e1tica do modelo.<\/li>\n<\/ul>\n\n\n\n<h2 class=\"wp-block-heading\">Conclus\u00e3o: Garanta o Seu Enquadramento com Seguran\u00e7a Jur\u00eddica<\/h2>\n\n\n\n<p class=\"wp-block-paragraph\">A gest\u00e3o correta dos prazos e a antecipa\u00e7\u00e3o na regulariza\u00e7\u00e3o de pend\u00eancias fiscais s\u00e3o fatores determinantes para assegurar que a sua empresa desfrute dos benef\u00edcios do Simples Nacional em 2027. Erros formais ou perda de prazos podem resultar em pesados preju\u00edzos tribut\u00e1rios e na exclus\u00e3o sum\u00e1ria do regime simplificado.<\/p>\n\n\n\n<p class=\"wp-block-paragraph\">Precisa de suporte especializado para auditar suas pend\u00eancias, realizar a op\u00e7\u00e3o correta ou estruturar o planejamento tribut\u00e1rio da sua empresa? <strong>Entre em contacto com a <a target=\"_blank\" rel=\"noopener\" href=\"https:\/\/multiplacontabil.com.br\/\">M\u00faltipla Assessoria e Contabilidade<\/a> hoje mesmo!<\/strong> Deixe o seu coment\u00e1rio abaixo, partilhe este artigo com outros empres\u00e1rios ou contrate os nossos servi\u00e7os especializados para garantir tranquilidade ao seu neg\u00f3cio.<\/p>\n\n\n\n<h3 class=\"wp-block-heading\">Fontes das Informa\u00e7\u00f5es<\/h3>\n\n\n\n<ul class=\"wp-block-list\">\n<li>Secretaria-Executiva do Comit\u00ea Gestor do Simples Nacional. <em>Roteiro da Op\u00e7\u00e3o pelo Simples Nacional para o ano de 2027<\/em>. Publicado em 21 de agosto de 2026.<\/li>\n\n\n\n<li>Portal do Simples Nacional e M\u00f3dulo Administra\u00e7\u00e3o Tribut\u00e1ria (MAT). Dispon\u00edvel em: <code>(<a href=\"https:\/\/www.gov.br\/receitafederal\">https:\/\/www.gov.br\/receitafederal<\/a>)<\/code><\/li>\n\n\n\n<li>Servi\u00e7o de Impugna\u00e7\u00e3o de Indeferimento do Simples Nacional. Dispon\u00edvel em: <code>(<a href=\"https:\/\/www.gov.br\/pt-br\/servicos\/impugnar-indeferimento-pelo-simples\">https:\/\/www.gov.br\/pt-br\/servicos\/impugnar-indeferimento-pelo-simples<\/a>)<\/code><\/li>\n<\/ul>\n\n\n\n<p class=\"wp-block-paragraph\"><\/p>\n","protected":false},"excerpt":{"rendered":"<p>A prepara\u00e7\u00e3o para o ano-calend\u00e1rio seguinte exige aten\u00e7\u00e3o redobrada dos empres\u00e1rios e gestores brasileiros. Com a publica\u00e7\u00e3o do novo roteiro pela Secretaria-Executiva do Comit\u00ea Gestor do Simples Nacional, definir a op\u00e7\u00e3o Simples Nacional 2027 tornou-se uma prioridade estrat\u00e9gica para otimizar a carga tribut\u00e1ria do seu neg\u00f3cio. Se a sua empresa j\u00e1 est\u00e1 em atividade, planeja [&hellip;]<\/p>\n","protected":false},"author":1,"featured_media":6063,"comment_status":"open","ping_status":"open","sticky":false,"template":"","format":"standard","meta":{"footnotes":""},"categories":[1],"tags":[],"class_list":["post-6062","post","type-post","status-publish","format-standard","has-post-thumbnail","hentry","category-uncategorized"],"_links":{"self":[{"href":"https:\/\/multiplacontabil.com.br\/blog\/wp-json\/wp\/v2\/posts\/6062","targetHints":{"allow":["GET"]}}],"collection":[{"href":"https:\/\/multiplacontabil.com.br\/blog\/wp-json\/wp\/v2\/posts"}],"about":[{"href":"https:\/\/multiplacontabil.com.br\/blog\/wp-json\/wp\/v2\/types\/post"}],"author":[{"embeddable":true,"href":"https:\/\/multiplacontabil.com.br\/blog\/wp-json\/wp\/v2\/users\/1"}],"replies":[{"embeddable":true,"href":"https:\/\/multiplacontabil.com.br\/blog\/wp-json\/wp\/v2\/comments?post=6062"}],"version-history":[{"count":1,"href":"https:\/\/multiplacontabil.com.br\/blog\/wp-json\/wp\/v2\/posts\/6062\/revisions"}],"predecessor-version":[{"id":6064,"href":"https:\/\/multiplacontabil.com.br\/blog\/wp-json\/wp\/v2\/posts\/6062\/revisions\/6064"}],"wp:featuredmedia":[{"embeddable":true,"href":"https:\/\/multiplacontabil.com.br\/blog\/wp-json\/wp\/v2\/media\/6063"}],"wp:attachment":[{"href":"https:\/\/multiplacontabil.com.br\/blog\/wp-json\/wp\/v2\/media?parent=6062"}],"wp:term":[{"taxonomy":"category","embeddable":true,"href":"https:\/\/multiplacontabil.com.br\/blog\/wp-json\/wp\/v2\/categories?post=6062"},{"taxonomy":"post_tag","embeddable":true,"href":"https:\/\/multiplacontabil.com.br\/blog\/wp-json\/wp\/v2\/tags?post=6062"}],"curies":[{"name":"wp","href":"https:\/\/api.w.org\/{rel}","templated":true}]}}