{"id":6049,"date":"2026-08-17T20:39:34","date_gmt":"2026-08-17T20:39:34","guid":{"rendered":"https:\/\/multiplacontabil.com.br\/blog\/?p=6049"},"modified":"2026-08-17T20:39:34","modified_gmt":"2026-08-17T20:39:34","slug":"atestado-medico-apresentado-pelo-empregado-quando-a-empresa-deve-aceitar-o-que-pode-conferir-e-como-agir-diante-de-irregularidades","status":"publish","type":"post","link":"https:\/\/multiplacontabil.com.br\/blog\/2026\/08\/17\/atestado-medico-apresentado-pelo-empregado-quando-a-empresa-deve-aceitar-o-que-pode-conferir-e-como-agir-diante-de-irregularidades\/","title":{"rendered":"Atestado m\u00e9dico apresentado pelo empregado: quando a empresa deve aceitar, o que pode conferir e como agir diante de irregularidades"},"content":{"rendered":"\n<p class=\"wp-block-paragraph\">Aus\u00eancia de CID, envio digital ou entrega fora do prazo interno n\u00e3o tornam o documento automaticamente inv\u00e1lido. Antes de descontar o sal\u00e1rio ou aplicar uma penalidade, o empregador deve verificar o conte\u00fado do atestado, a forma de apresenta\u00e7\u00e3o e as circunst\u00e2ncias do afastamento.<\/p>\n\n\n\n<p class=\"wp-block-paragraph\">O empregado falta ao trabalho e apresenta um atestado m\u00e9dico. O documento n\u00e3o cont\u00e9m o C\u00f3digo Internacional de Doen\u00e7as, foi encaminhado por WhatsApp ou chegou ao departamento pessoal ap\u00f3s o prazo previsto no regulamento interno.<\/p>\n\n\n\n<p class=\"wp-block-paragraph\">Em outro caso, a empresa recebe um arquivo com assinatura digital que n\u00e3o consegue validar. Tamb\u00e9m pode haver rasuras, datas aparentemente incompat\u00edveis ou uma sequ\u00eancia de afastamentos que exige tratamento previdenci\u00e1rio e registro no eSocial.<\/p>\n\n\n\n<p class=\"wp-block-paragraph\">Embora sejam situa\u00e7\u00f5es comuns na rotina empresarial, n\u00e3o existe uma resposta \u00fanica para todas elas. A empresa n\u00e3o \u00e9 obrigada a ignorar inconsist\u00eancias nem a aceitar documentos sem qualquer confer\u00eancia. No entanto, tamb\u00e9m n\u00e3o deve recusar um atestado automaticamente com base em suspeitas, exig\u00eancias excessivas ou crit\u00e9rios que n\u00e3o estejam sustentados pela legisla\u00e7\u00e3o.<\/p>\n\n\n\n<p class=\"wp-block-paragraph\">Uma decis\u00e3o precipitada pode produzir desconto salarial indevido, erro no controle de jornada, inconsist\u00eancia na folha de pagamento, falha no eSocial e at\u00e9 uma discuss\u00e3o judicial sobre a penalidade aplicada ao trabalhador.<\/p>\n\n\n\n<h2 class=\"wp-block-heading\"><strong>O que o atestado m\u00e9dico comprova<\/strong><\/h2>\n\n\n\n<p class=\"wp-block-paragraph\">O atestado m\u00e9dico \u00e9 o documento utilizado para declarar uma condi\u00e7\u00e3o relacionada \u00e0 sa\u00fade do paciente e, quando for o caso, recomendar seu afastamento das atividades profissionais por determinado per\u00edodo.<\/p>\n\n\n\n<p class=\"wp-block-paragraph\">A Lei n\u00ba 605\/1949 reconhece a doen\u00e7a devidamente comprovada como motivo justificado para a aus\u00eancia do empregado. O Decreto n\u00ba 10.854\/2021 tamb\u00e9m estabelece que a aus\u00eancia por doen\u00e7a dever\u00e1 ser comprovada por atestado m\u00e9dico, nos termos da legisla\u00e7\u00e3o aplic\u00e1vel.<\/p>\n\n\n\n<p class=\"wp-block-paragraph\">Quando o documento \u00e9 v\u00e1lido e abrange o per\u00edodo de aus\u00eancia, a falta n\u00e3o deve ser tratada como injustificada. Isso pode impedir o desconto dos dias abrangidos e preservar os reflexos trabalhistas correspondentes, observadas as particularidades do caso.<\/p>\n\n\n\n<p class=\"wp-block-paragraph\">O atestado, entretanto, n\u00e3o deve ser analisado isoladamente. Seu recebimento pode exigir provid\u00eancias na folha, no controle de frequ\u00eancia, na medicina ocupacional, no eSocial e, dependendo da dura\u00e7\u00e3o e da natureza do afastamento, no encaminhamento previdenci\u00e1rio.<\/p>\n\n\n\n<h2 class=\"wp-block-heading\"><strong>Atestado, declara\u00e7\u00e3o de comparecimento e acompanhamento t\u00eam efeitos diferentes<\/strong><\/h2>\n\n\n\n<p class=\"wp-block-paragraph\">Um dos erros mais frequentes na rotina do departamento pessoal \u00e9 tratar qualquer documento emitido por hospital, cl\u00ednica ou consult\u00f3rio como se determinasse o abono de todo o expediente.<\/p>\n\n\n\n<p class=\"wp-block-paragraph\">A Resolu\u00e7\u00e3o CFM n\u00ba 2.381\/2024 diferencia os principais documentos m\u00e9dicos, entre eles o atestado de afastamento, a declara\u00e7\u00e3o de comparecimento e o atestado de acompanhamento.<\/p>\n\n\n\n<p class=\"wp-block-paragraph\"><strong>Atestado m\u00e9dico de afastamento<\/strong><\/p>\n\n\n\n<p class=\"wp-block-paragraph\">\u00c9 o documento que informa a necessidade de dispensa das atividades profissionais por determinado per\u00edodo. Deve indicar a quantidade de dias concedidos para recupera\u00e7\u00e3o do paciente.<\/p>\n\n\n\n<p class=\"wp-block-paragraph\"><strong>Declara\u00e7\u00e3o de comparecimento<\/strong><\/p>\n\n\n\n<p class=\"wp-block-paragraph\">Comprova que o trabalhador esteve em consulta, exame ou atendimento de sa\u00fade. Em regra, n\u00e3o equivale automaticamente a uma recomenda\u00e7\u00e3o de afastamento por todo o dia.<\/p>\n\n\n\n<p class=\"wp-block-paragraph\">O documento poder\u00e1 justificar o per\u00edodo efetivamente utilizado no atendimento e no deslocamento, conforme seu conte\u00fado, as regras internas, as circunst\u00e2ncias concretas e eventual previs\u00e3o em conven\u00e7\u00e3o ou acordo coletivo.<\/p>\n\n\n\n<p class=\"wp-block-paragraph\"><strong>Atestado de acompanhamento<\/strong><\/p>\n\n\n\n<p class=\"wp-block-paragraph\">Registra que o empregado acompanhou outra pessoa durante atendimento m\u00e9dico. A apresenta\u00e7\u00e3o desse documento n\u00e3o gera um direito geral e ilimitado de aus\u00eancia remunerada.<\/p>\n\n\n\n<p class=\"wp-block-paragraph\">A&nbsp;<a href=\"https:\/\/www.contabeis.com.br\/trabalhista\/clt\/\">CLT<\/a>&nbsp;prev\u00ea hip\u00f3teses espec\u00edficas de falta justificada para acompanhamento, como o per\u00edodo necess\u00e1rio para acompanhar esposa ou companheira em determinadas consultas e exames durante a gravidez e um dia por ano para acompanhar filho de at\u00e9 seis anos em consulta m\u00e9dica. Normas coletivas podem ampliar essas situa\u00e7\u00f5es.<\/p>\n\n\n\n<p class=\"wp-block-paragraph\">Antes de lan\u00e7ar a aus\u00eancia na folha, a empresa precisa identificar qual documento foi entregue, quem recebeu o atendimento, qual per\u00edodo est\u00e1 indicado e se existe direito legal ou convencional ao abono.<\/p>\n\n\n\n<p class=\"wp-block-paragraph\"><strong>Quais informa\u00e7\u00f5es devem constar no documento<\/strong><\/p>\n\n\n\n<p class=\"wp-block-paragraph\">A Resolu\u00e7\u00e3o CFM n\u00ba 2.381\/2024 estabelece requisitos para a emiss\u00e3o de documentos m\u00e9dicos. Entre os elementos que precisam ser observados est\u00e3o:<\/p>\n\n\n\n<p class=\"wp-block-paragraph\">A confer\u00eancia deve buscar responder a quest\u00f5es objetivas: o profissional est\u00e1 identificado? O documento pertence ao empregado? A data de emiss\u00e3o \u00e9 compat\u00edvel com o atendimento? O per\u00edodo de afastamento est\u00e1 claro? A assinatura f\u00edsica ou eletr\u00f4nica pode ser verificada?<\/p>\n\n\n\n<p class=\"wp-block-paragraph\">Uma falha formal n\u00e3o significa necessariamente fraude. Dependendo da inconsist\u00eancia, a empresa poder\u00e1 solicitar esclarecimento, complementa\u00e7\u00e3o ou nova via leg\u00edvel antes de decidir sobre o abono.<\/p>\n\n\n\n<p class=\"wp-block-paragraph\">Recusar imediatamente o documento, sem permitir sua regulariza\u00e7\u00e3o ou sem analisar o contexto, aumenta o risco de uma decis\u00e3o desproporcional.<\/p>\n\n\n\n<h2 class=\"wp-block-heading\"><strong>A falta de CID invalida o atestado?<\/strong><\/h2>\n\n\n\n<p class=\"wp-block-paragraph\">N\u00e3o. A aus\u00eancia do CID n\u00e3o torna o atestado automaticamente inv\u00e1lido.<\/p>\n\n\n\n<p class=\"wp-block-paragraph\">O diagn\u00f3stico do empregado integra sua esfera de privacidade. Al\u00e9m disso, informa\u00e7\u00f5es relativas \u00e0 sa\u00fade s\u00e3o classificadas pela Lei Geral de Prote\u00e7\u00e3o de Dados como dados pessoais sens\u00edveis, sujeitos a prote\u00e7\u00e3o refor\u00e7ada.<\/p>\n\n\n\n<p class=\"wp-block-paragraph\">O Tribunal Superior do Trabalho j\u00e1 manteve decis\u00f5es que consideraram inv\u00e1lidas cl\u00e1usulas coletivas que condicionavam a aceita\u00e7\u00e3o de atestados \u00e0 inclus\u00e3o obrigat\u00f3ria do CID. O entendimento destacado pelo Tribunal foi de que essa exig\u00eancia poderia obrigar o trabalhador a revelar informa\u00e7\u00f5es protegidas por sigilo e relacionadas \u00e0 sua intimidade.<\/p>\n\n\n\n<p class=\"wp-block-paragraph\">Isso n\u00e3o impede que o diagn\u00f3stico seja informado quando houver autoriza\u00e7\u00e3o do paciente, dever legal ou justa causa m\u00e9dica nos termos das normas profissionais. O ponto central \u00e9 que a empresa n\u00e3o deve transformar o CID em requisito autom\u00e1tico para justificar qualquer aus\u00eancia.<\/p>\n\n\n\n<p class=\"wp-block-paragraph\">Para a rotina do departamento pessoal, normalmente s\u00e3o mais relevantes a exist\u00eancia do afastamento, o per\u00edodo indicado e a autenticidade do documento. Informa\u00e7\u00f5es cl\u00ednicas detalhadas devem permanecer restritas aos profissionais que efetivamente precisem trat\u00e1-las.<\/p>\n\n\n\n<h2 class=\"wp-block-heading\"><strong>A empresa pode estabelecer prazo para apresenta\u00e7\u00e3o?<\/strong><\/h2>\n\n\n\n<p class=\"wp-block-paragraph\">A legisla\u00e7\u00e3o n\u00e3o fixa um prazo geral e \u00fanico aplic\u00e1vel a todas as rela\u00e7\u00f5es de emprego para a entrega do atestado.<\/p>\n\n\n\n<p class=\"wp-block-paragraph\">O procedimento pode ser disciplinado por regulamento interno, pol\u00edtica empresarial, contrato de trabalho ou instrumento coletivo. A empresa pode estabelecer prazo e canal para apresenta\u00e7\u00e3o, desde que os crit\u00e9rios sejam razo\u00e1veis, conhecidos pelos empregados e aplicados de maneira uniforme.<\/p>\n\n\n\n<p class=\"wp-block-paragraph\">A pol\u00edtica deve prever alternativas para situa\u00e7\u00f5es em que o trabalhador n\u00e3o tenha condi\u00e7\u00f5es de entregar o documento pessoalmente. Hospitaliza\u00e7\u00e3o, incapacidade moment\u00e2nea, dificuldade de acesso ao sistema ou aus\u00eancia de familiar que possa realizar o envio s\u00e3o circunst\u00e2ncias que merecem an\u00e1lise.<\/p>\n\n\n\n<p class=\"wp-block-paragraph\">O atraso n\u00e3o deve resultar em recusa autom\u00e1tica sem que a empresa permita ao empregado explicar o ocorrido.<\/p>\n\n\n\n<p class=\"wp-block-paragraph\">Uma pol\u00edtica bem estruturada pode determinar, por exemplo, que o trabalhador comunique a aus\u00eancia assim que poss\u00edvel e encaminhe inicialmente uma c\u00f3pia do documento por canal eletr\u00f4nico, apresentando posteriormente o arquivo verific\u00e1vel ou o original, quando necess\u00e1rio.<\/p>\n\n\n\n<p class=\"wp-block-paragraph\">Mais importante do que criar um prazo r\u00edgido \u00e9 assegurar que o atestado chegue ao setor respons\u00e1vel antes do fechamento da folha e dos eventos trabalhistas relacionados.<\/p>\n\n\n\n<h2 class=\"wp-block-heading\"><strong>Atestado enviado por WhatsApp tem validade?<\/strong><\/h2>\n\n\n\n<p class=\"wp-block-paragraph\">\u00c9 necess\u00e1rio separar o documento de seu meio de transmiss\u00e3o.<\/p>\n\n\n\n<p class=\"wp-block-paragraph\">O WhatsApp, o e-mail ou o sistema interno podem ser utilizados como canais para o empregado encaminhar uma c\u00f3pia do atestado. O fato de a imagem ter sido enviada por aplicativo n\u00e3o torna o documento inv\u00e1lido.<\/p>\n\n\n\n<p class=\"wp-block-paragraph\">Por outro lado, uma fotografia ou arquivo encaminhado pelo empregado pode n\u00e3o ser suficiente, por si s\u00f3, para confirmar a autenticidade da assinatura eletr\u00f4nica ou afastar d\u00favidas sobre altera\u00e7\u00f5es no conte\u00fado.<\/p>\n\n\n\n<p class=\"wp-block-paragraph\">A empresa pode solicitar o documento original, o arquivo PDF assinado ou outro formato que permita sua verifica\u00e7\u00e3o, desde que a exig\u00eancia seja razo\u00e1vel e n\u00e3o impe\u00e7a injustificadamente o reconhecimento da aus\u00eancia.<\/p>\n\n\n\n<p class=\"wp-block-paragraph\">No caso de assinatura digital, o Instituto Nacional de Tecnologia da Informa\u00e7\u00e3o disponibiliza ferramenta oficial capaz de verificar assinaturas eletr\u00f4nicas em documentos, inclusive atestados m\u00e9dicos.<\/p>\n\n\n\n<p class=\"wp-block-paragraph\">A Lei n\u00ba 14.063\/2020 classifica as assinaturas eletr\u00f4nicas como simples, avan\u00e7adas e qualificadas. A assinatura qualificada utiliza certificado digital nos padr\u00f5es da Infraestrutura de Chaves P\u00fablicas Brasileira e oferece o n\u00edvel mais elevado de confiabilidade previsto na norma.<\/p>\n\n\n\n<p class=\"wp-block-paragraph\">A empresa n\u00e3o deve imprimir um documento digital e avaliar apenas a imagem da assinatura. A valida\u00e7\u00e3o precisa ser feita no arquivo eletr\u00f4nico original, pois a impress\u00e3o pode eliminar os elementos necess\u00e1rios \u00e0 confer\u00eancia.<\/p>\n\n\n\n<p class=\"wp-block-paragraph\">Fonte: <a href=\"https:\/\/www.contadores.cnt.br\/\">https:\/\/www.contadores.cnt.br\/<\/a><\/p>\n\n\n\n<p class=\"wp-block-paragraph\"><\/p>\n","protected":false},"excerpt":{"rendered":"<p>Aus\u00eancia de CID, envio digital ou entrega fora do prazo interno n\u00e3o tornam o documento automaticamente inv\u00e1lido. Antes de descontar o sal\u00e1rio ou aplicar uma penalidade, o empregador deve verificar o conte\u00fado do atestado, a forma de apresenta\u00e7\u00e3o e as circunst\u00e2ncias do afastamento. O empregado falta ao trabalho e apresenta um atestado m\u00e9dico. O documento [&hellip;]<\/p>\n","protected":false},"author":1,"featured_media":0,"comment_status":"open","ping_status":"open","sticky":false,"template":"","format":"standard","meta":{"footnotes":""},"categories":[1],"tags":[],"class_list":["post-6049","post","type-post","status-publish","format-standard","hentry","category-uncategorized"],"_links":{"self":[{"href":"https:\/\/multiplacontabil.com.br\/blog\/wp-json\/wp\/v2\/posts\/6049","targetHints":{"allow":["GET"]}}],"collection":[{"href":"https:\/\/multiplacontabil.com.br\/blog\/wp-json\/wp\/v2\/posts"}],"about":[{"href":"https:\/\/multiplacontabil.com.br\/blog\/wp-json\/wp\/v2\/types\/post"}],"author":[{"embeddable":true,"href":"https:\/\/multiplacontabil.com.br\/blog\/wp-json\/wp\/v2\/users\/1"}],"replies":[{"embeddable":true,"href":"https:\/\/multiplacontabil.com.br\/blog\/wp-json\/wp\/v2\/comments?post=6049"}],"version-history":[{"count":1,"href":"https:\/\/multiplacontabil.com.br\/blog\/wp-json\/wp\/v2\/posts\/6049\/revisions"}],"predecessor-version":[{"id":6050,"href":"https:\/\/multiplacontabil.com.br\/blog\/wp-json\/wp\/v2\/posts\/6049\/revisions\/6050"}],"wp:attachment":[{"href":"https:\/\/multiplacontabil.com.br\/blog\/wp-json\/wp\/v2\/media?parent=6049"}],"wp:term":[{"taxonomy":"category","embeddable":true,"href":"https:\/\/multiplacontabil.com.br\/blog\/wp-json\/wp\/v2\/categories?post=6049"},{"taxonomy":"post_tag","embeddable":true,"href":"https:\/\/multiplacontabil.com.br\/blog\/wp-json\/wp\/v2\/tags?post=6049"}],"curies":[{"name":"wp","href":"https:\/\/api.w.org\/{rel}","templated":true}]}}