{"id":6040,"date":"2026-07-12T08:07:45","date_gmt":"2026-07-12T08:07:45","guid":{"rendered":"https:\/\/multiplacontabil.com.br\/blog\/?p=6040"},"modified":"2026-07-12T08:07:45","modified_gmt":"2026-07-12T08:07:45","slug":"convenio-de-emprestimo-consignado-o-que-significa-essa-obrigacao-para-a-empresa","status":"publish","type":"post","link":"https:\/\/multiplacontabil.com.br\/blog\/2026\/07\/12\/convenio-de-emprestimo-consignado-o-que-significa-essa-obrigacao-para-a-empresa\/","title":{"rendered":"Conv\u00eanio de Empr\u00e9stimo Consignado: O que Significa essa Obriga\u00e7\u00e3o para a Empresa?"},"content":{"rendered":"\n<p class=\"wp-block-paragraph\">O mercado de cr\u00e9dito para profissionais com carteira assinada passou por uma transforma\u00e7\u00e3o profunda. Historicamente, um funcion\u00e1rio do setor privado s\u00f3 conseguia contratar um empr\u00e9stimo consignado se a empresa em que trabalhava possu\u00edsse um conv\u00eanio direto com o banco.<\/p>\n\n\n\n<p class=\"wp-block-paragraph\">Com a consolida\u00e7\u00e3o do programa <strong>Cr\u00e9dito do Trabalhador<\/strong> (tamb\u00e9m conhecido como a nova modalidade do consignado CLT), essa exig\u00eancia foi totalmente eliminada. A contrata\u00e7\u00e3o agora ocorre de ponta a ponta em ambiente digital pelo pr\u00f3prio funcion\u00e1rio, sem nenhuma necessidade de intermedia\u00e7\u00e3o do departamento de Recursos Humanos.<\/p>\n\n\n\n<p class=\"wp-block-paragraph\">Diante dessa autonomia, surge a grande d\u00favida societ\u00e1ria: qual passa a ser a <strong>real responsabilidade da empresa<\/strong> na folha de pagamento?<\/p>\n\n\n\n<h2 class=\"wp-block-heading\">O que \u00e9 o Cr\u00e9dito do Trabalhador?<\/h2>\n\n\n\n<p class=\"wp-block-paragraph\">O Cr\u00e9dito do Trabalhador \u00e9 o formato moderno do empr\u00e9stimo consignado privado. O seu grande diferencial regulat\u00f3rio \u00e9 a <strong>independ\u00eancia de conv\u00eanios bilaterais<\/strong>.<\/p>\n\n\n\n<p class=\"wp-block-paragraph\">O processo de contrata\u00e7\u00e3o ocorre de forma direta entre o empregado e as institui\u00e7\u00f5es financeiras cadastradas. O funcion\u00e1rio utiliza o aplicativo da <strong>Carteira de Trabalho Digital (CTPS Digital)<\/strong> ou as plataformas integradas dos pr\u00f3prios bancos para consultar propostas, simular taxas e autorizar o acesso parcial aos seus dados cadastrados no eSocial.<\/p>\n\n\n\n<p class=\"wp-block-paragraph\">O papel da empresa, portanto, n\u00e3o \u00e9 comercial ou burocr\u00e1tico. A sua obriga\u00e7\u00e3o \u00e9 exclusivamente <strong>p\u00f3s-contrata\u00e7\u00e3o<\/strong>, servindo como agente executor do repasse financeiro obrigat\u00f3rio, gerido sistemicamente pelas integra\u00e7\u00f5es da folha.<\/p>\n\n\n\n<h2 class=\"wp-block-heading\">Quais S\u00e3o as Obriga\u00e7\u00f5es do Empregador?<\/h2>\n\n\n\n<p class=\"wp-block-paragraph\">Embora a decis\u00e3o de contrata\u00e7\u00e3o seja de responsabilidade 100% individual da pessoa f\u00edsica, a empresa est\u00e1 vinculada ao cumprimento de rotinas operacionais cruciais de Departamento Pessoal institu\u00eddas pela <strong>Lei n\u00ba 10.820\/2003<\/strong>.<\/p>\n\n\n\n<p class=\"wp-block-paragraph\">As responsabilidades obrigat\u00f3rias que batem \u00e0 porta do seu financeiro s\u00e3o:<\/p>\n\n\n\n<ul class=\"wp-block-list\">\n<li><strong>Averbar o comando gerado pelo eSocial:<\/strong> Validar os dados de desconto emitidos pelas plataformas oficiais integradas.<\/li>\n\n\n\n<li><strong>Efetuar o desconto salarial mensal:<\/strong> Reter o valor exato no holerite do trabalhador na compet\u00eancia correspondente.<\/li>\n\n\n\n<li><strong>Realizar o repasse pontual:<\/strong> Transferir os montantes descontados ao banco credor no prazo legal regulamentar.<\/li>\n<\/ul>\n\n\n\n<h3 class=\"wp-block-heading\">O Perigo da Reten\u00e7\u00e3o de Repasse e a Apropria\u00e7\u00e3o Ind\u00e9bita<\/h3>\n\n\n\n<p class=\"wp-block-paragraph\">A automatiza\u00e7\u00e3o n\u00e3o isenta o erro operacional de gest\u00e3o de caixa. Descontar o valor do sal\u00e1rio l\u00edquido do empregado e atrasar ou deixar de transferir essa quantia para o banco credor configura o crime de <strong>apropria\u00e7\u00e3o ind\u00e9bita<\/strong>.<\/p>\n\n\n\n<p class=\"wp-block-paragraph\">Na Justi\u00e7a do Trabalho, esse erro costuma resultar em condena\u00e7\u00f5es autom\u00e1ticas por danos morais devido \u00e0 negativa\u00e7\u00e3o indevida do CPF do empregado perante \u00f3rg\u00e3os como SPC e Serasa. Para entender como proteger sua rotina de pagamentos de riscos legais, vale a leitura do nosso artigo <a href=\"https:\/\/multiplacontabil.com.br\/blog\/2026\/01\/26\/planejamento-tributario-simples-nacional-lucro-presumido-ou-lucro-real\/\" data-type=\"link\" data-id=\"https:\/\/multiplacontabil.com.br\/blog\/2026\/01\/26\/planejamento-tributario-simples-nacional-lucro-presumido-ou-lucro-real\/\" target=\"_blank\" rel=\"noreferrer noopener\">planejamento tribut\u00e1rio para empresas<\/a>.<\/p>\n\n\n\n<h2 class=\"wp-block-heading\">Limites de Desconto e Monitoramento da Margem<\/h2>\n\n\n\n<p class=\"wp-block-paragraph\">A autonomia do trabalhador n\u00e3o anula a barreira legal imposta \u00e0 folha de pagamento. O DP deve monitorar se as parcelas enviadas para desconto respeitam estritamente a <strong>margem consign\u00e1vel<\/strong>.<\/p>\n\n\n\n<ul class=\"wp-block-list\">\n<li>A margem geral m\u00e1xima de comprometimento permitida em lei \u00e9 de <strong>45%<\/strong> do sal\u00e1rio l\u00edquido.<\/li>\n\n\n\n<li>A reserva exclusiva para os empr\u00e9stimos consignados \u00e9 de <strong>35%<\/strong>.<\/li>\n\n\n\n<li>Os <strong>10%<\/strong> restantes dividem-se em cart\u00f5es de cr\u00e9dito consignados e de benef\u00edcios.<\/li>\n<\/ul>\n\n\n\n<p class=\"wp-block-paragraph\">Caso ocorra um conflito de margem decorrente de outros descontos obrigat\u00f3rios superiores (como decis\u00f5es judiciais de pens\u00e3o aliment\u00edcia), a contabilidade deve intervir no c\u00e1lculo t\u00e9cnico para impedir a viola\u00e7\u00e3o do princ\u00edpio constitucional de intangibilidade do sal\u00e1rio.<\/p>\n\n\n\n<h2 class=\"wp-block-heading\">Como Funciona o Desligamento do Funcion\u00e1rio (Rescis\u00e3o)?<\/h2>\n\n\n\n<p class=\"wp-block-paragraph\">Em caso de demiss\u00e3o do funcion\u00e1rio que possui um contrato ativo do Cr\u00e9dito do Trabalhador, as regras tamb\u00e9m seguem diretrizes claras quanto ao uso de garantias financeiras. No novo formato, o saldo do FGTS e a multa rescis\u00f3ria podem atuar formalmente como garantia.<\/p>\n\n\n\n<p class=\"wp-block-paragraph\"><strong>1.Checagem do Saldo Devedor:<\/strong> Imediato.<\/p>\n\n\n\n<p class=\"wp-block-paragraph\">A empresa deve consultar o extrato do eSocial\/banco para identificar o saldo devedor remanescente atrelado ao CPF do demitido.<\/p>\n\n\n\n<p class=\"wp-block-paragraph\"><strong>2.Reten\u00e7\u00e3o de Verbas Rescis\u00f3rias:<\/strong> Fechamento do TRCT.<\/p>\n\n\n\n<p class=\"wp-block-paragraph\">A empresa pode reter no <strong>m\u00e1ximo 35%<\/strong> do valor l\u00edquido das verbas rescis\u00f3rias da folha (como saldo salarial e proporcionais de 13\u00ba e f\u00e9rias) para repassar \u00e0 institui\u00e7\u00e3o financeira.<\/p>\n\n\n\n<p class=\"wp-block-paragraph\"><strong>3.Garantias Banc\u00e1rias Diretas:<\/strong> Uso do FGTS.<\/p>\n\n\n\n<p class=\"wp-block-paragraph\">O banco poder\u00e1 acionar o abatimento de at\u00e9 <strong>10% do saldo do FGTS<\/strong> e at\u00e9 <strong>100% da multa rescis\u00f3ria (40%)<\/strong>, de acordo com o que o trabalhador optou no momento da contrata\u00e7\u00e3o.<\/p>\n\n\n\n<p class=\"wp-block-paragraph\"><strong>4.Extin\u00e7\u00e3o da Obriga\u00e7\u00e3o da Empresa:<\/strong> Fim do V\u00ednculo.<\/p>\n\n\n\n<p class=\"wp-block-paragraph\">Realizados os repasses dos limites legais e a comunica\u00e7\u00e3o da dispensa no eSocial, a empresa est\u00e1 juridicamente isenta de qualquer cobran\u00e7a posterior. O saldo restante passa a ser cobrado diretamente da pessoa f\u00edsica.<\/p>\n\n\n\n<h2 class=\"wp-block-heading\">Conclus\u00e3o: Mantenha Seu DP Protegido com Suporte Especializado<\/h2>\n\n\n\n<p class=\"wp-block-paragraph\">O fim da necessidade do conv\u00eanio pr\u00e9vio para o consignado CLT tirou a burocracia do trabalhador, mas exige aten\u00e7\u00e3o redobrada das rotinas internas de fechamento de folha. A empresa que falha nos c\u00e1lculos de margem ou atrasa o processamento dos repasses assume riscos trabalhistas, fiscais e c\u00edveis severos de maneira desnecess\u00e1ria.<\/p>\n\n\n\n<p class=\"wp-block-paragraph\">Quer assegurar a blindagem operacional dos seus processos de eSocial, folha de pagamento e rotinas trabalhistas?<\/p>\n\n\n\n<p class=\"wp-block-paragraph\"><strong>Entre em contato com a M\u00faltipla Assessoria e Contabilidade!<\/strong> Nossos especialistas est\u00e3o prontos para garantir que sua empresa permane\u00e7a em total conformidade e livre de conting\u00eancias. <\/p>\n\n\n\n<h1 class=\"wp-block-heading\">Fontes das Informa\u00e7\u00f5es<\/h1>\n\n\n\n<ul class=\"wp-block-list\">\n<li><strong>Serasa Cr\u00e9dito:<\/strong> <a href=\"https:\/\/www.serasa.com.br\/credito\/blog\/consignado-clt-confira-vantagens-desvantagens\/\" target=\"_blank\" rel=\"noreferrer noopener\">Empr\u00e9stimo: quais as vantagens do consignado CLT<\/a> \u2013 An\u00e1lise operacional do Cr\u00e9dito do Trabalhador e novos canais de contrata\u00e7\u00e3o via CTPS Digital sem conv\u00eanio pr\u00e9vio.<\/li>\n\n\n\n<li><strong>Presid\u00eancia da Rep\u00fablica (Legisla\u00e7\u00e3o Federal):<\/strong> <a href=\"https:\/\/www.google.com\/search?q=http:\/\/www.planalto.gov.br\/ccivil_03\/leis\/2003\/l10.820.htm\" target=\"_blank\" rel=\"noreferrer noopener\">Lei n\u00ba 10.820, de 17 de dezembro de 2003<\/a> \u2013 Regulamenta\u00e7\u00e3o de descontos em folha de pagamento e par\u00e2metros de reten\u00e7\u00e3o em rescis\u00f5es contratuais.<\/li>\n\n\n\n<li><strong>Consolida\u00e7\u00e3o das Leis do Trabalho (CLT):<\/strong> Artigo 462 \u2013 Regras sobre o limite legal de descontos salariais e preceitos de prote\u00e7\u00e3o \u00e0 remunera\u00e7\u00e3o.<\/li>\n<\/ul>\n","protected":false},"excerpt":{"rendered":"<p>O mercado de cr\u00e9dito para profissionais com carteira assinada passou por uma transforma\u00e7\u00e3o profunda. Historicamente, um funcion\u00e1rio do setor privado s\u00f3 conseguia contratar um empr\u00e9stimo consignado se a empresa em que trabalhava possu\u00edsse um conv\u00eanio direto com o banco. Com a consolida\u00e7\u00e3o do programa Cr\u00e9dito do Trabalhador (tamb\u00e9m conhecido como a nova modalidade do consignado [&hellip;]<\/p>\n","protected":false},"author":1,"featured_media":6041,"comment_status":"open","ping_status":"open","sticky":false,"template":"","format":"standard","meta":{"footnotes":""},"categories":[1],"tags":[],"class_list":["post-6040","post","type-post","status-publish","format-standard","has-post-thumbnail","hentry","category-uncategorized"],"_links":{"self":[{"href":"https:\/\/multiplacontabil.com.br\/blog\/wp-json\/wp\/v2\/posts\/6040","targetHints":{"allow":["GET"]}}],"collection":[{"href":"https:\/\/multiplacontabil.com.br\/blog\/wp-json\/wp\/v2\/posts"}],"about":[{"href":"https:\/\/multiplacontabil.com.br\/blog\/wp-json\/wp\/v2\/types\/post"}],"author":[{"embeddable":true,"href":"https:\/\/multiplacontabil.com.br\/blog\/wp-json\/wp\/v2\/users\/1"}],"replies":[{"embeddable":true,"href":"https:\/\/multiplacontabil.com.br\/blog\/wp-json\/wp\/v2\/comments?post=6040"}],"version-history":[{"count":1,"href":"https:\/\/multiplacontabil.com.br\/blog\/wp-json\/wp\/v2\/posts\/6040\/revisions"}],"predecessor-version":[{"id":6042,"href":"https:\/\/multiplacontabil.com.br\/blog\/wp-json\/wp\/v2\/posts\/6040\/revisions\/6042"}],"wp:featuredmedia":[{"embeddable":true,"href":"https:\/\/multiplacontabil.com.br\/blog\/wp-json\/wp\/v2\/media\/6041"}],"wp:attachment":[{"href":"https:\/\/multiplacontabil.com.br\/blog\/wp-json\/wp\/v2\/media?parent=6040"}],"wp:term":[{"taxonomy":"category","embeddable":true,"href":"https:\/\/multiplacontabil.com.br\/blog\/wp-json\/wp\/v2\/categories?post=6040"},{"taxonomy":"post_tag","embeddable":true,"href":"https:\/\/multiplacontabil.com.br\/blog\/wp-json\/wp\/v2\/tags?post=6040"}],"curies":[{"name":"wp","href":"https:\/\/api.w.org\/{rel}","templated":true}]}}