{"id":6023,"date":"2026-06-15T15:36:58","date_gmt":"2026-06-15T15:36:58","guid":{"rendered":"https:\/\/multiplacontabil.com.br\/blog\/?p=6023"},"modified":"2026-06-15T15:36:58","modified_gmt":"2026-06-15T15:36:58","slug":"nova-nr-1-saude-mental","status":"publish","type":"post","link":"https:\/\/multiplacontabil.com.br\/blog\/2026\/06\/15\/nova-nr-1-saude-mental\/","title":{"rendered":"Nova NR-1 e Sa\u00fade Mental: O Que Muda para as Empresas?"},"content":{"rendered":"\n<p class=\"wp-block-paragraph\">O cen\u00e1rio da gest\u00e3o corporativa no Brasil mudou. A <strong>nova NR-1 sa\u00fade mental<\/strong> entrou oficialmente em vigor, trazendo transforma\u00e7\u00f5es profundas na rotina de empregadores e colaboradores. A partir de agora, a sa\u00fade emocional dos trabalhadores tem o mesmo peso legal que a integridade f\u00edsica.<\/p>\n\n\n\n<p class=\"wp-block-paragraph\">Deixar de olhar para o bem-estar ps\u00edquico da equipe deixou de ser uma falha de gest\u00e3o de pessoas para se tornar um <strong>grave risco jur\u00eddico, cont\u00e1bil e trabalhista<\/strong>. Com o recorde de afastamentos por transtornos mentais registrado no pa\u00eds, o Governo Federal integrou o mapeamento de <strong>riscos psicossociais no trabalho<\/strong> \u00e0s obriga\u00e7\u00f5es di\u00e1rias das organiza\u00e7\u00f5es.<\/p>\n\n\n\n<p class=\"wp-block-paragraph\">Sua empresa j\u00e1 est\u00e1 preparada para essa nova fiscaliza\u00e7\u00e3o? Neste artigo vamos detalhar o que muda na pr\u00e1tica e como proteger o seu neg\u00f3cio contra multas e passivos trabalhistas.<\/p>\n\n\n\n<h2 class=\"wp-block-heading\">O que \u00e9 a Nova NR-1 e qual o foco na Sa\u00fade Mental?<\/h2>\n\n\n\n<p class=\"wp-block-paragraph\">A Norma Regulamentadora n\u00ba 1 (NR-1) dita as diretrizes gerais de Sa\u00fade e Seguran\u00e7a do Trabalho (SST) no Brasil. Historicamente, ela orientava as empresas a mapear riscos f\u00edsicos, qu\u00edmicos e biol\u00f3gicos \u2014 como o ru\u00eddo de uma m\u00e1quina ou a exposi\u00e7\u00e3o a produtos nocivos.<\/p>\n\n\n\n<p class=\"wp-block-paragraph\">Com a publica\u00e7\u00e3o da Portaria MTE n\u00ba 1.419, o Minist\u00e9rio do Trabalho e Emprego mudou essa abordagem. A <strong>atualiza\u00e7\u00e3o da NR-1<\/strong> inseriu obrigatoriamente os riscos psicossociais dentro do Gerenciamento de Riscos Ocupacionais (GRO).<\/p>\n\n\n\n<blockquote class=\"wp-block-quote is-layout-flow wp-block-quote-is-layout-flow\">\n<p class=\"wp-block-paragraph\"><strong>O que isso significa?<\/strong> A sa\u00fade mental agora faz parte da legisla\u00e7\u00e3o ativa de seguran\u00e7a. As empresas passam a ser diretamente respons\u00e1veis por prevenir o adoecimento mental causado pelo ambiente corporativo.<\/p>\n<\/blockquote>\n\n\n\n<h2 class=\"wp-block-heading\">Quais s\u00e3o os Riscos Psicossociais que a sua empresa deve mapear?<\/h2>\n\n\n\n<p class=\"wp-block-paragraph\">Muitos gestores t\u00eam d\u00favidas sobre o que se enquadra como um risco \u00e0 sa\u00fade mental sob a \u00f3tica da fiscaliza\u00e7\u00e3o. A lei n\u00e3o pune o sofrimento individual que o trabalhador traz de fora, mas sim os gatilhos gerados pela pr\u00f3pria empresa.<\/p>\n\n\n\n<p class=\"wp-block-paragraph\">Os principais <strong>riscos psicossociais no trabalho<\/strong> que precisam ser monitorados incluem:<\/p>\n\n\n\n<ul class=\"wp-block-list\">\n<li><strong>Ass\u00e9dio moral e sexual:<\/strong> Ambientes que toleram persegui\u00e7\u00f5es, humilha\u00e7\u00f5es ou condutas abusivas.<\/li>\n\n\n\n<li><strong>Metas abusivas e cobran\u00e7a excessiva:<\/strong> Press\u00e3o desproporcional que ultrapassa os limites saud\u00e1veis de produtividade.<\/li>\n\n\n\n<li><strong>Jornadas exaustivas:<\/strong> Falta de descanso adequado ou sobrecarga cr\u00f4nica de tarefas.<\/li>\n\n\n\n<li><strong>Ambiente de trabalho t\u00f3xico:<\/strong> Falta de suporte das lideran\u00e7as, conflitos constantes e isolamento do colaborador.<\/li>\n<\/ul>\n\n\n\n<p class=\"wp-block-paragraph\">Esses fatores s\u00e3o apontados por especialistas como os principais causadores da S\u00edndrome de Burnout, depress\u00e3o e crises de ansiedade na rotina corporativa.<\/p>\n\n\n\n<h3 class=\"wp-block-heading\">O Impacto da Mudan\u00e7a no Programa de Gerenciamento de Riscos (PGR)<\/h3>\n\n\n\n<p class=\"wp-block-paragraph\">Na pr\u00e1tica, a grande mudan\u00e7a operacional acontece dentro do <strong>Programa de Gerenciamento de Riscos (PGR)<\/strong>. Toda empresa que possui funcion\u00e1rios registrados precisa atualizar este documento imediatamente.<\/p>\n\n\n\n<p class=\"wp-block-paragraph\">A organiza\u00e7\u00e3o deve implementar um processo cont\u00ednuo de identifica\u00e7\u00e3o de perigos psicossociais, avaliando a gravidade de cada situa\u00e7\u00e3o e criando planos de a\u00e7\u00e3o pr\u00e1ticos. Isso inclui o desenvolvimento de canais seguros e an\u00f4nimos para den\u00fancias de ass\u00e9dio, al\u00e9m de treinamentos peri\u00f3dicos para que as lideran\u00e7as aprendam a gerir equipes sem exercer press\u00e3o t\u00f3xica.<\/p>\n\n\n\n<p class=\"wp-block-paragraph\">Se o PGR da sua empresa ignorar os fatores psicol\u00f3gicos a partir de agora, o documento ser\u00e1 considerado incompleto pela auditoria fiscal do trabalho, o que invalida sua conformidade legal.<\/p>\n\n\n\n<h3 class=\"wp-block-heading\">Riscos Financeiros e Administrativos do Descumprimento<\/h3>\n\n\n\n<p class=\"wp-block-paragraph\">A neglig\u00eancia com a <strong>nova NR-1 sa\u00fade mental<\/strong> pode custar muito caro para o fluxo de caixa do seu neg\u00f3cio. As puni\u00e7\u00f5es v\u00e3o muito al\u00e9m das tradicionais san\u00e7\u00f5es administrativas.<\/p>\n\n\n\n<ul class=\"wp-block-list\">\n<li><strong>Multas do MTE:<\/strong> Penalidades financeiras aplicadas diretamente pela fiscaliza\u00e7\u00e3o do trabalho.<\/li>\n\n\n\n<li><strong>Aumento do FAP:<\/strong> O Fator Acident\u00e1rio Previdenci\u00e1rio sobe quando h\u00e1 muitos afastamentos, elevando os impostos sobre a folha de pagamento.<\/li>\n\n\n\n<li><strong>Processos Trabalhistas:<\/strong> Indeniza\u00e7\u00f5es pesadas por danos morais decorrentes de Burnout ou ass\u00e9dio.<\/li>\n\n\n\n<li><strong>Preju\u00edzo de Produtividade:<\/strong> Queda nos resultados operacionais motivada pelo des\u00e2nimo geral e rotatividade de pessoal (<em>turnover<\/em>).<\/li>\n<\/ul>\n\n\n\n<h2 class=\"wp-block-heading\">Como adequar a empresa \u00e0s novas exig\u00eancias?<\/h2>\n\n\n\n<p class=\"wp-block-paragraph\">A adequa\u00e7\u00e3o \u00e0 nova NR-1 exige uma forte sinergia entre o setor de Recursos Humanos, a medicina do trabalho e a sua assessoria cont\u00e1bil. Toda altera\u00e7\u00e3o de afastamentos, atestados e riscos precisa ser reportada de forma impec\u00e1vel ao eSocial para evitar multas autom\u00e1ticas.<\/p>\n\n\n\n<p class=\"wp-block-paragraph\">Para garantir a total conformidade, sua empresa deve seguir tr\u00eas passos fundamentais:<\/p>\n\n\n\n<ol start=\"1\" class=\"wp-block-list\">\n<li><strong>Revis\u00e3o das Pol\u00edticas Internas:<\/strong> Atualizar o c\u00f3digo de conduta e estabelecer canais r\u00edgidos contra o ass\u00e9dio.<\/li>\n\n\n\n<li><strong>Integra\u00e7\u00e3o com a Medicina do Trabalho:<\/strong> Garantir que a cl\u00ednica de SST contratada inclua os fatores psicossociais nos laudos e no PGR.<\/li>\n\n\n\n<li><strong>Planejamento Cont\u00e1bil-Trabalhista:<\/strong> Cruzar os dados de afastamentos com o departamento pessoal para monitorar o impacto tribut\u00e1rio na folha de pagamento.<\/li>\n<\/ol>\n\n\n\n<h2 class=\"wp-block-heading\">Conclus\u00e3o: Proteja sua empresa com o suporte da M\u00faltipla<\/h2>\n\n\n\n<p class=\"wp-block-paragraph\">A <strong>nova NR-1 sa\u00fade mental<\/strong> consolida uma mudan\u00e7a de paradigma essencial: empresas saud\u00e1veis dependem de pessoas saud\u00e1veis. O mapeamento dos riscos psicossociais e a reformula\u00e7\u00e3o do PGR n\u00e3o s\u00e3o apenas obriga\u00e7\u00f5es burocr\u00e1ticas, mas passos estrat\u00e9gicos para proteger o patrim\u00f4nio do seu neg\u00f3cio e evitar passivos judiciais devastadores.<\/p>\n\n\n\n<p class=\"wp-block-paragraph\">Adaptar a sua empresa a essa nova realidade exige conhecimento t\u00e9cnico, seguran\u00e7a jur\u00eddica e processos cont\u00e1beis alinhados. Na <strong>M\u00faltipla Assessoria e Contabilidade<\/strong>, n\u00f3s temos a solu\u00e7\u00e3o exata que o seu neg\u00f3cio precisa. Cuidamos de toda a intelig\u00eancia trabalhista, previdenci\u00e1ria e cont\u00e1bil para que voc\u00ea possa focar no crescimento da sua empresa com total tranquilidade.<\/p>\n\n\n\n<p class=\"wp-block-paragraph\"><strong>N\u00e3o espere uma fiscaliza\u00e7\u00e3o ou um processo trabalhista bater \u00e0 sua porta. <a href=\"https:\/\/wa.me\/5511981963842\" data-type=\"link\" data-id=\"https:\/\/wa.me\/5511981963842\" target=\"_blank\" rel=\"noreferrer noopener\">Clique aqui e entre em contato agora mesmo com a equipe de especialistas da M\u00faltipla Assessoria e Contabilidade<\/a> para agendar uma consultoria e blindar o seu neg\u00f3cio contra os riscos da nova NR-1!<\/strong><\/p>\n\n\n\n<h3 class=\"wp-block-heading\">Fontes das Informa\u00e7\u00f5es<\/h3>\n\n\n\n<ul class=\"wp-block-list\">\n<li><a href=\"https:\/\/www.gov.br\/trabalho-e-emprego\/pt-br\/acesso-a-informacao\/participacao-social\/conselhos-e-orgaos-colegiados\/comissao-tripartite-partitaria-permanente\/normas-regulamentadora\/normas-regulamentadoras-vigentes\/nr-1\" target=\"_blank\" rel=\"noreferrer noopener\">Minist\u00e9rio do Trabalho e Emprego<\/a><\/li>\n\n\n\n<li><a href=\"https:\/\/www.cnnbrasil.com.br\/saude\/nr-1-entenda-o-que-muda-e-importancia-da-nova-norma-segundo-especialistas\/\" target=\"_blank\" rel=\"noreferrer noopener\">CNN Brasil<\/a><\/li>\n\n\n\n<li><a href=\"https:\/\/g1.globo.com\/trabalho-e-carreira\/noticia\/2026\/05\/27\/nr-1-o-que-muda-para-o-trabalhador-com-a-nova-regra-sobre-saude-mental-no-trabalho.ghtml\" target=\"_blank\" rel=\"noreferrer noopener\">G1 Economia<\/a><\/li>\n<\/ul>\n\n\n\n<p class=\"wp-block-paragraph\"><\/p>\n","protected":false},"excerpt":{"rendered":"<p>O cen\u00e1rio da gest\u00e3o corporativa no Brasil mudou. A nova NR-1 sa\u00fade mental entrou oficialmente em vigor, trazendo transforma\u00e7\u00f5es profundas na rotina de empregadores e colaboradores. A partir de agora, a sa\u00fade emocional dos trabalhadores tem o mesmo peso legal que a integridade f\u00edsica. Deixar de olhar para o bem-estar ps\u00edquico da equipe deixou de [&hellip;]<\/p>\n","protected":false},"author":1,"featured_media":6024,"comment_status":"open","ping_status":"open","sticky":false,"template":"","format":"standard","meta":{"footnotes":""},"categories":[20,229],"tags":[73,48,233,231,230,232],"class_list":["post-6023","post","type-post","status-publish","format-standard","has-post-thumbnail","hentry","category-departamento-pessoal","category-gestao-trabalhista","tag-esocial","tag-legislacao-trabalhista","tag-nr-1","tag-pgr","tag-riscos-psicossociais","tag-saude-mental-no-trabalho"],"_links":{"self":[{"href":"https:\/\/multiplacontabil.com.br\/blog\/wp-json\/wp\/v2\/posts\/6023","targetHints":{"allow":["GET"]}}],"collection":[{"href":"https:\/\/multiplacontabil.com.br\/blog\/wp-json\/wp\/v2\/posts"}],"about":[{"href":"https:\/\/multiplacontabil.com.br\/blog\/wp-json\/wp\/v2\/types\/post"}],"author":[{"embeddable":true,"href":"https:\/\/multiplacontabil.com.br\/blog\/wp-json\/wp\/v2\/users\/1"}],"replies":[{"embeddable":true,"href":"https:\/\/multiplacontabil.com.br\/blog\/wp-json\/wp\/v2\/comments?post=6023"}],"version-history":[{"count":1,"href":"https:\/\/multiplacontabil.com.br\/blog\/wp-json\/wp\/v2\/posts\/6023\/revisions"}],"predecessor-version":[{"id":6025,"href":"https:\/\/multiplacontabil.com.br\/blog\/wp-json\/wp\/v2\/posts\/6023\/revisions\/6025"}],"wp:featuredmedia":[{"embeddable":true,"href":"https:\/\/multiplacontabil.com.br\/blog\/wp-json\/wp\/v2\/media\/6024"}],"wp:attachment":[{"href":"https:\/\/multiplacontabil.com.br\/blog\/wp-json\/wp\/v2\/media?parent=6023"}],"wp:term":[{"taxonomy":"category","embeddable":true,"href":"https:\/\/multiplacontabil.com.br\/blog\/wp-json\/wp\/v2\/categories?post=6023"},{"taxonomy":"post_tag","embeddable":true,"href":"https:\/\/multiplacontabil.com.br\/blog\/wp-json\/wp\/v2\/tags?post=6023"}],"curies":[{"name":"wp","href":"https:\/\/api.w.org\/{rel}","templated":true}]}}