{"id":6007,"date":"2026-06-05T15:23:31","date_gmt":"2026-06-05T15:23:31","guid":{"rendered":"https:\/\/multiplacontabil.com.br\/blog\/?p=6007"},"modified":"2026-06-05T15:59:22","modified_gmt":"2026-06-05T15:59:22","slug":"reforma-tributaria-pessoa-fisica","status":"publish","type":"post","link":"https:\/\/multiplacontabil.com.br\/blog\/2026\/06\/05\/reforma-tributaria-pessoa-fisica\/","title":{"rendered":"Reforma Tribut\u00e1ria Pessoa F\u00edsica: O impacto real no seu patrim\u00f4nio e consumo"},"content":{"rendered":"\n<p class=\"wp-block-paragraph\">A promulga\u00e7\u00e3o da Emenda Constitucional 132\/2023 consolidou a maior virada de chave no sistema fiscal brasileiro dos \u00faltimos sessenta anos. Embora os debates p\u00fablicos estejam centralizados no ambiente corporativo, a <strong>reforma tribut\u00e1ria pessoa f\u00edsica<\/strong> trar\u00e1 altera\u00e7\u00f5es estruturais profundas que v\u00e3o atingir diretamente o patrim\u00f4nio, o consumo e o planejamento familiar dos cidad\u00e3os.<\/p>\n\n\n\n<p class=\"wp-block-paragraph\">A transi\u00e7\u00e3o para o modelo de IVA (Imposto sobre Valor Agregado) \u2014 dividido entre a CBS (federal) e o IBS (estadual e municipal) \u2014 reformular\u00e1 a precifica\u00e7\u00e3o de bens e servi\u00e7os. Como investidor, propriet\u00e1rio ou consumidor, entender o <strong>impacto da reforma tribut\u00e1ria no bolso<\/strong> \u00e9 o primeiro passo para proteger seus rendimentos e reestruturar suas finan\u00e7as.<\/p>\n\n\n\n<h2 class=\"wp-block-heading\">Tributa\u00e7\u00e3o do Consumo: O Modelo IVA e o Impacto nos Pre\u00e7os<\/h2>\n\n\n\n<p class=\"wp-block-paragraph\">A espinha dorsal da transi\u00e7\u00e3o fiscal \u00e9 a extin\u00e7\u00e3o gradual de cinco tributos (PIS, Cofins, IPI, ICMS e ISS), que ser\u00e3o unificados pelo IVA Dual. Para o cidad\u00e3o comum, a mudan\u00e7a n\u00e3o ser\u00e1 homog\u00eanea: haver\u00e1 uma recalibra\u00e7\u00e3o imediata de pre\u00e7os relativos entre produtos e servi\u00e7os.<\/p>\n\n\n\n<h3 class=\"wp-block-heading\">O que fica mais caro e o que fica mais barato?<\/h3>\n\n\n\n<ul class=\"wp-block-list\">\n<li><strong>Servi\u00e7os em alta:<\/strong> Setores que contratam diretamente pessoas f\u00edsicas (como educa\u00e7\u00e3o privada, sa\u00fade e profissionais liberais) tendem a sofrer aumento de al\u00edquota nominal. Contudo, haver\u00e1 regimes diferenciados com redu\u00e7\u00e3o de <strong>30% a 60%<\/strong> para categorias m\u00e9dicas e de ensino. <em>(Dica: Saiba como mitigar esses efeitos lendo nosso artigo sobre <a href=\"https:\/\/multiplacontabil.com.br\/blog\/servicos\/assessoria-fiscal-e-tributaria\/\" target=\"_blank\" rel=\"noreferrer noopener\">planejamento tribut\u00e1rio para prestadores de servi\u00e7os<\/a>).<\/em><\/li>\n\n\n\n<li><strong>Cesta B\u00e1sica Nacional:<\/strong> Isen\u00e7\u00e3o total de IBS e CBS para uma lista selecionada de produtos essenciais de alimenta\u00e7\u00e3o, visando garantir a seguran\u00e7a alimentar e mitigar a regressividade.<\/li>\n\n\n\n<li><strong>Imposto Seletivo:<\/strong> Apelidado de &#8220;Imposto do Pecado&#8221;, esta sobretaxa incidir\u00e1 sobre produtos prejudiciais \u00e0 sa\u00fade ou ao meio ambiente, como cigarros, bebidas alco\u00f3licas e ve\u00edculos poluentes.<\/li>\n<\/ul>\n\n\n\n<h3 class=\"wp-block-heading\">H3: O Mecanismo de Cashback de Impostos<\/h3>\n\n\n\n<p class=\"wp-block-paragraph\">Uma das maiores inova\u00e7\u00f5es sociais da proposta \u00e9 a devolu\u00e7\u00e3o de parte dos tributos recolhidos \u2014 o chamado <strong>cashback de impostos<\/strong>. O foco inicial est\u00e1 em fam\u00edlias de baixa renda, aplicando-se a servi\u00e7os essenciais como energia el\u00e9trica, \u00e1gua e g\u00e1s de cozinha, devolvendo o imposto retido na fonte de forma automatizada.<\/p>\n\n\n\n<h2 class=\"wp-block-heading\">H2: Impostos sobre o Patrim\u00f4nio: O Novo Cen\u00e1rio para Heran\u00e7as e Ve\u00edculos<\/h2>\n\n\n\n<p class=\"wp-block-paragraph\">A altera\u00e7\u00e3o legislativa n\u00e3o se limitou ao consumo; ela modificou significativamente a base de c\u00e1lculo, a compet\u00eancia e a progressividade dos impostos sobre a propriedade.<\/p>\n\n\n\n<figure class=\"wp-block-table\"><table class=\"has-fixed-layout\"><thead><tr><td><strong>Imposto<\/strong><\/td><td><strong>O que muda com a Nova Regra<\/strong><\/td><td><strong>Impacto Direto<\/strong><\/td><\/tr><\/thead><tbody><tr><td><strong>ITCMD<\/strong><\/td><td>Progressividade obrigat\u00f3ria vinculada ao valor do quinh\u00e3o\/doa\u00e7\u00e3o.<\/td><td>Al\u00edquotas maiores para grandes heran\u00e7as.<\/td><\/tr><tr><td><strong>IPVA<\/strong><\/td><td>Inclus\u00e3o de novos modais e al\u00edquota progressiva ambiental.<\/td><td>Onera\u00e7\u00e3o de bens de luxo e incentivo a el\u00e9tricos.<\/td><\/tr><tr><td><strong>IPTU<\/strong><\/td><td>Autoriza\u00e7\u00e3o para atualiza\u00e7\u00e3o da base de c\u00e1lculo por decreto do Executivo.<\/td><td>Reajustes mais \u00e1geis baseados em crit\u00e9rios municipais.<\/td><\/tr><\/tbody><\/table><\/figure>\n\n\n\n<h3 class=\"wp-block-heading\">H3: Mudan\u00e7as no Imposto sobre Heran\u00e7a Reforma Tribut\u00e1ria<\/h3>\n\n\n\n<p class=\"wp-block-paragraph\">O ITCMD (Imposto sobre Transmiss\u00e3o Causa Mortis e Doa\u00e7\u00e3o) passa a ser <strong>obrigatoriamente progressivo<\/strong> em todos os estados da federa\u00e7\u00e3o, respeitando o teto atual do Senado Federal de <strong>8%<\/strong>. Estados que antes aplicavam al\u00edquotas fixas baixas (como S\u00e3o Paulo, que cobra 4% linear) ter\u00e3o de escalonar suas tabelas. Portanto, o <strong>imposto sobre heran\u00e7a reforma tribut\u00e1ria<\/strong> pesar\u00e1 substancialmente mais sobre herdeiros de grandes patrim\u00f4nios.<\/p>\n\n\n\n<p class=\"wp-block-paragraph\">Al\u00e9m disso, a cobran\u00e7a passar\u00e1 a ser realizada no domic\u00edlio da pessoa falecida, inviabilizando pr\u00e1ticas comuns de abrir invent\u00e1rios em estados com menor tributa\u00e7\u00e3o. Essa mudan\u00e7a torna o planejamento sucess\u00f3rio preventivo e a estrutura\u00e7\u00e3o de <em>holdings<\/em> familiares uma urg\u00eancia financeira.<\/p>\n\n\n\n<h3 class=\"wp-block-heading\">H3: IPVA Jatinhos e Iates e o Crit\u00e9rio Ecol\u00f3gico<\/h3>\n\n\n\n<p class=\"wp-block-paragraph\">O IPVA deixa de ser um imposto puramente terrestre. Com a regulamenta\u00e7\u00e3o do <strong>IPVA jatinhos e iates<\/strong>, propriet\u00e1rios de aeronaves civis e embarca\u00e7\u00f5es de recreio ou esporte passar\u00e3o a ser tributados regularmente. Adicionalmente, a al\u00edquota de ve\u00edculos automotores terrestres poder\u00e1 variar conforme o impacto ambiental do combust\u00edvel ou do motor, premiando frotas eletrificadas e onerando motores a combust\u00e3o tradicional.<\/p>\n\n\n\n<h2 class=\"wp-block-heading\">H2: Conclus\u00e3o: Prepare o seu Planejamento Financeiro com a M\u00faltipla<\/h2>\n\n\n\n<p class=\"wp-block-paragraph\">A transi\u00e7\u00e3o da <strong>reforma tribut\u00e1ria pessoa f\u00edsica<\/strong> ser\u00e1 gradual, estendendo-se com regras de transi\u00e7\u00e3o at\u00e9 2033, mas as decis\u00f5es estrat\u00e9gicas para mitigar riscos patrimoniais come\u00e7am agora. A progressividade for\u00e7ada do imposto sobre heran\u00e7as e o novo dinamismo do IPTU exigem uma auditoria patrimonial imediata para blindar legalmente seus bens contra perdas financeiras severas.<\/p>\n\n\n\n<p class=\"wp-block-paragraph\">Evite que a transi\u00e7\u00e3o fiscal comprometa o patrim\u00f4nio que voc\u00ea construiu. Deseja entender como essas novas al\u00edquotas incidir\u00e3o diretamente sobre seus investimentos, im\u00f3veis ou empresas?<\/p>\n\n\n\n<p class=\"wp-block-paragraph\"><strong>Entre em contato direto com os especialistas da <a href=\"https:\/\/multiplacontabil.com.br\/blog\/contato\/\" data-type=\"page\" data-id=\"226\" target=\"_blank\" rel=\"noreferrer noopener\">M\u00faltipla Assessoria e Contabilidade<\/a> para desenharmos o seu planejamento sucess\u00f3rio e tribut\u00e1rio personalizado.<\/strong><\/p>\n\n\n\n<h3 class=\"wp-block-heading\">Fontes das Informa\u00e7\u00f5es<\/h3>\n\n\n\n<ul class=\"wp-block-list\">\n<li><a href=\"https:\/\/www.planalto.gov.br\/ccivil_03\/constituicao\/emendas\/emc\/emc132.htm\" target=\"_blank\" rel=\"noreferrer noopener\">Emenda Constitucional n\u00ba 132\/2023 &#8211; Planalto<\/a><\/li>\n\n\n\n<li><a href=\"https:\/\/www.gov.br\/fazenda\/pt-br\/acesso-a-informacao\/acoes-e-programas\/reforma-tributaria\" target=\"_blank\" rel=\"noreferrer noopener\">Minist\u00e9rio da Fazenda &#8211; Guia da Reforma Tribut\u00e1ria<\/a><\/li>\n\n\n\n<li><a href=\"https:\/\/www.camara.leg.br\/proposicoesWeb\/fichadetramitacao?idProposicao=2430143\" target=\"_blank\" rel=\"noreferrer noopener\">Texto de Regulamenta\u00e7\u00e3o da Reforma (PLP 68\/2024) &#8211; C\u00e2mara dos Deputados<\/a><\/li>\n<\/ul>\n\n\n\n<p class=\"wp-block-paragraph\"><\/p>\n","protected":false},"excerpt":{"rendered":"<p>A promulga\u00e7\u00e3o da Emenda Constitucional 132\/2023 consolidou a maior virada de chave no sistema fiscal brasileiro dos \u00faltimos sessenta anos. Embora os debates p\u00fablicos estejam centralizados no ambiente corporativo, a reforma tribut\u00e1ria pessoa f\u00edsica trar\u00e1 altera\u00e7\u00f5es estruturais profundas que v\u00e3o atingir diretamente o patrim\u00f4nio, o consumo e o planejamento familiar dos cidad\u00e3os. A transi\u00e7\u00e3o para [&hellip;]<\/p>\n","protected":false},"author":1,"featured_media":5849,"comment_status":"open","ping_status":"open","sticky":false,"template":"","format":"standard","meta":{"footnotes":""},"categories":[81,139],"tags":[227,224,226,225,223,228,52],"class_list":["post-6007","post","type-post","status-publish","format-standard","has-post-thumbnail","hentry","category-planejamento-tributario","category-reforma-tributaria","tag-cashback-de-impostos","tag-imposto-sobre-heranca","tag-ipva","tag-itcmd","tag-pessoa-fisica","tag-planejamento-patrimonial","tag-reforma-tributaria"],"_links":{"self":[{"href":"https:\/\/multiplacontabil.com.br\/blog\/wp-json\/wp\/v2\/posts\/6007","targetHints":{"allow":["GET"]}}],"collection":[{"href":"https:\/\/multiplacontabil.com.br\/blog\/wp-json\/wp\/v2\/posts"}],"about":[{"href":"https:\/\/multiplacontabil.com.br\/blog\/wp-json\/wp\/v2\/types\/post"}],"author":[{"embeddable":true,"href":"https:\/\/multiplacontabil.com.br\/blog\/wp-json\/wp\/v2\/users\/1"}],"replies":[{"embeddable":true,"href":"https:\/\/multiplacontabil.com.br\/blog\/wp-json\/wp\/v2\/comments?post=6007"}],"version-history":[{"count":2,"href":"https:\/\/multiplacontabil.com.br\/blog\/wp-json\/wp\/v2\/posts\/6007\/revisions"}],"predecessor-version":[{"id":6012,"href":"https:\/\/multiplacontabil.com.br\/blog\/wp-json\/wp\/v2\/posts\/6007\/revisions\/6012"}],"wp:featuredmedia":[{"embeddable":true,"href":"https:\/\/multiplacontabil.com.br\/blog\/wp-json\/wp\/v2\/media\/5849"}],"wp:attachment":[{"href":"https:\/\/multiplacontabil.com.br\/blog\/wp-json\/wp\/v2\/media?parent=6007"}],"wp:term":[{"taxonomy":"category","embeddable":true,"href":"https:\/\/multiplacontabil.com.br\/blog\/wp-json\/wp\/v2\/categories?post=6007"},{"taxonomy":"post_tag","embeddable":true,"href":"https:\/\/multiplacontabil.com.br\/blog\/wp-json\/wp\/v2\/tags?post=6007"}],"curies":[{"name":"wp","href":"https:\/\/api.w.org\/{rel}","templated":true}]}}