{"id":6001,"date":"2026-05-25T17:12:24","date_gmt":"2026-05-25T17:12:24","guid":{"rendered":"https:\/\/multiplacontabil.com.br\/blog\/?p=6001"},"modified":"2026-05-25T17:12:24","modified_gmt":"2026-05-25T17:12:24","slug":"lgpd-para-pequenas-e-medias-empresas","status":"publish","type":"post","link":"https:\/\/multiplacontabil.com.br\/blog\/2026\/05\/25\/lgpd-para-pequenas-e-medias-empresas\/","title":{"rendered":"LGPD para pequenas e m\u00e9dias empresas: O guia definitivo para proteger o seu neg\u00f3cio"},"content":{"rendered":"\n<p class=\"wp-block-paragraph\">A Lei Geral de Prote\u00e7\u00e3o de Dados (LGPD) j\u00e1 \u00e9 uma realidade consolidada no cen\u00e1rio empresarial brasileiro. No entanto, um mito perigoso ainda circula pelos corredores do mercado: o de que apenas as grandes corpora\u00e7\u00f5es precisam de se preocupar com ela.<\/p>\n\n\n\n<p class=\"wp-block-paragraph\">Se gere uma Pequena ou M\u00e9dia Empresa (PME), a verdade \u00e9 direta: <strong>a LGPD tamb\u00e9m se aplica ao seu neg\u00f3cio<\/strong>. Desde a recolha do CPF de um cliente no balc\u00e3o at\u00e9 ao armazenamento dos dados dos seus pr\u00f3prios funcion\u00e1rios, a sua empresa lida com informa\u00e7\u00f5es pessoais diariamente.<\/p>\n\n\n\n<p class=\"wp-block-paragraph\">Ignorar estas regras n\u00e3o s\u00f3 exp\u00f5e a empresa a penaliza\u00e7\u00f5es pesadas, como tamb\u00e9m afasta clientes que hoje valorizam a privacidade. Neste guia, vai perceber como a LGPD impacta o seu neg\u00f3cio e quais os passos essenciais para a adequa\u00e7\u00e3o.<\/p>\n\n\n\n<h2 class=\"wp-block-heading\">O que \u00e9 a LGPD e por que ela importa para as PMEs?<\/h2>\n\n\n\n<p class=\"wp-block-paragraph\">A lei n\u00ba 13.709\/2018 regulamenta a forma como as empresas recolhem, armazenam, tratam e partilham dados de pessoas f\u00edsicas. O grande objetivo \u00e9 garantir a privacidade e dar ao cidad\u00e3o o controlo sobre as suas pr\u00f3prias informa\u00e7\u00f5es.<\/p>\n\n\n\n<p class=\"wp-block-paragraph\">Para as PMEs, a adequa\u00e7\u00e3o vai muito al\u00e9m de evitar problemas jur\u00eddicos. Ela funciona como um selo de reputa\u00e7\u00e3o. Empresas que respeitam a privacidade conquistam mais confian\u00e7a no mercado, fecham parcerias melhores e destacam-se da concorr\u00eancia.<\/p>\n\n\n\n<h3 class=\"wp-block-heading\">O que s\u00e3o considerados &#8220;dados pessoais&#8221;?<\/h3>\n\n\n\n<p class=\"wp-block-paragraph\">Para a lei, dado pessoal \u00e9 qualquer informa\u00e7\u00e3o que possa identificar uma pessoa, direta ou indiretamente. Isso inclui:<\/p>\n\n\n\n<ul class=\"wp-block-list\">\n<li>Nome, RG, CPF e endere\u00e7o;<\/li>\n\n\n\n<li>E-mail e n\u00famero de telefone;<\/li>\n\n\n\n<li>Dados de localiza\u00e7\u00e3o (GPS) e endere\u00e7o de IP.<\/li>\n<\/ul>\n\n\n\n<h3 class=\"wp-block-heading\">O cuidado redobrado com os Dados Sens\u00edveis<\/h3>\n\n\n\n<p class=\"wp-block-paragraph\">H\u00e1 tamb\u00e9m os chamados dados sens\u00edveis, que exigem uma camada extra de prote\u00e7\u00e3o. S\u00e3o informa\u00e7\u00f5es sobre origem racial, convic\u00e7\u00e3o religiosa, opini\u00e3o pol\u00edtica, filia\u00e7\u00e3o a sindicatos, al\u00e9m de <strong>dados de sa\u00fade ou biom\u00e9tricos<\/strong> \u2014 algo muito comum na gest\u00e3o de folhas de pagamento e RH.<\/p>\n\n\n\n<h2 class=\"wp-block-heading\">Quais s\u00e3o as multas e riscos para quem n\u00e3o se adequar?<\/h2>\n\n\n\n<p class=\"wp-block-paragraph\">A fiscaliza\u00e7\u00e3o \u00e9 feita pela ANPD (Autoridade Nacional de Prote\u00e7\u00e3o de Dados). As san\u00e7\u00f5es para quem desrespeita a legisla\u00e7\u00e3o s\u00e3o severas e podem inviabilizar a opera\u00e7\u00e3o de uma pequena empresa.<\/p>\n\n\n\n<p class=\"wp-block-paragraph\">As penaliza\u00e7\u00f5es administrativas incluem:<\/p>\n\n\n\n<ul class=\"wp-block-list\">\n<li><strong>Advert\u00eancias formais<\/strong>, com prazos para corre\u00e7\u00e3o dos erros;<\/li>\n\n\n\n<li><strong>Multas di\u00e1rias<\/strong> para for\u00e7ar a regulariza\u00e7\u00e3o;<\/li>\n\n\n\n<li><strong>Multas de at\u00e9 2% do faturamento<\/strong> da empresa, limitadas a R$ 50 milh\u00f5es por infra\u00e7\u00e3o;<\/li>\n\n\n\n<li><strong>Bloqueio ou elimina\u00e7\u00e3o dos dados<\/strong> pessoais da base, o que pode paralisar as suas vendas ou o seu marketing.<\/li>\n<\/ul>\n\n\n\n<blockquote class=\"wp-block-quote is-layout-flow wp-block-quote-is-layout-flow\">\n<p class=\"wp-block-paragraph\"><strong>O maior preju\u00edzo \u00e9 reputacional:<\/strong> Al\u00e9m do peso financeiro, ter o nome da sua empresa associado a um vazamento de dados destr\u00f3i a confian\u00e7a do cliente, algo dif\u00edcil de recuperar no mercado local.<\/p>\n<\/blockquote>\n\n\n\n<h2 class=\"wp-block-heading\">Flexibiliza\u00e7\u00e3o da LGPD para pequenas empresas: O que muda?<\/h2>\n\n\n\n<p class=\"wp-block-paragraph\">Felizmente, a ANPD publicou a Resolu\u00e7\u00e3o CD\/ANPD n\u00ba 2, que trouxe regras simplificadas para os agentes de tratamento de pequenas dimens\u00f5es (o que inclui as microempresas, empresas de pequeno porte e startups).<\/p>\n\n\n\n<p class=\"wp-block-paragraph\">As principais facilidades para as PMEs s\u00e3o:<\/p>\n\n\n\n<ul class=\"wp-block-list\">\n<li><strong>Dispensa da obrigatoriedade do DPO:<\/strong> N\u00e3o \u00e9 mais obrigat\u00f3rio contratar um Encarregado de Dados (DPO) fixo, embora seja necess\u00e1rio ter um canal de comunica\u00e7\u00e3o aberto com os clientes.<\/li>\n\n\n\n<li><strong>Prazos em dobro:<\/strong> Tempo alargado para responder a solicita\u00e7\u00f5es dos titulares de dados e da pr\u00f3pria ANPD.<\/li>\n\n\n\n<li><strong>Procedimentos simplificados:<\/strong> Modelos mais simples para o reporte de incidentes e para o registo das atividades de tratamento de dados.<\/li>\n<\/ul>\n\n\n\n<h2 class=\"wp-block-heading\">Passo a passo para iniciar a adequa\u00e7\u00e3o na sua PME<\/h2>\n\n\n\n<p class=\"wp-block-paragraph\">A adequa\u00e7\u00e3o \u00e9 um processo cont\u00ednuo, mas pode come\u00e7ar a ser desenhada com quatro passos pr\u00e1ticos na sua rotina operacional:<\/p>\n\n\n\n<ol class=\"wp-block-list\">\n<li><strong>Mapeamento de Dados (Data Mapping): <\/strong>Fase de Diagn\u00f3stico. \n<ul class=\"wp-block-list\">\n<li>Identifique onde os dados entram na sua empresa, quem tem acesso a eles, onde ficam guardados e quando s\u00e3o eliminados.<\/li>\n<\/ul>\n<\/li>\n\n\n\n<li><strong>Revis\u00e3o de Contratos e Pol\u00edticas:<\/strong> Fase Jur\u00eddica.\n<ul class=\"wp-block-list\">\n<li>Atualize os seus contratos de trabalho, contratos com fornecedores e a pol\u00edtica de privacidade do seu site. Garanta que os seus parceiros (como softwares de gest\u00e3o) tamb\u00e9m cumprem a lei.<\/li>\n<\/ul>\n<\/li>\n\n\n\n<li><strong>Treino da Equipa:<\/strong> Fase de Cultura.\n<ul class=\"wp-block-list\">\n<li>Consciencialize os seus funcion\u00e1rios. A maioria dos vazamentos ocorre por falhas humanas simples, como partilhar senhas ou enviar documentos para o e-mail errado.<\/li>\n<\/ul>\n<\/li>\n\n\n\n<li><strong>Seguran\u00e7a da Informa\u00e7\u00e3o:<\/strong> Fase T\u00e9cnica.\n<ul class=\"wp-block-list\">\n<li>Implemente medidas b\u00e1sicas de seguran\u00e7a, como antiv\u00edrus atualizados, firewalls, uso de senhas fortes e o h\u00e1bito de fazer backups peri\u00f3dicos.<\/li>\n<\/ul>\n<\/li>\n<\/ol>\n\n\n\n<h2 class=\"wp-block-heading\">O papel da contabilidade na prote\u00e7\u00e3o de dados<\/h2>\n\n\n\n<p class=\"wp-block-paragraph\">A sua contabilidade \u00e9 a parceira ideal nesta jornada. Como o escrit\u00f3rio contabil\u00edstico j\u00e1 lida diretamente com os dados mais sens\u00edveis da sua empresa \u2014 como sal\u00e1rios, contratos sociais e informa\u00e7\u00f5es fiscais \u2014, trabalhar em conjunto garante que a transmiss\u00e3o dessas informa\u00e7\u00f5es seja feita de forma 100% segura.<\/p>\n\n\n\n<p class=\"wp-block-paragraph\">Na <strong>M\u00faltipla Assessoria e Contabilidade<\/strong>, n\u00f3s j\u00e1 adaptamos todos os nossos processos internos \u00e0 LGPD para garantir que a troca de documentos fiscais e trabalhistas ocorra em ambientes criptografados e em total conformidade com a lei.<\/p>\n\n\n\n<h2 class=\"wp-block-heading\">Conclus\u00e3o: Proteja o futuro da sua empresa hoje mesmo<\/h2>\n\n\n\n<p class=\"wp-block-paragraph\">Adequar a sua pequena ou m\u00e9dia empresa \u00e0 LGPD n\u00e3o deve ser visto como um gasto, mas sim como um investimento na seguran\u00e7a e na sobreviv\u00eancia do seu neg\u00f3cio no mercado digital. Estar em conformidade evita dores de cabe\u00e7a jur\u00eddicas e atrai clientes que priorizam a seguran\u00e7a.<\/p>\n\n\n\n<p class=\"wp-block-paragraph\">Ainda tem d\u00favidas sobre como aplicar estes conceitos na rotina do seu neg\u00f3cio ou quer garantir que a sua gest\u00e3o cont\u00e1bil est\u00e1 protegida? <strong>Deixe um coment\u00e1rio abaixo com a sua d\u00favida ou partilhe este artigo com outro empres\u00e1rio que precisa de se proteger!<\/strong><\/p>\n\n\n\n<p class=\"wp-block-paragraph\">Se preferir um atendimento personalizado, <strong><a href=\"https:\/\/multiplacontabil.com.br\/blog\/contato\/\" data-type=\"page\" data-id=\"226\" target=\"_blank\" rel=\"noreferrer noopener\">entre em contacto com a equipa da M\u00faltipla Cont\u00e1bil<\/a><\/strong> e descubra como podemos ajudar a blindar a sua empresa.<\/p>\n\n\n\n<h3 class=\"wp-block-heading\">Fontes das Informa\u00e7\u00f5es<\/h3>\n\n\n\n<ul class=\"wp-block-list\">\n<li><strong>Presid\u00eancia da Rep\u00fablica:<\/strong> <a href=\"https:\/\/www.planalto.gov.br\/ccivil_03\/_ato2015-2018\/2018\/lei\/l13709.htm\" data-type=\"link\" data-id=\"https:\/\/www.planalto.gov.br\/ccivil_03\/_ato2015-2018\/2018\/lei\/l13709.htm\" target=\"_blank\" rel=\"noreferrer noopener\">Lei n\u00ba 13.709, de 14 de agosto de 2018 (Lei Geral de Prote\u00e7\u00e3o de Dados Pessoais)<\/a><\/li>\n\n\n\n<li><strong>Gov.br \/ ANPD:<\/strong> <a href=\"https:\/\/www.gov.br\/anpd\/pt-br\/acesso-a-informacao\/institucional\/atos-normativos\/regulamentacoes_anpd\/resolucao-cd-anpd-no-2-de-27-de-janeiro-de-2022\" target=\"_blank\" rel=\"noreferrer noopener\">Resolu\u00e7\u00e3o CD\/ANPD n\u00ba 2 &#8211; Regulamento de aplica\u00e7\u00e3o da LGPD para agentes de tratamento de pequeno porte<\/a><\/li>\n<\/ul>\n\n\n\n<p class=\"wp-block-paragraph\"><\/p>\n","protected":false},"excerpt":{"rendered":"<p>A Lei Geral de Prote\u00e7\u00e3o de Dados (LGPD) j\u00e1 \u00e9 uma realidade consolidada no cen\u00e1rio empresarial brasileiro. No entanto, um mito perigoso ainda circula pelos corredores do mercado: o de que apenas as grandes corpora\u00e7\u00f5es precisam de se preocupar com ela. Se gere uma Pequena ou M\u00e9dia Empresa (PME), a verdade \u00e9 direta: a LGPD [&hellip;]<\/p>\n","protected":false},"author":1,"featured_media":6002,"comment_status":"open","ping_status":"open","sticky":false,"template":"","format":"standard","meta":{"footnotes":""},"categories":[20],"tags":[216,213,215,218,214,212,217,219],"class_list":["post-6001","post","type-post","status-publish","format-standard","has-post-thumbnail","hentry","category-departamento-pessoal","tag-anpd","tag-contabilidade-para-pmes","tag-direito-digital","tag-gestao-para-pmes","tag-legislacao-empresarial","tag-lgpd","tag-pequenas-e-medias-empresas","tag-seguranca-para-empresarios"],"_links":{"self":[{"href":"https:\/\/multiplacontabil.com.br\/blog\/wp-json\/wp\/v2\/posts\/6001","targetHints":{"allow":["GET"]}}],"collection":[{"href":"https:\/\/multiplacontabil.com.br\/blog\/wp-json\/wp\/v2\/posts"}],"about":[{"href":"https:\/\/multiplacontabil.com.br\/blog\/wp-json\/wp\/v2\/types\/post"}],"author":[{"embeddable":true,"href":"https:\/\/multiplacontabil.com.br\/blog\/wp-json\/wp\/v2\/users\/1"}],"replies":[{"embeddable":true,"href":"https:\/\/multiplacontabil.com.br\/blog\/wp-json\/wp\/v2\/comments?post=6001"}],"version-history":[{"count":1,"href":"https:\/\/multiplacontabil.com.br\/blog\/wp-json\/wp\/v2\/posts\/6001\/revisions"}],"predecessor-version":[{"id":6003,"href":"https:\/\/multiplacontabil.com.br\/blog\/wp-json\/wp\/v2\/posts\/6001\/revisions\/6003"}],"wp:featuredmedia":[{"embeddable":true,"href":"https:\/\/multiplacontabil.com.br\/blog\/wp-json\/wp\/v2\/media\/6002"}],"wp:attachment":[{"href":"https:\/\/multiplacontabil.com.br\/blog\/wp-json\/wp\/v2\/media?parent=6001"}],"wp:term":[{"taxonomy":"category","embeddable":true,"href":"https:\/\/multiplacontabil.com.br\/blog\/wp-json\/wp\/v2\/categories?post=6001"},{"taxonomy":"post_tag","embeddable":true,"href":"https:\/\/multiplacontabil.com.br\/blog\/wp-json\/wp\/v2\/tags?post=6001"}],"curies":[{"name":"wp","href":"https:\/\/api.w.org\/{rel}","templated":true}]}}