{"id":5998,"date":"2026-04-21T21:12:02","date_gmt":"2026-04-21T21:12:02","guid":{"rendered":"https:\/\/multiplacontabil.com.br\/blog\/?p=5998"},"modified":"2026-04-21T21:13:22","modified_gmt":"2026-04-21T21:13:22","slug":"irpf-2026-isencao-5-mil-nao-vale","status":"publish","type":"post","link":"https:\/\/multiplacontabil.com.br\/blog\/2026\/04\/21\/irpf-2026-isencao-5-mil-nao-vale\/","title":{"rendered":"Isen\u00e7\u00e3o de R$ 5 mil no Imposto de Renda 2026: Cuidado para n\u00e3o cair no erro!"},"content":{"rendered":"\n<p class=\"wp-block-paragraph\">Muitos contribuintes est\u00e3o aguardando a prometida isen\u00e7\u00e3o de <strong>R$ 5.000,00<\/strong> para a declara\u00e7\u00e3o deste ano. No entanto, \u00e9 fundamental esclarecer: <strong>essa regra ainda n\u00e3o est\u00e1 valendo para o IRPF 2026.<\/strong><\/p>\n\n\n\n<p class=\"wp-block-paragraph\">Para evitar multas e problemas com o Le\u00e3o, entenda agora qual \u00e9 o limite real de isen\u00e7\u00e3o e por que a promessa de R$ 5 mil ainda n\u00e3o se aplica ao seu bolso neste momento.<\/p>\n\n\n\n<h2 class=\"wp-block-heading\">Por que a isen\u00e7\u00e3o de R$ 5 mil n\u00e3o vale agora?<\/h2>\n\n\n\n<p class=\"wp-block-paragraph\">O Imposto de Renda que declaramos em 2026 \u00e9 referente aos rendimentos recebidos ao longo de todo o ano de <strong>2025<\/strong>. Como a lei que amplia a isen\u00e7\u00e3o para R$ 5 mil ainda depende de tramita\u00e7\u00e3o e aplica\u00e7\u00e3o para os exerc\u00edcios futuros, a tabela vigente para o ano-base 2025 permanece a anterior.<\/p>\n\n\n\n<p class=\"wp-block-paragraph\">Portanto, para a declara\u00e7\u00e3o atual:<\/p>\n\n\n\n<ul class=\"wp-block-list\">\n<li><strong>Limite de Isen\u00e7\u00e3o Mensal (2025):<\/strong> R$ 2.259,20 (que, com o desconto simplificado de R$ 564,80, chegava \u00e0 isen\u00e7\u00e3o de quem ganhava at\u00e9 <strong>R$ 2.824,00<\/strong>).<\/li>\n\n\n\n<li><strong>Quem ganha R$ 5.000,00:<\/strong> Ainda \u00e9 tributado e deve obrigatoriamente declarar se ultrapassou o teto anual.<\/li>\n<\/ul>\n\n\n\n<h2 class=\"wp-block-heading\">Quem realmente est\u00e1 obrigado a declarar em 2026?<\/h2>\n\n\n\n<p class=\"wp-block-paragraph\">A obrigatoriedade n\u00e3o mudou drasticamente. Voc\u00ea deve declarar se em 2025:<\/p>\n\n\n\n<ol start=\"1\" class=\"wp-block-list\">\n<li>Recebeu rendimentos tribut\u00e1veis acima de <strong>R$ 30.639,90<\/strong> no ano.<\/li>\n\n\n\n<li>Recebeu rendimentos isentos, n\u00e3o tribut\u00e1veis ou tributados exclusivamente na fonte acima de <strong>R$ 200 mil<\/strong>.<\/li>\n\n\n\n<li>Teve posse ou propriedade de bens (como im\u00f3veis ou ve\u00edculos) acima de <strong>R$ 800 mil<\/strong> em 31\/12\/2025.<\/li>\n<\/ol>\n\n\n\n<h3 class=\"wp-block-heading\">O risco da desinforma\u00e7\u00e3o<\/h3>\n\n\n\n<p class=\"wp-block-paragraph\">Muitos brasileiros podem deixar de declarar acreditando na isen\u00e7\u00e3o de R$ 5 mil e acabar com o <strong>CPF suspenso<\/strong>. \u00c9 vital seguir a tabela oficial da Receita Federal dispon\u00edvel no programa do IRPF 2026.<\/p>\n\n\n\n<h2 class=\"wp-block-heading\">Como se preparar para as pr\u00f3ximas mudan\u00e7as?<\/h2>\n\n\n\n<p class=\"wp-block-paragraph\">Embora o governo trabalhe para que a isen\u00e7\u00e3o de R$ 5 mil vigore para os rendimentos de 2026 (a serem declarados em 2027), o foco agora deve ser na precis\u00e3o dos dados de 2025.<\/p>\n\n\n\n<p class=\"wp-block-paragraph\">Utilizar a <strong>declara\u00e7\u00e3o pr\u00e9-preenchida<\/strong> \u00e9 a melhor forma de visualizar o que a Receita j\u00e1 sabe sobre seus ganhos e evitar diverg\u00eancias com a tabela atual.<\/p>\n\n\n\n<h2 class=\"wp-block-heading\">Conclus\u00e3o<\/h2>\n\n\n\n<p class=\"wp-block-paragraph\">A isen\u00e7\u00e3o de R$ 5 mil \u00e9 uma meta, mas a realidade do <strong>IRPF 2026<\/strong> ainda exige aten\u00e7\u00e3o aos limites antigos. N\u00e3o corra riscos desnecess\u00e1rios baseando-se em not\u00edcias de planos futuros.<\/p>\n\n\n\n<p class=\"wp-block-paragraph\"><strong>Est\u00e1 em d\u00favida se o seu sal\u00e1rio de 2025 obriga voc\u00ea a declarar?<\/strong> A equipe da <strong>M\u00faltipla Assessoria e Contabilidade<\/strong> realiza o c\u00e1lculo exato para voc\u00ea. N\u00e3o deixe para a \u00faltima hora!<a href=\"https:\/\/multiplacontabil.com.br\/blog\/contato\/\" data-type=\"page\" data-id=\"226\"><strong> Clique aqui <\/strong><\/a>e entre em contato!<\/p>\n\n\n\n<p class=\"wp-block-paragraph\"><strong>Fontes:<\/strong> <a target=\"_blank\" rel=\"noreferrer noopener\" href=\"https:\/\/g1.globo.com\/economia\/noticia\/2026\/03\/16\/ir-2026-isencao-de-para-quem-ganha-ate-r-5-mil-nao-comeca-a-valer-neste-ano-entenda.ghtml\">G1 Economia<\/a>, <a target=\"_blank\" rel=\"noreferrer noopener\" href=\"https:\/\/www.gov.br\/receitafederal\">Receita Federal do Brasil<\/a>.<\/p>\n","protected":false},"excerpt":{"rendered":"<p>Muitos contribuintes est\u00e3o aguardando a prometida isen\u00e7\u00e3o de R$ 5.000,00 para a declara\u00e7\u00e3o deste ano. No entanto, \u00e9 fundamental esclarecer: essa regra ainda n\u00e3o est\u00e1 valendo para o IRPF 2026. Para evitar multas e problemas com o Le\u00e3o, entenda agora qual \u00e9 o limite real de isen\u00e7\u00e3o e por que a promessa de R$ 5 [&hellip;]<\/p>\n","protected":false},"author":1,"featured_media":5952,"comment_status":"open","ping_status":"open","sticky":false,"template":"","format":"standard","meta":{"footnotes":""},"categories":[37,189],"tags":[211,38,192,209,210],"class_list":["post-5998","post","type-post","status-publish","format-standard","has-post-thumbnail","hentry","category-imposto-de-renda","category-irpf-2026","tag-erros-no-irpf","tag-imposto-de-renda","tag-irpf-2026","tag-isencao","tag-malha-fina"],"_links":{"self":[{"href":"https:\/\/multiplacontabil.com.br\/blog\/wp-json\/wp\/v2\/posts\/5998","targetHints":{"allow":["GET"]}}],"collection":[{"href":"https:\/\/multiplacontabil.com.br\/blog\/wp-json\/wp\/v2\/posts"}],"about":[{"href":"https:\/\/multiplacontabil.com.br\/blog\/wp-json\/wp\/v2\/types\/post"}],"author":[{"embeddable":true,"href":"https:\/\/multiplacontabil.com.br\/blog\/wp-json\/wp\/v2\/users\/1"}],"replies":[{"embeddable":true,"href":"https:\/\/multiplacontabil.com.br\/blog\/wp-json\/wp\/v2\/comments?post=5998"}],"version-history":[{"count":1,"href":"https:\/\/multiplacontabil.com.br\/blog\/wp-json\/wp\/v2\/posts\/5998\/revisions"}],"predecessor-version":[{"id":5999,"href":"https:\/\/multiplacontabil.com.br\/blog\/wp-json\/wp\/v2\/posts\/5998\/revisions\/5999"}],"wp:featuredmedia":[{"embeddable":true,"href":"https:\/\/multiplacontabil.com.br\/blog\/wp-json\/wp\/v2\/media\/5952"}],"wp:attachment":[{"href":"https:\/\/multiplacontabil.com.br\/blog\/wp-json\/wp\/v2\/media?parent=5998"}],"wp:term":[{"taxonomy":"category","embeddable":true,"href":"https:\/\/multiplacontabil.com.br\/blog\/wp-json\/wp\/v2\/categories?post=5998"},{"taxonomy":"post_tag","embeddable":true,"href":"https:\/\/multiplacontabil.com.br\/blog\/wp-json\/wp\/v2\/tags?post=5998"}],"curies":[{"name":"wp","href":"https:\/\/api.w.org\/{rel}","templated":true}]}}