{"id":5992,"date":"2026-04-21T14:09:37","date_gmt":"2026-04-21T14:09:37","guid":{"rendered":"https:\/\/multiplacontabil.com.br\/blog\/?p=5992"},"modified":"2026-04-21T14:13:12","modified_gmt":"2026-04-21T14:13:12","slug":"multiplacontabil-com-br-blog-legislacao-trabalhista-2026-mudancas","status":"publish","type":"post","link":"https:\/\/multiplacontabil.com.br\/blog\/2026\/04\/21\/multiplacontabil-com-br-blog-legislacao-trabalhista-2026-mudancas\/","title":{"rendered":"Legisla\u00e7\u00e3o Trabalhista em 2026: O Que Mudou e Como se Adaptar"},"content":{"rendered":"\n<p class=\"wp-block-paragraph\">A din\u00e2mica das rela\u00e7\u00f5es de trabalho no Brasil est\u00e1 em constante evolu\u00e7\u00e3o. Ao chegarmos em 2026, as empresas deparam-se com um cen\u00e1rio jur\u00eddico que busca equilibrar a <strong>moderniza\u00e7\u00e3o tecnol\u00f3gica<\/strong> com a <strong>seguran\u00e7a jur\u00eddica<\/strong> tanto para empregadores quanto para colaboradores.<\/p>\n\n\n\n<p class=\"wp-block-paragraph\">Entender estas mudan\u00e7as n\u00e3o \u00e9 apenas uma quest\u00e3o de conformidade legal, mas uma estrat\u00e9gia vital para manter a competitividade e evitar passivos trabalhistas onerosos. Neste artigo, detalhamos os principais pontos de aten\u00e7\u00e3o para este ano.<\/p>\n\n\n\n<h2 class=\"wp-block-heading\">As Principais Altera\u00e7\u00f5es na CLT em 2026<\/h2>\n\n\n\n<p class=\"wp-block-paragraph\">O ano de 2026 consolida v\u00e1rias transi\u00e7\u00f5es que come\u00e7aram em anos anteriores. O foco principal tem sido a desburocratiza\u00e7\u00e3o e a integra\u00e7\u00e3o total de sistemas digitais de fiscaliza\u00e7\u00e3o.<\/p>\n\n\n\n<h3 class=\"wp-block-heading\">Consolida\u00e7\u00e3o do FGTS Digital e eSocial<\/h3>\n\n\n\n<p class=\"wp-block-paragraph\">A fiscaliza\u00e7\u00e3o tornou-se 100% digital e em tempo real. Em 2026, qualquer inconsist\u00eancia entre o pagamento de sal\u00e1rios e o recolhimento de encargos gera alertas autom\u00e1ticos aos \u00f3rg\u00e3os reguladores.<\/p>\n\n\n\n<ul class=\"wp-block-list\">\n<li><strong>Aten\u00e7\u00e3o aos prazos:<\/strong> O cumprimento rigoroso do cronograma de envio de eventos de SST (Sa\u00fade e Seguran\u00e7a do Trabalho) tornou-se o principal foco de auditorias.<\/li>\n\n\n\n<li><strong>Gest\u00e3o de Dados:<\/strong> A precis\u00e3o dos dados enviados via eSocial \u00e9 agora o pilar da contabilidade trabalhista moderna.<\/li>\n<\/ul>\n\n\n\n<h2 class=\"wp-block-heading\">Novas Regras para o Trabalho H\u00edbrido e Remoto<\/h2>\n\n\n\n<p class=\"wp-block-paragraph\">Se em anos anteriores o trabalho remoto era uma exce\u00e7\u00e3o ou um modelo em teste, em 2026 a legisla\u00e7\u00e3o estabelece regras definitivas para o <strong>Trabalho H\u00edbrido<\/strong>.<\/p>\n\n\n\n<h3 class=\"wp-block-heading\">Controle de Jornada e Direito ao Desligamento<\/h3>\n\n\n\n<p class=\"wp-block-paragraph\">A nova jurisprud\u00eancia e atualiza\u00e7\u00f5es normativas refor\u00e7am o &#8220;Direito \u00e0 Desconex\u00e3o&#8221;.<\/p>\n\n\n\n<ul class=\"wp-block-list\">\n<li><strong>Controle de Ponto:<\/strong> Empresas com mais de 20 funcion\u00e1rios devem obrigatoriamente utilizar sistemas de ponto eletr\u00f4nico que suportem geolocaliza\u00e7\u00e3o ou login autenticado para o trabalho remoto.<\/li>\n\n\n\n<li><strong>Custos de Infraestrutura:<\/strong> A defini\u00e7\u00e3o sobre quem arca com os custos de internet e energia deve estar explicitamente detalhada em contrato, sob pena de serem considerados verba salarial.<\/li>\n<\/ul>\n\n\n\n<h2 class=\"wp-block-heading\">Flexibiliza\u00e7\u00e3o e Negocia\u00e7\u00e3o Coletiva<\/h2>\n\n\n\n<p class=\"wp-block-paragraph\">O princ\u00edpio do <strong>&#8220;acordado sobre o legislado&#8221;<\/strong> continua a ganhar for\u00e7a em 2026. A legisla\u00e7\u00e3o agora permite maior autonomia para que sindicatos e empresas definam jornadas espec\u00edficas, desde que respeitados os limites constitucionais.<\/p>\n\n\n\n<h3 class=\"wp-block-heading\">O Papel dos Sindicatos em 2026<\/h3>\n\n\n\n<p class=\"wp-block-paragraph\">Houve uma revitaliza\u00e7\u00e3o na forma como as conven\u00e7\u00f5es coletivas s\u00e3o negociadas, com foco especial em:<\/p>\n\n\n\n<ol start=\"1\" class=\"wp-block-list\">\n<li><strong>Banco de Horas:<\/strong> Regras mais flex\u00edveis para compensa\u00e7\u00e3o anual.<\/li>\n\n\n\n<li><strong>Benef\u00edcios Flex\u00edveis:<\/strong> A legalidade de oferecer &#8220;carteiras de benef\u00edcios&#8221; onde o colaborador escolhe entre aux\u00edlio-educa\u00e7\u00e3o, sa\u00fade ou alimenta\u00e7\u00e3o, sem que isso gere incid\u00eancia previdenci\u00e1ria indevida.<\/li>\n<\/ol>\n\n\n\n<h2 class=\"wp-block-heading\">Como as Empresas Devem se Preparar?<\/h2>\n\n\n\n<p class=\"wp-block-paragraph\">A adapta\u00e7\u00e3o n\u00e3o deve ser reativa, mas sim proativa. Para garantir que a sua empresa esteja em conformidade com a <strong>Legisla\u00e7\u00e3o Trabalhista em 2026<\/strong>, considere os seguintes passos:<\/p>\n\n\n\n<h3 class=\"wp-block-heading\">Auditoria Trabalhista Preventiva<\/h3>\n\n\n\n<p class=\"wp-block-paragraph\">Realizar uma revis\u00e3o interna nos contratos de trabalho e nos processos de RH \u00e9 fundamental. Identificar falhas antes que elas se tornem processos judiciais \u00e9 o melhor investimento que um gestor pode fazer.<\/p>\n\n\n\n<h3 class=\"wp-block-heading\">Treinamento de Lideran\u00e7as<\/h3>\n\n\n\n<p class=\"wp-block-paragraph\">Os gestores diretos precisam entender os limites do trabalho h\u00edbrido e as novas regras de jornada para evitar pr\u00e1ticas que caracterizem ass\u00e9dio moral ou horas extras n\u00e3o remuneradas.<\/p>\n\n\n\n<h2 class=\"wp-block-heading\">Conclus\u00e3o: Prepare o Futuro da sua Empresa Hoje<\/h2>\n\n\n\n<p class=\"wp-block-paragraph\">As mudan\u00e7as na legisla\u00e7\u00e3o trabalhista em 2026 refletem um mundo mais conectado e digital. Embora tragam desafios de adapta\u00e7\u00e3o, elas tamb\u00e9m oferecem oportunidades para criar ambientes de trabalho mais eficientes e transparentes.<\/p>\n\n\n\n<p class=\"wp-block-paragraph\">Acompanhar estas atualiza\u00e7\u00f5es \u00e9 complexo, mas voc\u00ea n\u00e3o precisa de o fazer sozinho. A <strong>M\u00faltipla Assessoria e Contabilidade<\/strong> est\u00e1 pronta para apoiar o seu neg\u00f3cio na transi\u00e7\u00e3o para estes novos modelos, garantindo seguran\u00e7a jur\u00eddica e efici\u00eancia cont\u00e1bil.<\/p>\n\n\n\n<p class=\"wp-block-paragraph\"><strong>Precisa de ajuda?<\/strong> <a href=\"https:\/\/multiplacontabil.com.br\/blog\/contato\/\" data-type=\"page\" data-id=\"226\"><strong>Entre em contacto com a nossa equipa de especialistas<\/strong> <\/a>para uma consultoria personalizada sobre a sua folha de pagamento e gest\u00e3o de RH!<\/p>\n\n\n\n<hr class=\"wp-block-separator has-alpha-channel-opacity\"\/>\n\n\n\n<h3 class=\"wp-block-heading\">Fontes de Informa\u00e7\u00e3o:<\/h3>\n\n\n\n<ul class=\"wp-block-list\">\n<li><a href=\"https:\/\/www.contabeis.com.br\/noticias\/76200\/legislacao-trabalhista-em-2026-veja-o-que-mudou-e-como-se-adaptar\/\" target=\"_blank\" rel=\"noreferrer noopener\">Portal Cont\u00e1beis &#8211; Legisla\u00e7\u00e3o Trabalhista 2026<\/a><\/li>\n\n\n\n<li><a href=\"https:\/\/www.gov.br\/trabalho-e-emprego\/pt-br\" target=\"_blank\" rel=\"noreferrer noopener\">Minist\u00e9rio do Trabalho e Emprego &#8211; Brasil<\/a><\/li>\n\n\n\n<li><a href=\"http:\/\/www.planalto.gov.br\/ccivil_03\/decreto-lei\/del5452.htm\" target=\"_blank\" rel=\"noreferrer noopener\">Consolida\u00e7\u00e3o das Leis do Trabalho (CLT) &#8211; Planalto<\/a><\/li>\n<\/ul>\n\n\n\n<p class=\"wp-block-paragraph\"><\/p>\n","protected":false},"excerpt":{"rendered":"<p>A din\u00e2mica das rela\u00e7\u00f5es de trabalho no Brasil est\u00e1 em constante evolu\u00e7\u00e3o. Ao chegarmos em 2026, as empresas deparam-se com um cen\u00e1rio jur\u00eddico que busca equilibrar a moderniza\u00e7\u00e3o tecnol\u00f3gica com a seguran\u00e7a jur\u00eddica tanto para empregadores quanto para colaboradores. Entender estas mudan\u00e7as n\u00e3o \u00e9 apenas uma quest\u00e3o de conformidade legal, mas uma estrat\u00e9gia vital para [&hellip;]<\/p>\n","protected":false},"author":1,"featured_media":5874,"comment_status":"open","ping_status":"open","sticky":false,"template":"","format":"standard","meta":{"footnotes":""},"categories":[20],"tags":[47,73,31,204,203],"class_list":["post-5992","post","type-post","status-publish","format-standard","has-post-thumbnail","hentry","category-departamento-pessoal","tag-clt","tag-esocial","tag-fgts-digital","tag-negociacao-coletiva","tag-trabalho-hibrido-e-remoto"],"_links":{"self":[{"href":"https:\/\/multiplacontabil.com.br\/blog\/wp-json\/wp\/v2\/posts\/5992","targetHints":{"allow":["GET"]}}],"collection":[{"href":"https:\/\/multiplacontabil.com.br\/blog\/wp-json\/wp\/v2\/posts"}],"about":[{"href":"https:\/\/multiplacontabil.com.br\/blog\/wp-json\/wp\/v2\/types\/post"}],"author":[{"embeddable":true,"href":"https:\/\/multiplacontabil.com.br\/blog\/wp-json\/wp\/v2\/users\/1"}],"replies":[{"embeddable":true,"href":"https:\/\/multiplacontabil.com.br\/blog\/wp-json\/wp\/v2\/comments?post=5992"}],"version-history":[{"count":2,"href":"https:\/\/multiplacontabil.com.br\/blog\/wp-json\/wp\/v2\/posts\/5992\/revisions"}],"predecessor-version":[{"id":5994,"href":"https:\/\/multiplacontabil.com.br\/blog\/wp-json\/wp\/v2\/posts\/5992\/revisions\/5994"}],"wp:featuredmedia":[{"embeddable":true,"href":"https:\/\/multiplacontabil.com.br\/blog\/wp-json\/wp\/v2\/media\/5874"}],"wp:attachment":[{"href":"https:\/\/multiplacontabil.com.br\/blog\/wp-json\/wp\/v2\/media?parent=5992"}],"wp:term":[{"taxonomy":"category","embeddable":true,"href":"https:\/\/multiplacontabil.com.br\/blog\/wp-json\/wp\/v2\/categories?post=5992"},{"taxonomy":"post_tag","embeddable":true,"href":"https:\/\/multiplacontabil.com.br\/blog\/wp-json\/wp\/v2\/tags?post=5992"}],"curies":[{"name":"wp","href":"https:\/\/api.w.org\/{rel}","templated":true}]}}