{"id":5979,"date":"2026-04-07T19:30:00","date_gmt":"2026-04-07T19:30:00","guid":{"rendered":"https:\/\/multiplacontabil.com.br\/blog\/?p=5979"},"modified":"2026-04-06T15:10:32","modified_gmt":"2026-04-06T15:10:32","slug":"guia-rescisao-contrato-trabalho","status":"publish","type":"post","link":"https:\/\/multiplacontabil.com.br\/blog\/2026\/04\/07\/guia-rescisao-contrato-trabalho\/","title":{"rendered":"Rescis\u00e3o de Contrato de Trabalho: Entenda seus Direitos e Deveres"},"content":{"rendered":"\n<p class=\"wp-block-paragraph\">O momento do desligamento de uma empresa, seja ele por iniciativa do empregador ou do empregado, gera diversas d\u00favidas jur\u00eddicas e cont\u00e1beis. Afinal, como calcular o que \u00e9 devido? Quais s\u00e3o os prazos?<\/p>\n\n\n\n<p class=\"wp-block-paragraph\">Neste guia da <strong>M\u00faltipla Assessoria e Contabilidade<\/strong>, vamos desmistificar os principais pontos da rescis\u00e3o, desde o <strong>aviso-pr\u00e9vio<\/strong> at\u00e9 o saque do <strong>seguro-desemprego<\/strong>. Prepare-se para entender cada detalhe da sua folha de pagamento final.<\/p>\n\n\n\n<h2 class=\"wp-block-heading\">O que \u00e9 a Rescis\u00e3o de Contrato e quais os Tipos?<\/h2>\n\n\n\n<p class=\"wp-block-paragraph\">A rescis\u00e3o \u00e9 o documento que formaliza o fim do v\u00ednculo empregat\u00edcio. No Brasil, as modalidades mais comuns seguem a Consolida\u00e7\u00e3o das Leis do Trabalho (CLT):<\/p>\n\n\n\n<ul class=\"wp-block-list\">\n<li><strong>Demiss\u00e3o sem justa causa:<\/strong> Iniciativa da empresa (maior volume de direitos).<\/li>\n\n\n\n<li><strong>Pedido de demiss\u00e3o:<\/strong> Iniciativa do empregado.<\/li>\n\n\n\n<li><strong>Demiss\u00e3o por justa causa:<\/strong> Quando h\u00e1 falta grave do colaborador.<\/li>\n\n\n\n<li><strong>Rescis\u00e3o por comum acordo:<\/strong> Introduzida pela Reforma Trabalhista de 2017.<\/li>\n<\/ul>\n\n\n\n<h2 class=\"wp-block-heading\">O Papel do Aviso-Pr\u00e9vio<\/h2>\n\n\n\n<p class=\"wp-block-paragraph\">O <strong>aviso-pr\u00e9vio<\/strong> \u00e9 a comunica\u00e7\u00e3o antecipada do fim do contrato. Ele serve para que a empresa busque um substituto ou para que o trabalhador procure um novo emprego.<\/p>\n\n\n\n<h3 class=\"wp-block-heading\">Aviso-Pr\u00e9vio Trabalhado vs. Indenizado<\/h3>\n\n\n\n<ul class=\"wp-block-list\">\n<li><strong>Trabalhado:<\/strong> O colaborador atua por mais 30 dias, podendo escolher entre reduzir 2 horas da jornada di\u00e1ria ou folgar os \u00faltimos 7 dias corridos.<\/li>\n\n\n\n<li><strong>Indenizado:<\/strong> A empresa desliga o funcion\u00e1rio imediatamente e paga o valor correspondente ao sal\u00e1rio do per\u00edodo no acerto rescis\u00f3rio.<\/li>\n<\/ul>\n\n\n\n<h3 class=\"wp-block-heading\">Aviso-Pr\u00e9vio Proporcional<\/h3>\n\n\n\n<p class=\"wp-block-paragraph\">Conforme a <strong>Lei 12.506\/2011<\/strong>, a cada ano trabalhado na mesma empresa, somam-se <strong>3 dias extras<\/strong> ao aviso-pr\u00e9vio, limitados ao total de 90 dias.<\/p>\n\n\n\n<h2 class=\"wp-block-heading\">F\u00e9rias Laborais na Rescis\u00e3o<\/h2>\n\n\n\n<p class=\"wp-block-paragraph\">Um dos valores mais significativos na rescis\u00e3o refere-se \u00e0s f\u00e9rias. Elas podem ser de dois tipos:<\/p>\n\n\n\n<ol start=\"1\" class=\"wp-block-list\">\n<li><strong>F\u00e9rias Vencidas:<\/strong> Se o colaborador j\u00e1 completou o per\u00edodo aquisitivo e n\u00e3o gozou o descanso, recebe o valor integral + 1\/3 constitucional.<\/li>\n\n\n\n<li><strong>F\u00e9rias Proporcionais:<\/strong> Refere-se aos meses trabalhados no \u00faltimo ciclo. O c\u00e1lculo \u00e9 feito na base de <strong>1\/12 por m\u00eas trabalhado<\/strong> (considerando fra\u00e7\u00f5es superiores a 14 dias como m\u00eas integral).<\/li>\n<\/ol>\n\n\n\n<h2 class=\"wp-block-heading\">Benef\u00edcios e Verbas Rescis\u00f3rias: Vale-Refei\u00e7\u00e3o e Saldo de Sal\u00e1rio<\/h2>\n\n\n\n<p class=\"wp-block-paragraph\">Muitos trabalhadores t\u00eam d\u00favidas sobre benef\u00edcios como o <strong>vale-refei\u00e7\u00e3o (VR)<\/strong> durante o desligamento.<\/p>\n\n\n\n<ul class=\"wp-block-list\">\n<li><strong>Saldo de Sal\u00e1rio:<\/strong> \u00c9 o pagamento pelos dias trabalhados no m\u00eas da sa\u00edda.<\/li>\n\n\n\n<li><strong>Vale-Refei\u00e7\u00e3o:<\/strong> O benef\u00edcio \u00e9 devido apenas pelos dias efetivamente trabalhados. Se a empresa creditou o valor do m\u00eas cheio e a demiss\u00e3o ocorreu no dia 15, ela pode descontar o valor excedente na rescis\u00e3o.<\/li>\n\n\n\n<li><strong>13\u00ba Sal\u00e1rio Proporcional:<\/strong> Assim como as f\u00e9rias, paga-se 1\/12 por m\u00eas trabalhado no ano vigente.<\/li>\n<\/ul>\n\n\n\n<h2 class=\"wp-block-heading\">Como funciona a Demiss\u00e3o e o Seguro-Desemprego?<\/h2>\n\n\n\n<p class=\"wp-block-paragraph\">A demiss\u00e3o sem justa causa garante ao trabalhador o acesso ao <strong>seguro-desemprego<\/strong>, um aux\u00edlio tempor\u00e1rio para manuten\u00e7\u00e3o do sustento.<\/p>\n\n\n\n<h3 class=\"wp-block-heading\">Quem tem direito?<\/h3>\n\n\n\n<p class=\"wp-block-paragraph\">Para solicitar na primeira vez, \u00e9 necess\u00e1rio ter trabalhado pelo menos <strong>12 meses<\/strong> nos \u00faltimos 18 meses anteriores \u00e0 dispensa. O valor das parcelas depende da m\u00e9dia salarial dos \u00faltimos 3 meses antes da sa\u00edda.<\/p>\n\n\n\n<h3 class=\"wp-block-heading\">Saque do FGTS e Multa de 40%<\/h3>\n\n\n\n<p class=\"wp-block-paragraph\">Na demiss\u00e3o sem justa causa, o empregador deve pagar uma <strong>multa de 40%<\/strong> sobre o saldo total depositado no FGTS do colaborador durante o contrato. Esse valor \u00e9 fundamental para o planejamento financeiro do profissional.<\/p>\n\n\n\n<h2 class=\"wp-block-heading\">Conclus\u00e3o e Consultoria Especializada<\/h2>\n\n\n\n<p class=\"wp-block-paragraph\">Entender a rescis\u00e3o contratual \u00e9 essencial para evitar passivos trabalhistas para as empresas e garantir que o trabalhador receba exatamente o que lhe \u00e9 de direito. Como vimos, c\u00e1lculos de <strong>aviso-pr\u00e9vio<\/strong>, <strong>f\u00e9rias<\/strong> e <strong>seguro-desemprego<\/strong> exigem aten\u00e7\u00e3o rigorosa \u00e0 legisla\u00e7\u00e3o vigente.<\/p>\n\n\n\n<p class=\"wp-block-paragraph\">Ficou com alguma d\u00favida sobre como calcular a sua rescis\u00e3o ou precisa de aux\u00edlio para gerir o RH da sua empresa? <strong><a href=\"https:\/\/multiplacontabil.com.br\/blog\/contato\/\" data-type=\"page\" data-id=\"226\">Entre em contato<\/a> com o time da M\u00faltipla Assessoria e Contabilidade!<\/strong><\/p>\n\n\n\n<blockquote class=\"wp-block-quote is-layout-flow wp-block-quote-is-layout-flow\">\n<p class=\"wp-block-paragraph\"><strong>Dica Extra:<\/strong> Acesse nosso artigo sobre <a href=\"https:\/\/multiplacontabil.com.br\/blog\/2026\/01\/26\/planejamento-tributario-simples-nacional-lucro-presumido-ou-lucro-real\/\" target=\"_blank\" rel=\"noreferrer noopener\">Planejamento Tribut\u00e1rio para Empresas<\/a> e mantenha sua gest\u00e3o sempre em dia.<\/p>\n<\/blockquote>\n\n\n\n<h3 class=\"wp-block-heading\">Fontes e Refer\u00eancias:<\/h3>\n\n\n\n<ol start=\"1\" class=\"wp-block-list\">\n<li><a href=\"http:\/\/www.planalto.gov.br\/ccivil_03\/decreto-lei\/del5452.htm\" target=\"_blank\" rel=\"noreferrer noopener\">Consolida\u00e7\u00e3o das Leis do Trabalho (CLT) &#8211; Planalto<\/a><\/li>\n\n\n\n<li><a href=\"https:\/\/www.planalto.gov.br\/ccivil_03\/_ato2011-2014\/2011\/lei\/l12506.htm\" target=\"_blank\" rel=\"noreferrer noopener\">Lei do Aviso Pr\u00e9vio Proporcional (Lei 12.506\/2011)<\/a><\/li>\n\n\n\n<li><a href=\"https:\/\/www.gov.br\/pt-br\/servicos\/solicitar-o-seguro-desemprego\" target=\"_blank\" rel=\"noreferrer noopener\">Portal Gov.br &#8211; Orienta\u00e7\u00f5es sobre Seguro-Desemprego<\/a><\/li>\n<\/ol>\n\n\n\n<p class=\"wp-block-paragraph\"><\/p>\n","protected":false},"excerpt":{"rendered":"<p>O momento do desligamento de uma empresa, seja ele por iniciativa do empregador ou do empregado, gera diversas d\u00favidas jur\u00eddicas e cont\u00e1beis. Afinal, como calcular o que \u00e9 devido? Quais s\u00e3o os prazos? Neste guia da M\u00faltipla Assessoria e Contabilidade, vamos desmistificar os principais pontos da rescis\u00e3o, desde o aviso-pr\u00e9vio at\u00e9 o saque do seguro-desemprego. [&hellip;]<\/p>\n","protected":false},"author":1,"featured_media":5981,"comment_status":"open","ping_status":"open","sticky":false,"template":"","format":"standard","meta":{"footnotes":""},"categories":[20],"tags":[197,47,198,196,195],"class_list":["post-5979","post","type-post","status-publish","format-standard","has-post-thumbnail","hentry","category-departamento-pessoal","tag-calculo-trabalhista","tag-clt","tag-demissao","tag-direitos-trabalhistas","tag-rescisao-de-contrato"],"_links":{"self":[{"href":"https:\/\/multiplacontabil.com.br\/blog\/wp-json\/wp\/v2\/posts\/5979","targetHints":{"allow":["GET"]}}],"collection":[{"href":"https:\/\/multiplacontabil.com.br\/blog\/wp-json\/wp\/v2\/posts"}],"about":[{"href":"https:\/\/multiplacontabil.com.br\/blog\/wp-json\/wp\/v2\/types\/post"}],"author":[{"embeddable":true,"href":"https:\/\/multiplacontabil.com.br\/blog\/wp-json\/wp\/v2\/users\/1"}],"replies":[{"embeddable":true,"href":"https:\/\/multiplacontabil.com.br\/blog\/wp-json\/wp\/v2\/comments?post=5979"}],"version-history":[{"count":3,"href":"https:\/\/multiplacontabil.com.br\/blog\/wp-json\/wp\/v2\/posts\/5979\/revisions"}],"predecessor-version":[{"id":5983,"href":"https:\/\/multiplacontabil.com.br\/blog\/wp-json\/wp\/v2\/posts\/5979\/revisions\/5983"}],"wp:featuredmedia":[{"embeddable":true,"href":"https:\/\/multiplacontabil.com.br\/blog\/wp-json\/wp\/v2\/media\/5981"}],"wp:attachment":[{"href":"https:\/\/multiplacontabil.com.br\/blog\/wp-json\/wp\/v2\/media?parent=5979"}],"wp:term":[{"taxonomy":"category","embeddable":true,"href":"https:\/\/multiplacontabil.com.br\/blog\/wp-json\/wp\/v2\/categories?post=5979"},{"taxonomy":"post_tag","embeddable":true,"href":"https:\/\/multiplacontabil.com.br\/blog\/wp-json\/wp\/v2\/tags?post=5979"}],"curies":[{"name":"wp","href":"https:\/\/api.w.org\/{rel}","templated":true}]}}