{"id":5976,"date":"2026-04-06T14:39:21","date_gmt":"2026-04-06T14:39:21","guid":{"rendered":"https:\/\/multiplacontabil.com.br\/blog\/?p=5976"},"modified":"2026-04-06T15:12:26","modified_gmt":"2026-04-06T15:12:26","slug":"demissao-por-justa-causa-direitos-motivos","status":"publish","type":"post","link":"https:\/\/multiplacontabil.com.br\/blog\/2026\/04\/06\/demissao-por-justa-causa-direitos-motivos\/","title":{"rendered":"Demiss\u00e3o por Justa Causa: Direitos e Motivos"},"content":{"rendered":"\n<p class=\"wp-block-paragraph\">A demiss\u00e3o por justa causa \u00e9 a penalidade m\u00e1xima aplicada no Direito do Trabalho brasileiro. Ela ocorre quando o colaborador comete uma falta grave que torna insustent\u00e1vel a continuidade da rela\u00e7\u00e3o de emprego.<\/p>\n\n\n\n<p class=\"wp-block-paragraph\">Para a empresa, \u00e9 uma medida de prote\u00e7\u00e3o; para o empregado, uma san\u00e7\u00e3o severa. No entanto, sua aplica\u00e7\u00e3o exige cautela e fundamenta\u00e7\u00e3o jur\u00eddica s\u00f3lida para evitar processos trabalhistas futuros. Neste artigo, vamos detalhar as hip\u00f3teses previstas na lei e os impactos financeiros dessa decis\u00e3o.<\/p>\n\n\n\n<h2 class=\"wp-block-heading\">O que \u00e9 a Justa Causa e quando ela se aplica?<\/h2>\n\n\n\n<p class=\"wp-block-paragraph\">A demiss\u00e3o por justa causa acontece quando o contrato de trabalho \u00e9 rompido devido a um comportamento inadequado ou il\u00edcito do empregado. Ela est\u00e1 fundamentada principalmente no <strong>Artigo 482 da Consolida\u00e7\u00e3o das Leis do Trabalho (CLT)<\/strong>.<\/p>\n\n\n\n<p class=\"wp-block-paragraph\">Para que a justa causa seja v\u00e1lida perante a Justi\u00e7a do Trabalho, a empresa deve observar tr\u00eas requisitos fundamentais:<\/p>\n\n\n\n<ol start=\"1\" class=\"wp-block-list\">\n<li><strong>Gravidade:<\/strong> O ato deve ser s\u00e9rio o suficiente para quebrar a confian\u00e7a.<\/li>\n\n\n\n<li><strong>Atualidade (Imediatidade):<\/strong> A puni\u00e7\u00e3o deve ser aplicada logo ap\u00f3s o conhecimento do fato.<\/li>\n\n\n\n<li><strong>Proporcionalidade:<\/strong> A puni\u00e7\u00e3o deve ser condizente com a falta (em alguns casos, advert\u00eancias pr\u00e9vias s\u00e3o necess\u00e1rias).<\/li>\n<\/ol>\n\n\n\n<h2 class=\"wp-block-heading\">Principais Motivos de Demiss\u00e3o por Justa Causa<\/h2>\n\n\n\n<p class=\"wp-block-paragraph\">A CLT lista taxativamente as situa\u00e7\u00f5es que permitem essa rescis\u00e3o. Conhecer esses pontos \u00e9 essencial para a gest\u00e3o de RH e contabilidade.<\/p>\n\n\n\n<h3 class=\"wp-block-heading\">Incontin\u00eancia de Conduta e Mau Procedimento<\/h3>\n\n\n\n<p class=\"wp-block-paragraph\">Embora pare\u00e7am similares, a <strong>incontin\u00eancia de conduta<\/strong> est\u00e1 ligada a comportamentos de natureza sexual ou libertinagem no ambiente de trabalho. J\u00e1 o <strong>mau procedimento<\/strong> \u00e9 um conceito mais amplo, englobando atitudes que ferem as normas internas da empresa ou a \u00e9tica profissional.<\/p>\n\n\n\n<h3 class=\"wp-block-heading\">Des\u00eddia no Desempenho das Fun\u00e7\u00f5es<\/h3>\n\n\n\n<p class=\"wp-block-paragraph\">A <strong>des\u00eddia<\/strong> \u00e9 um dos motivos mais comuns. Caracteriza-se pela neglig\u00eancia, pregui\u00e7a, atrasos constantes e falta de interesse. Geralmente, requer um hist\u00f3rico de advert\u00eancias e suspens\u00f5es para ser comprovada.<\/p>\n\n\n\n<h3 class=\"wp-block-heading\">Embriaguez e Insubordina\u00e7\u00e3o<\/h3>\n\n\n\n<ul class=\"wp-block-list\">\n<li><strong>Embriaguez:<\/strong> Pode ser habitual ou em servi\u00e7o (ressalvados os casos de alcoolismo cr\u00f4nico, tratado hoje como doen\u00e7a).<\/li>\n\n\n\n<li><strong>Insubordina\u00e7\u00e3o:<\/strong> Descumprimento de ordens espec\u00edficas dadas ao funcion\u00e1rio.<\/li>\n\n\n\n<li><strong>Indisciplina:<\/strong> Descumprimento de normas gerais da empresa (ex: n\u00e3o usar EPI).<\/li>\n<\/ul>\n\n\n\n<h2 class=\"wp-block-heading\">Quais s\u00e3o os direitos do trabalhador na Justa Causa?<\/h2>\n\n\n\n<p class=\"wp-block-paragraph\">Esta \u00e9 a maior d\u00favida nos departamentos de contabilidade. Ao contr\u00e1rio da demiss\u00e3o sem justa causa, o trabalhador perde a maioria dos benef\u00edcios rescis\u00f3rios.<\/p>\n\n\n\n<p class=\"wp-block-paragraph\"><strong>O colaborador tem direito apenas a:<\/strong><\/p>\n\n\n\n<ul class=\"wp-block-list\">\n<li><strong>Saldo de sal\u00e1rio<\/strong> (dias trabalhados no m\u00eas da demiss\u00e3o);<\/li>\n\n\n\n<li><strong>F\u00e9rias vencidas<\/strong> (se houver), acrescidas de 1\/3 constitucional.<\/li>\n<\/ul>\n\n\n\n<p class=\"wp-block-paragraph\"><strong>O colaborador perde o direito a:<\/strong><\/p>\n\n\n\n<ul class=\"wp-block-list\">\n<li>Aviso pr\u00e9vio (trabalhado ou indenizado);<\/li>\n\n\n\n<li>13\u00ba sal\u00e1rio proporcional;<\/li>\n\n\n\n<li>F\u00e9rias proporcionais;<\/li>\n\n\n\n<li>Saque do FGTS e multa de 40%;<\/li>\n\n\n\n<li>Seguro-desemprego.<\/li>\n<\/ul>\n\n\n\n<h2 class=\"wp-block-heading\">Cuidados para evitar a Revers\u00e3o Judicial<\/h2>\n\n\n\n<p class=\"wp-block-paragraph\">Muitas empresas aplicam a justa causa de forma impetuosa e acabam sofrendo a <strong>revers\u00e3o na justi\u00e7a<\/strong>. Se o juiz entender que a falta n\u00e3o foi grave o suficiente ou que n\u00e3o houve provas, a empresa ter\u00e1 que pagar todos os direitos de uma demiss\u00e3o comum.<\/p>\n\n\n\n<ul class=\"wp-block-list\">\n<li><strong>Documenta\u00e7\u00e3o:<\/strong> Mantenha registros de advert\u00eancias, suspens\u00f5es e provas testemunhais ou documentais do ato faltoso.<\/li>\n\n\n\n<li><strong>Consultoria Cont\u00e1bil:<\/strong> Antes de assinar a rescis\u00e3o, consulte a <a href=\"https:\/\/multiplacontabil.com.br\/blog\/\" target=\"_blank\" rel=\"noreferrer noopener\">M\u00faltipla Assessoria e Contabilidade<\/a> para garantir que todos os c\u00e1lculos e tr\u00e2mites legais estejam corretos.<\/li>\n<\/ul>\n\n\n\n<h2 class=\"wp-block-heading\">Conclus\u00e3o: A import\u00e2ncia da Gest\u00e3o Preventiva (H2)<\/h2>\n\n\n\n<p class=\"wp-block-paragraph\">A demiss\u00e3o por justa causa \u00e9 um processo sens\u00edvel que exige rigor jur\u00eddico e cont\u00e1bil. Para as empresas, a melhor estrat\u00e9gia \u00e9 a preven\u00e7\u00e3o, atrav\u00e9s de um regulamento interno claro e uma comunica\u00e7\u00e3o transparente com a equipe.<\/p>\n\n\n\n<p class=\"wp-block-paragraph\">Ficou com alguma d\u00favida sobre como proceder em casos de rescis\u00e3o contratual? A equipe da <strong>M\u00faltipla Assessoria e Contabilidade<\/strong> est\u00e1 pronta para auxiliar sua empresa a realizar processos seguros e eficientes.<\/p>\n\n\n\n<p class=\"wp-block-paragraph\"><strong>Gostou deste conte\u00fado?<\/strong> Compartilhe em suas redes sociais ou <strong>entre em contato conosco<\/strong> para uma consultoria especializada em gest\u00e3o de departamento pessoal!<\/p>\n\n\n\n<h3 class=\"wp-block-heading\">Fontes e Refer\u00eancias:<\/h3>\n\n\n\n<ol start=\"1\" class=\"wp-block-list\">\n<li><a href=\"http:\/\/www.planalto.gov.br\/ccivil_03\/decreto-lei\/del5452.htm\" target=\"_blank\" rel=\"noreferrer noopener\">Presid\u00eancia da Rep\u00fablica &#8211; Consolida\u00e7\u00e3o das Leis do Trabalho (CLT) &#8211; Art. 482<\/a><\/li>\n\n\n\n<li><a href=\"https:\/\/www.tst.jus.br\" target=\"_blank\" rel=\"noreferrer noopener\">Tribunal Superior do Trabalho (TST) &#8211; S\u00famulas sobre Rescis\u00e3o<\/a><\/li>\n\n\n\n<li>Guia Pr\u00e1tico de Departamento Pessoal e Rotinas Cont\u00e1beis.<\/li>\n<\/ol>\n\n\n\n<p class=\"wp-block-paragraph\"><\/p>\n","protected":false},"excerpt":{"rendered":"<p>A demiss\u00e3o por justa causa \u00e9 a penalidade m\u00e1xima aplicada no Direito do Trabalho brasileiro. Ela ocorre quando o colaborador comete uma falta grave que torna insustent\u00e1vel a continuidade da rela\u00e7\u00e3o de emprego. Para a empresa, \u00e9 uma medida de prote\u00e7\u00e3o; para o empregado, uma san\u00e7\u00e3o severa. No entanto, sua aplica\u00e7\u00e3o exige cautela e fundamenta\u00e7\u00e3o [&hellip;]<\/p>\n","protected":false},"author":1,"featured_media":5977,"comment_status":"open","ping_status":"open","sticky":false,"template":"","format":"standard","meta":{"footnotes":""},"categories":[20],"tags":[201,200,199,30,196,202,195],"class_list":["post-5976","post","type-post","status-publish","format-standard","has-post-thumbnail","hentry","category-departamento-pessoal","tag-calculo-rescisorio","tag-clt-artigo-482","tag-demissao-por-justa-causa","tag-departamento-pessoal","tag-direitos-trabalhistas","tag-justica-do-trabalho","tag-rescisao-de-contrato"],"_links":{"self":[{"href":"https:\/\/multiplacontabil.com.br\/blog\/wp-json\/wp\/v2\/posts\/5976","targetHints":{"allow":["GET"]}}],"collection":[{"href":"https:\/\/multiplacontabil.com.br\/blog\/wp-json\/wp\/v2\/posts"}],"about":[{"href":"https:\/\/multiplacontabil.com.br\/blog\/wp-json\/wp\/v2\/types\/post"}],"author":[{"embeddable":true,"href":"https:\/\/multiplacontabil.com.br\/blog\/wp-json\/wp\/v2\/users\/1"}],"replies":[{"embeddable":true,"href":"https:\/\/multiplacontabil.com.br\/blog\/wp-json\/wp\/v2\/comments?post=5976"}],"version-history":[{"count":1,"href":"https:\/\/multiplacontabil.com.br\/blog\/wp-json\/wp\/v2\/posts\/5976\/revisions"}],"predecessor-version":[{"id":5978,"href":"https:\/\/multiplacontabil.com.br\/blog\/wp-json\/wp\/v2\/posts\/5976\/revisions\/5978"}],"wp:featuredmedia":[{"embeddable":true,"href":"https:\/\/multiplacontabil.com.br\/blog\/wp-json\/wp\/v2\/media\/5977"}],"wp:attachment":[{"href":"https:\/\/multiplacontabil.com.br\/blog\/wp-json\/wp\/v2\/media?parent=5976"}],"wp:term":[{"taxonomy":"category","embeddable":true,"href":"https:\/\/multiplacontabil.com.br\/blog\/wp-json\/wp\/v2\/categories?post=5976"},{"taxonomy":"post_tag","embeddable":true,"href":"https:\/\/multiplacontabil.com.br\/blog\/wp-json\/wp\/v2\/tags?post=5976"}],"curies":[{"name":"wp","href":"https:\/\/api.w.org\/{rel}","templated":true}]}}