{"id":5872,"date":"2026-02-24T16:09:19","date_gmt":"2026-02-24T16:09:19","guid":{"rendered":"https:\/\/multiplacontabil.com.br\/blog\/?p=5872"},"modified":"2026-02-24T16:09:19","modified_gmt":"2026-02-24T16:09:19","slug":"mudancas-trabalho-domingos-feriados-marco-2026","status":"publish","type":"post","link":"https:\/\/multiplacontabil.com.br\/blog\/2026\/02\/24\/mudancas-trabalho-domingos-feriados-marco-2026\/","title":{"rendered":"Trabalho aos Domingos e Feriados: Entenda as Mudan\u00e7as que Come\u00e7am em Mar\u00e7o"},"content":{"rendered":"\n<p class=\"wp-block-paragraph\">Voc\u00ea sabia que a gest\u00e3o de escalas na sua empresa pode precisar de uma revis\u00e3o urgente? A partir de mar\u00e7o de 2026, novas diretrizes sobre o <strong>trabalho aos domingos e feriados<\/strong> entram em vigor, alterando a din\u00e2mica de diversos setores, especialmente o com\u00e9rcio.<\/p>\n\n\n\n<p class=\"wp-block-paragraph\">Na <strong>M\u00faltipla Assessoria e Contabilidade<\/strong>, acompanhamos de perto as atualiza\u00e7\u00f5es legislativas para garantir que nossos clientes operem com total seguran\u00e7a jur\u00eddica. Neste artigo, explicamos o que muda e como adequar seu neg\u00f3cio.<\/p>\n\n\n\n<h2 class=\"wp-block-heading\">O que muda nas regras de trabalho em feriados?<\/h2>\n\n\n\n<p class=\"wp-block-paragraph\">O ponto central da mudan\u00e7a diz respeito \u00e0 <strong>Portaria 3.665<\/strong> e suas atualiza\u00e7\u00f5es. Se antes havia uma flexibilidade maior para o trabalho em feriados mediante acordo direto, agora a regra retorna ao rigor da Lei n\u00ba 10.101\/2000.<\/p>\n\n\n\n<h3 class=\"wp-block-heading\">A obrigatoriedade da Conven\u00e7\u00e3o Coletiva<\/h3>\n\n\n\n<p class=\"wp-block-paragraph\">A principal altera\u00e7\u00e3o \u00e9 que, para muitos setores do com\u00e9rcio, o trabalho em feriados s\u00f3 ser\u00e1 permitido se houver uma <strong>autoriza\u00e7\u00e3o expressa em conven\u00e7\u00e3o coletiva de trabalho<\/strong>.<\/p>\n\n\n\n<p class=\"wp-block-paragraph\">Isso significa que o acordo individual entre patr\u00e3o e empregado n\u00e3o \u00e9 mais suficiente para validar a jornada em dias de feriado. Sem a chancela do sindicato da categoria, a empresa fica sujeita a autua\u00e7\u00f5es fiscais e processos trabalhistas.<\/p>\n\n\n\n<h2 class=\"wp-block-heading\">Quais setores s\u00e3o os mais impactados?<\/h2>\n\n\n\n<p class=\"wp-block-paragraph\">Embora a lista de atividades autorizadas a funcionar aos domingos seja ampla, a restri\u00e7\u00e3o para feriados atinge diretamente:<\/p>\n\n\n\n<ul class=\"wp-block-list\">\n<li>Varejo em geral (supermercados, farm\u00e1cias, lojas de roupas);<\/li>\n\n\n\n<li>Mercados, a\u00e7ougues e peixarias;<\/li>\n\n\n\n<li>Com\u00e9rcio de flores e coroas.<\/li>\n<\/ul>\n\n\n\n<p class=\"wp-block-paragraph\"><strong>Importante:<\/strong> Atividades consideradas essenciais ou que possuem legisla\u00e7\u00f5es espec\u00edficas podem ter regras diferenciadas, por isso a an\u00e1lise individual de cada CNPJ \u00e9 indispens\u00e1vel.<\/p>\n\n\n\n<h2 class=\"wp-block-heading\">Trabalho aos Domingos vs. Trabalho em Feriados<\/h2>\n\n\n\n<p class=\"wp-block-paragraph\">\u00c9 comum a confus\u00e3o, mas as regras s\u00e3o distintas:<\/p>\n\n\n\n<ol start=\"1\" class=\"wp-block-list\">\n<li><strong>Domingos:<\/strong> Para a maioria das atividades comerciais, o funcionamento aos domingos continua autorizado por lei federal, respeitando-se o repouso semanal remunerado (RSR) e a escala de revezamento.<\/li>\n\n\n\n<li><strong>Feriados:<\/strong> \u00c9 aqui que reside a mudan\u00e7a. A liberdade que algumas portarias anteriores haviam concedido foi revogada, devolvendo o poder de decis\u00e3o \u00e0s negocia\u00e7\u00f5es coletivas.<\/li>\n<\/ol>\n\n\n\n<h2 class=\"wp-block-heading\">Como preparar sua empresa para mar\u00e7o de 2026?<\/h2>\n\n\n\n<p class=\"wp-block-paragraph\">Para evitar passivos trabalhistas, o empres\u00e1rio deve seguir estes passos:<\/p>\n\n\n\n<ol start=\"1\" class=\"wp-block-list\">\n<li><strong>Consulte seu contador:<\/strong> Verifique o enquadramento sindical da sua empresa.<\/li>\n\n\n\n<li><strong>Analise a CCT:<\/strong> Confira se a Conven\u00e7\u00e3o Coletiva de Trabalho da sua categoria permite o funcionamento nos feriados de 2026 e quais s\u00e3o as contrapartidas (pagamento em dobro, folga compensat\u00f3ria, etc.).<\/li>\n\n\n\n<li><strong>Planeje a Escala:<\/strong> Atualize o cronograma de folgas para que a jornada mensal esteja em conformidade com as novas exig\u00eancias.<\/li>\n<\/ol>\n\n\n\n<h2 class=\"wp-block-heading\">Conclus\u00e3o: Seguran\u00e7a Jur\u00eddica \u00e9 Investimento<\/h2>\n\n\n\n<p class=\"wp-block-paragraph\">A contabilidade moderna vai al\u00e9m do c\u00e1lculo de impostos; ela \u00e9 uma ferramenta de prote\u00e7\u00e3o ao patrim\u00f4nio. Ignorar essas mudan\u00e7as pode resultar em multas pesadas e problemas na Justi\u00e7a do Trabalho.<\/p>\n\n\n\n<p class=\"wp-block-paragraph\">Se voc\u00ea tem d\u00favidas sobre como aplicar essas regras na sua opera\u00e7\u00e3o, a equipe da <strong>M\u00faltipla<\/strong> est\u00e1 pronta para oferecer uma consultoria especializada em Departamento Pessoal e Gest\u00e3o Tribut\u00e1ria.<\/p>\n\n\n\n<hr class=\"wp-block-separator has-alpha-channel-opacity\"\/>\n\n\n\n<p class=\"wp-block-paragraph\"><strong>Fontes de Informa\u00e7\u00e3o:<\/strong><\/p>\n\n\n\n<ul class=\"wp-block-list\">\n<li><a href=\"https:\/\/www.contabeis.com.br\/noticias\/75249\/trabalho-aos-domingos-e-feriados-muda-a-partir-de-marco\/\" target=\"_blank\" rel=\"noreferrer noopener\">Portal Cont\u00e1beis &#8211; Trabalho aos domingos e feriados muda a partir de mar\u00e7o<\/a><\/li>\n\n\n\n<li><a href=\"https:\/\/www.gov.br\/trabalho-e-emprego\" target=\"_blank\" rel=\"noreferrer noopener\">Minist\u00e9rio do Trabalho e Emprego &#8211; Portaria MTE n\u00ba 3.665\/2023<\/a><\/li>\n\n\n\n<li><a href=\"https:\/\/www.planalto.gov.br\/ccivil_03\/leis\/l10101.htm\">Lei n\u00ba 10.101 de 19 de dezembro de 2000.<\/a><\/li>\n<\/ul>\n\n\n\n<p class=\"wp-block-paragraph\"><\/p>\n","protected":false},"excerpt":{"rendered":"<p>Voc\u00ea sabia que a gest\u00e3o de escalas na sua empresa pode precisar de uma revis\u00e3o urgente? A partir de mar\u00e7o de 2026, novas diretrizes sobre o trabalho aos domingos e feriados entram em vigor, alterando a din\u00e2mica de diversos setores, especialmente o com\u00e9rcio. Na M\u00faltipla Assessoria e Contabilidade, acompanhamos de perto as atualiza\u00e7\u00f5es legislativas para [&hellip;]<\/p>\n","protected":false},"author":1,"featured_media":5874,"comment_status":"open","ping_status":"open","sticky":false,"template":"","format":"standard","meta":{"footnotes":""},"categories":[1],"tags":[],"class_list":["post-5872","post","type-post","status-publish","format-standard","has-post-thumbnail","hentry","category-uncategorized"],"_links":{"self":[{"href":"https:\/\/multiplacontabil.com.br\/blog\/wp-json\/wp\/v2\/posts\/5872","targetHints":{"allow":["GET"]}}],"collection":[{"href":"https:\/\/multiplacontabil.com.br\/blog\/wp-json\/wp\/v2\/posts"}],"about":[{"href":"https:\/\/multiplacontabil.com.br\/blog\/wp-json\/wp\/v2\/types\/post"}],"author":[{"embeddable":true,"href":"https:\/\/multiplacontabil.com.br\/blog\/wp-json\/wp\/v2\/users\/1"}],"replies":[{"embeddable":true,"href":"https:\/\/multiplacontabil.com.br\/blog\/wp-json\/wp\/v2\/comments?post=5872"}],"version-history":[{"count":1,"href":"https:\/\/multiplacontabil.com.br\/blog\/wp-json\/wp\/v2\/posts\/5872\/revisions"}],"predecessor-version":[{"id":5873,"href":"https:\/\/multiplacontabil.com.br\/blog\/wp-json\/wp\/v2\/posts\/5872\/revisions\/5873"}],"wp:featuredmedia":[{"embeddable":true,"href":"https:\/\/multiplacontabil.com.br\/blog\/wp-json\/wp\/v2\/media\/5874"}],"wp:attachment":[{"href":"https:\/\/multiplacontabil.com.br\/blog\/wp-json\/wp\/v2\/media?parent=5872"}],"wp:term":[{"taxonomy":"category","embeddable":true,"href":"https:\/\/multiplacontabil.com.br\/blog\/wp-json\/wp\/v2\/categories?post=5872"},{"taxonomy":"post_tag","embeddable":true,"href":"https:\/\/multiplacontabil.com.br\/blog\/wp-json\/wp\/v2\/tags?post=5872"}],"curies":[{"name":"wp","href":"https:\/\/api.w.org\/{rel}","templated":true}]}}