{"id":5853,"date":"2026-01-28T16:27:18","date_gmt":"2026-01-28T16:27:18","guid":{"rendered":"https:\/\/multiplacontabil.com.br\/blog\/?p=5853"},"modified":"2026-01-27T10:47:26","modified_gmt":"2026-01-27T10:47:26","slug":"clt-vs-pj-seguranca-juridica-economia-2026","status":"publish","type":"post","link":"https:\/\/multiplacontabil.com.br\/blog\/2026\/01\/28\/clt-vs-pj-seguranca-juridica-economia-2026\/","title":{"rendered":"CLT vs. PJ: Como Contratar com Seguran\u00e7a Jur\u00eddica e Economia"},"content":{"rendered":"\n<p class=\"wp-block-paragraph\">Ao expandir a equipe, todo gestor se depara com um dilema crucial para a sa\u00fade financeira do neg\u00f3cio: <strong>assinar a carteira (CLT) ou contratar um prestador de servi\u00e7os (PJ)?<\/strong><\/p>\n\n\n\n<p class=\"wp-block-paragraph\">A resposta curta \u00e9: depende da rela\u00e7\u00e3o que voc\u00ea ter\u00e1 com esse colaborador. Escolher o modelo errado pode gerar um passivo trabalhista silencioso ou uma carga tribut\u00e1ria desnecess\u00e1ria.<\/p>\n\n\n\n<h2 class=\"wp-block-heading\">Quando usar a CLT? Os 4 Pilares do V\u00ednculo Empregat\u00edcio<\/h2>\n\n\n\n<p class=\"wp-block-paragraph\">A Consolida\u00e7\u00e3o das Leis do Trabalho \u00e9 obrigat\u00f3ria sempre que a rela\u00e7\u00e3o de trabalho apresentar os quatro elementos que caracterizam o v\u00ednculo. Se esses pontos existirem, a contrata\u00e7\u00e3o PJ \u00e9 considerada ilegal.<\/p>\n\n\n\n<ol start=\"1\" class=\"wp-block-list\">\n<li><strong>Subordina\u00e7\u00e3o:<\/strong> O colaborador recebe ordens diretas, segue hierarquia e cumpre hor\u00e1rios fixos.<\/li>\n\n\n\n<li><strong>Habitualidade:<\/strong> O trabalho n\u00e3o \u00e9 eventual; \u00e9 cont\u00ednuo e esperado pela empresa.<\/li>\n\n\n\n<li><strong>Onerosidade:<\/strong> Existe o pagamento regular de sal\u00e1rio como contrapartida pelo servi\u00e7o.<\/li>\n\n\n\n<li><strong>Pessoalidade:<\/strong> Apenas aquela pessoa espec\u00edfica pode realizar o trabalho (ela n\u00e3o pode enviar um substituto em seu lugar).<\/li>\n<\/ol>\n\n\n\n<blockquote class=\"wp-block-quote is-layout-flow wp-block-quote-is-layout-flow\">\n<p class=\"wp-block-paragraph\"><strong>Custo Estimado:<\/strong> Um funcion\u00e1rio CLT custa, em m\u00e9dia, <strong>o dobro do seu sal\u00e1rio bruto<\/strong> para a empresa, considerando f\u00e9rias, 13\u00ba sal\u00e1rio, FGTS, provis\u00f5es e encargos previdenci\u00e1rios (INSS e RAT).<\/p>\n<\/blockquote>\n\n\n\n<h2 class=\"wp-block-heading\">O Modelo PJ e o Risco da \u201cPejotiza\u00e7\u00e3o\u201d<\/h2>\n\n\n\n<p class=\"wp-block-paragraph\">Contratar uma empresa para prestar servi\u00e7os (modelo B2B) \u00e9 totalmente legal e, na maioria das vezes, reduz custos fixos, j\u00e1 que elimina os encargos trabalhistas diretos. No entanto, \u00e9 preciso cuidado com a <strong>&#8220;Pejotiza\u00e7\u00e3o&#8221;<\/strong>.<\/p>\n\n\n\n<p class=\"wp-block-paragraph\">Se o profissional contratado como PJ bater ponto, tiver chefe e for cobrado como um funcion\u00e1rio comum, ele pode acionar a Justi\u00e7a do Trabalho para pedir o reconhecimento do v\u00ednculo e o pagamento de todos os direitos retroativos.<\/p>\n\n\n\n<h3 class=\"wp-block-heading\">Vantagens e Riscos do Modelo PJ:<\/h3>\n\n\n\n<ul class=\"wp-block-list\">\n<li><strong>Vantagem:<\/strong> Maior flexibilidade contratual, foco em entregas\/resultados e redu\u00e7\u00e3o dr\u00e1stica de custos previdenci\u00e1rios.<\/li>\n\n\n\n<li><strong>Risco:<\/strong> Passivo trabalhista elevado se a rela\u00e7\u00e3o for descaracterizada por excesso de controle da empresa contratante.<\/li>\n<\/ul>\n\n\n\n<h2 class=\"wp-block-heading\">Comparativo Direto: CLT vs. PJ<\/h2>\n\n\n\n<figure class=\"wp-block-table\"><table class=\"has-fixed-layout\"><thead><tr><td><strong>Caracter\u00edstica<\/strong><\/td><td><strong>Contrata\u00e7\u00e3o CLT<\/strong><\/td><td><strong>Contrata\u00e7\u00e3o PJ (B2B)<\/strong><\/td><\/tr><\/thead><tbody><tr><td><strong>Custo p\/ Empresa<\/strong><\/td><td>~100% sobre o sal\u00e1rio bruto<\/td><td>Valor bruto da nota fiscal<\/td><\/tr><tr><td><strong>Hor\u00e1rios<\/strong><\/td><td>Controle r\u00edgido de jornada<\/td><td>Flexibilidade focada em prazos<\/td><\/tr><tr><td><strong>Encargos<\/strong><\/td><td>FGTS, INSS, F\u00e9rias, 13\u00ba<\/td><td>Impostos pagos pelo prestador<\/td><\/tr><tr><td><strong>V\u00ednculo<\/strong><\/td><td>Jur\u00eddico-Trabalhista<\/td><td>Comercial-C\u00edvel<\/td><\/tr><\/tbody><\/table><figcaption class=\"wp-element-caption\">Tabela comparativa de custos e benef\u00edcios entre funcion\u00e1rios CLT e prestadores de servi\u00e7os PJ.<\/figcaption><\/figure>\n\n\n\n<h2 class=\"wp-block-heading\">Qual a melhor estrat\u00e9gia para sua empresa?<\/h2>\n\n\n\n<p class=\"wp-block-paragraph\">A Reforma Trabalhista de 2017 trouxe mais seguran\u00e7a para a terceiriza\u00e7\u00e3o, mas n\u00e3o eliminou o conceito de v\u00ednculo. Para uma expans\u00e3o segura em 2026, a estrat\u00e9gia recomendada \u00e9:<\/p>\n\n\n\n<ul class=\"wp-block-list\">\n<li><strong>Fun\u00e7\u00f5es Core:<\/strong> Para cargos essenciais, constantes e que exigem gest\u00e3o direta, opte pela <strong>CLT<\/strong>.<\/li>\n\n\n\n<li><strong>Projetos e Consultorias:<\/strong> Para demandas espec\u00edficas, profissionais especializados ou atividades de suporte, o modelo <strong>PJ<\/strong> \u00e9 o mais econ\u00f4mico e eficiente.<\/li>\n<\/ul>\n\n\n\n<p class=\"wp-block-paragraph\"><strong>Fonte:<\/strong> <em>Consolida\u00e7\u00e3o das Leis do Trabalho (CLT) \u2013 Decreto-Lei n\u00ba 5.452\/1943 e Lei da Terceiriza\u00e7\u00e3o \u2013 Lei n\u00ba 13.429\/2017.<\/em><\/p>\n\n\n\n<h3 class=\"wp-block-heading\">Precisa de ajuda para calcular os custos da sua pr\u00f3xima contrata\u00e7\u00e3o?<\/h3>\n\n\n\n<p class=\"wp-block-paragraph\">Evite riscos jur\u00eddicos e planeje seu crescimento com intelig\u00eancia. A <strong>M\u00faltipla Cont\u00e1bil<\/strong> realiza simula\u00e7\u00f5es de custos e orienta sua empresa na melhor escolha tribut\u00e1ria e trabalhista.<\/p>\n\n\n\n<p class=\"wp-block-paragraph\"><strong><a href=\"https:\/\/multiplacontabil.com.br\/blog\/contato\/\" data-type=\"page\" data-id=\"226\">[Clique aqui e fale com um especialista agora!]<\/a><\/strong><\/p>\n\n\n\n<p class=\"wp-block-paragraph\"><\/p>\n","protected":false},"excerpt":{"rendered":"<p>Ao expandir a equipe, todo gestor se depara com um dilema crucial para a sa\u00fade financeira do neg\u00f3cio: assinar a carteira (CLT) ou contratar um prestador de servi\u00e7os (PJ)? A resposta curta \u00e9: depende da rela\u00e7\u00e3o que voc\u00ea ter\u00e1 com esse colaborador. Escolher o modelo errado pode gerar um passivo trabalhista silencioso ou uma carga [&hellip;]<\/p>\n","protected":false},"author":1,"featured_media":5854,"comment_status":"open","ping_status":"open","sticky":false,"template":"","format":"standard","meta":{"footnotes":""},"categories":[1],"tags":[],"class_list":["post-5853","post","type-post","status-publish","format-standard","has-post-thumbnail","hentry","category-uncategorized"],"_links":{"self":[{"href":"https:\/\/multiplacontabil.com.br\/blog\/wp-json\/wp\/v2\/posts\/5853","targetHints":{"allow":["GET"]}}],"collection":[{"href":"https:\/\/multiplacontabil.com.br\/blog\/wp-json\/wp\/v2\/posts"}],"about":[{"href":"https:\/\/multiplacontabil.com.br\/blog\/wp-json\/wp\/v2\/types\/post"}],"author":[{"embeddable":true,"href":"https:\/\/multiplacontabil.com.br\/blog\/wp-json\/wp\/v2\/users\/1"}],"replies":[{"embeddable":true,"href":"https:\/\/multiplacontabil.com.br\/blog\/wp-json\/wp\/v2\/comments?post=5853"}],"version-history":[{"count":3,"href":"https:\/\/multiplacontabil.com.br\/blog\/wp-json\/wp\/v2\/posts\/5853\/revisions"}],"predecessor-version":[{"id":5864,"href":"https:\/\/multiplacontabil.com.br\/blog\/wp-json\/wp\/v2\/posts\/5853\/revisions\/5864"}],"wp:featuredmedia":[{"embeddable":true,"href":"https:\/\/multiplacontabil.com.br\/blog\/wp-json\/wp\/v2\/media\/5854"}],"wp:attachment":[{"href":"https:\/\/multiplacontabil.com.br\/blog\/wp-json\/wp\/v2\/media?parent=5853"}],"wp:term":[{"taxonomy":"category","embeddable":true,"href":"https:\/\/multiplacontabil.com.br\/blog\/wp-json\/wp\/v2\/categories?post=5853"},{"taxonomy":"post_tag","embeddable":true,"href":"https:\/\/multiplacontabil.com.br\/blog\/wp-json\/wp\/v2\/tags?post=5853"}],"curies":[{"name":"wp","href":"https:\/\/api.w.org\/{rel}","templated":true}]}}