{"id":5840,"date":"2026-01-06T16:04:09","date_gmt":"2026-01-06T16:04:09","guid":{"rendered":"https:\/\/multiplacontabil.com.br\/blog\/?p=5840"},"modified":"2026-03-06T10:39:18","modified_gmt":"2026-03-06T10:39:18","slug":"isencao-de-ir-para-quem-ganha-ate-r-5-mil-entenda-as-novas-regras-que-comecam-a-valer-hoje","status":"publish","type":"post","link":"https:\/\/multiplacontabil.com.br\/blog\/2026\/01\/06\/isencao-de-ir-para-quem-ganha-ate-r-5-mil-entenda-as-novas-regras-que-comecam-a-valer-hoje\/","title":{"rendered":"Isen\u00e7\u00e3o de IR para quem ganha at\u00e9 R$ 5 mil: Entenda as novas regras que come\u00e7am a valer hoje"},"content":{"rendered":"\n<p class=\"wp-block-paragraph\">No dia 1\u00ba de janeiro de 2026, entrou em vigor uma das mudan\u00e7as mais significativas na tributa\u00e7\u00e3o da renda dos \u00faltimos anos no Brasil. Com a san\u00e7\u00e3o da <strong>Lei n\u00ba 15.270\/2025<\/strong>, o governo brasileiro estabeleceu um novo patamar de isen\u00e7\u00e3o para o Imposto de Renda de Pessoa F\u00edsica (IRPF), beneficiando milh\u00f5es de trabalhadores, aposentados e pensionistas.<\/p>\n\n\n\n<p class=\"wp-block-paragraph\">Neste artigo, a <strong>M\u00faltipla Assessoria e Contabilidade<\/strong> detalha como funciona a nova isen\u00e7\u00e3o de R$ 5.000,00 e quem tem direito aos descontos progressivos.<\/p>\n\n\n\n<hr class=\"wp-block-separator has-alpha-channel-opacity\"\/>\n\n\n\n<h2 class=\"wp-block-heading\">1. O que mudou na pr\u00e1tica em 2026?<\/h2>\n\n\n\n<p class=\"wp-block-paragraph\">At\u00e9 o ano passado, a tabela do Imposto de Renda estava defasada, pesando no bolso de quem recebia sal\u00e1rios m\u00e9dios. A partir de agora, o cen\u00e1rio \u00e9 o seguinte:<\/p>\n\n\n\n<ul class=\"wp-block-list\">\n<li><strong>Isen\u00e7\u00e3o Total:<\/strong> Contribuintes com rendimentos tribut\u00e1veis de at\u00e9 <strong>R$ 5.000,00 mensais<\/strong> n\u00e3o sofrem mais reten\u00e7\u00e3o de IR na fonte.<\/li>\n\n\n\n<li><strong>Ajuste Autom\u00e1tico:<\/strong> Para quem \u00e9 CLT, a mudan\u00e7a j\u00e1 deve ser refletida no contracheque de janeiro de 2026.<\/li>\n<\/ul>\n\n\n\n<h2 class=\"wp-block-heading\">2. A Faixa de Transi\u00e7\u00e3o: Descontos para quem ganha at\u00e9 R$ 7.350<\/h2>\n\n\n\n<p class=\"wp-block-paragraph\">Um diferencial importante da nova regra \u00e9 o mecanismo para evitar o chamado &#8220;degrau tribut\u00e1rio&#8221;. Para que o trabalhador que ganha R$ 5.050 n\u00e3o recebesse, no l\u00edquido, menos do que quem ganha R$ 5.000, foi criada uma <strong>faixa de desconto progressivo<\/strong>.<\/p>\n\n\n\n<p class=\"wp-block-paragraph\">Quem ganha entre <strong>R$ 5.000,01 e R$ 7.350,00<\/strong> recebe um abatimento proporcional no imposto devido. Quanto mais pr\u00f3xima a renda estiver de R$ 5 mil, maior ser\u00e1 o desconto aplicado pela Receita Federal, suavizando a carga tribut\u00e1ria at\u00e9 o teto da faixa de transi\u00e7\u00e3o.<\/p>\n\n\n\n<h2 class=\"wp-block-heading\">3. Comparativo: Quanto voc\u00ea economiza?<\/h2>\n\n\n\n<p class=\"wp-block-paragraph\">Confira como fica a economia mensal estimada para diferentes faixas salariais em compara\u00e7\u00e3o ao modelo anterior:<\/p>\n\n\n\n<figure class=\"wp-block-table\"><table class=\"has-fixed-layout\"><thead><tr><td><strong>Sal\u00e1rio Bruto<\/strong><\/td><td><strong>IR em 2025 (M\u00e9dia)<\/strong><\/td><td><strong>IR em 2026 (Novo)<\/strong><\/td><td><strong>Economia Mensal<\/strong><\/td><\/tr><\/thead><tbody><tr><td>R$ 4.000,00<\/td><td>R$ 220,00<\/td><td><strong>ISENTO<\/strong><\/td><td>R$ 220,00<\/td><\/tr><tr><td>R$ 5.000,00<\/td><td>R$ 380,00<\/td><td><strong>ISENTO<\/strong><\/td><td><strong>R$ 380,00<\/strong><\/td><\/tr><tr><td>R$ 6.500,00<\/td><td>R$ 760,00<\/td><td><strong>R$ 390,00<\/strong><\/td><td><strong>R$ 370,00<\/strong><\/td><\/tr><\/tbody><\/table><figcaption class=\"wp-element-caption\">Nova Tabela Imposto de Renda 2026 Isen\u00e7\u00e3o 5 mil<\/figcaption><\/figure>\n\n\n\n<h2 class=\"wp-block-heading\">4. De onde vem o recurso para essa isen\u00e7\u00e3o?<\/h2>\n\n\n\n<p class=\"wp-block-paragraph\">Para compensar a perda de arrecada\u00e7\u00e3o com a classe m\u00e9dia, a Reforma da Renda 2026 trouxe novas fontes de financiamento:<\/p>\n\n\n\n<ul class=\"wp-block-list\">\n<li><strong>Tributa\u00e7\u00e3o de Dividendos:<\/strong> Lucros e dividendos distribu\u00eddos por empresas passam a ser taxados em 10% na fonte.<\/li>\n\n\n\n<li><strong>Imposto sobre Altas Rendas:<\/strong> Institui\u00e7\u00e3o de uma al\u00edquota m\u00ednima para quem possui rendimentos globais acima de R$ 600 mil por ano.<\/li>\n<\/ul>\n\n\n\n<h2 class=\"wp-block-heading\">5. Fique atento aos prazos da Declara\u00e7\u00e3o<\/h2>\n\n\n\n<p class=\"wp-block-paragraph\">\u00c9 fundamental n\u00e3o confundir o benef\u00edcio mensal com a declara\u00e7\u00e3o anual:<\/p>\n\n\n\n<ol start=\"1\" class=\"wp-block-list\">\n<li><strong>Declara\u00e7\u00e3o 2026 (Mar\u00e7o\/Abril):<\/strong> Refere-se aos rendimentos de <strong>2025<\/strong>. Portanto, as regras antigas ainda se aplicam.<\/li>\n\n\n\n<li><strong>Benef\u00edcio de R$ 5 mil:<\/strong> Voc\u00ea sente no bolso <strong>m\u00eas a m\u00eas em 2026<\/strong>, mas ele s\u00f3 ser\u00e1 consolidado na declara\u00e7\u00e3o que faremos em <strong>2027<\/strong>.<\/li>\n<\/ol>\n\n\n\n<h2 class=\"wp-block-heading\">Conclus\u00e3o<\/h2>\n\n\n\n<p class=\"wp-block-paragraph\">A nova tabela do IR \u00e9 um f\u00f4lego necess\u00e1rio para o consumo e para o planejamento financeiro das fam\u00edlias brasileiras. Se voc\u00ea \u00e9 empres\u00e1rio, certifique-se de que sua folha de pagamento est\u00e1 atualizada. Se voc\u00ea \u00e9 contribuinte, aproveite essa economia para organizar suas metas de 2026.<\/p>\n\n\n\n<p class=\"wp-block-paragraph\"><strong>Tem d\u00favidas? A equipe da M\u00faltipla Assessoria est\u00e1 \u00e0 disposi\u00e7\u00e3o para realizar simula\u00e7\u00f5es e consultoria tribut\u00e1ria personalizada.<\/strong> <a href=\"https:\/\/multiplacontabil.com.br\/blog\/contato\/\" data-type=\"page\" data-id=\"226\">Entre em Contato!<\/a><\/p>\n\n\n\n<hr class=\"wp-block-separator has-alpha-channel-opacity\"\/>\n\n\n\n<h3 class=\"wp-block-heading\">Fontes e Refer\u00eancias:<\/h3>\n\n\n\n<ul class=\"wp-block-list\">\n<li><strong>Lei Federal n\u00ba 15.270\/2025:<\/strong> Altera a legisla\u00e7\u00e3o do Imposto sobre a Renda da Pessoa F\u00edsica.<\/li>\n\n\n\n<li><strong>Receita Federal do Brasil:<\/strong> Instru\u00e7\u00e3o Normativa n\u00ba 2.250\/2025 (Tabelas de reten\u00e7\u00e3o na fonte).<\/li>\n\n\n\n<li><strong>Minist\u00e9rio da Fazenda:<\/strong> Relat\u00f3rio de Impacto da Reforma da Renda.<\/li>\n\n\n\n<li><strong>STF:<\/strong> Ac\u00f3rd\u00e3o sobre a constitucionalidade da progressividade tribut\u00e1ria na transi\u00e7\u00e3o de 2026.<\/li>\n<\/ul>\n","protected":false},"excerpt":{"rendered":"<p>No dia 1\u00ba de janeiro de 2026, entrou em vigor uma das mudan\u00e7as mais significativas na tributa\u00e7\u00e3o da renda dos \u00faltimos anos no Brasil. Com a san\u00e7\u00e3o da Lei n\u00ba 15.270\/2025, o governo brasileiro estabeleceu um novo patamar de isen\u00e7\u00e3o para o Imposto de Renda de Pessoa F\u00edsica (IRPF), beneficiando milh\u00f5es de trabalhadores, aposentados e [&hellip;]<\/p>\n","protected":false},"author":1,"featured_media":5841,"comment_status":"open","ping_status":"open","sticky":false,"template":"","format":"standard","meta":{"footnotes":""},"categories":[37,189],"tags":[],"class_list":["post-5840","post","type-post","status-publish","format-standard","has-post-thumbnail","hentry","category-imposto-de-renda","category-irpf-2026"],"_links":{"self":[{"href":"https:\/\/multiplacontabil.com.br\/blog\/wp-json\/wp\/v2\/posts\/5840","targetHints":{"allow":["GET"]}}],"collection":[{"href":"https:\/\/multiplacontabil.com.br\/blog\/wp-json\/wp\/v2\/posts"}],"about":[{"href":"https:\/\/multiplacontabil.com.br\/blog\/wp-json\/wp\/v2\/types\/post"}],"author":[{"embeddable":true,"href":"https:\/\/multiplacontabil.com.br\/blog\/wp-json\/wp\/v2\/users\/1"}],"replies":[{"embeddable":true,"href":"https:\/\/multiplacontabil.com.br\/blog\/wp-json\/wp\/v2\/comments?post=5840"}],"version-history":[{"count":3,"href":"https:\/\/multiplacontabil.com.br\/blog\/wp-json\/wp\/v2\/posts\/5840\/revisions"}],"predecessor-version":[{"id":5862,"href":"https:\/\/multiplacontabil.com.br\/blog\/wp-json\/wp\/v2\/posts\/5840\/revisions\/5862"}],"wp:featuredmedia":[{"embeddable":true,"href":"https:\/\/multiplacontabil.com.br\/blog\/wp-json\/wp\/v2\/media\/5841"}],"wp:attachment":[{"href":"https:\/\/multiplacontabil.com.br\/blog\/wp-json\/wp\/v2\/media?parent=5840"}],"wp:term":[{"taxonomy":"category","embeddable":true,"href":"https:\/\/multiplacontabil.com.br\/blog\/wp-json\/wp\/v2\/categories?post=5840"},{"taxonomy":"post_tag","embeddable":true,"href":"https:\/\/multiplacontabil.com.br\/blog\/wp-json\/wp\/v2\/tags?post=5840"}],"curies":[{"name":"wp","href":"https:\/\/api.w.org\/{rel}","templated":true}]}}