{"id":5726,"date":"2025-11-04T17:32:22","date_gmt":"2025-11-04T17:32:22","guid":{"rendered":"https:\/\/multiplacontabil.com.br\/blog\/blog\/?p=5726"},"modified":"2025-11-04T17:32:22","modified_gmt":"2025-11-04T17:32:22","slug":"lei-15246-2025-isencao-imposto-de-renda-ate-5-mil","status":"publish","type":"post","link":"https:\/\/multiplacontabil.com.br\/blog\/2025\/11\/04\/lei-15246-2025-isencao-imposto-de-renda-ate-5-mil\/","title":{"rendered":"Lei 15.246\/2025: Isen\u00e7\u00e3o permanente do Imposto de Renda at\u00e9 R$ 5 mil \u2014 o que muda na pr\u00e1tica?"},"content":{"rendered":"\n<h3 class=\"wp-block-heading\">O que diz a nova lei<\/h3>\n\n\n\n<p class=\"wp-block-paragraph\">A <strong>Lei 15.246\/2025<\/strong>, sancionada em <strong>30 de outubro de 2025<\/strong>, torna <strong>permanente a faixa de isen\u00e7\u00e3o do Imposto de Renda da Pessoa F\u00edsica (IRPF)<\/strong> para quem recebe at\u00e9 <strong>R$ 5.000,00 por m\u00eas<\/strong>.<br>Com isso, a medida \u2014 antes tempor\u00e1ria \u2014 passa a ser <strong>definitiva<\/strong>, garantindo estabilidade e previsibilidade aos contribuintes brasileiros.<\/p>\n\n\n\n<p class=\"wp-block-paragraph\">Em resumo: <strong>quem ganha at\u00e9 R$ 5 mil mensais n\u00e3o pagar\u00e1 mais Imposto de Renda<\/strong>, de forma permanente.<\/p>\n\n\n\n<h3 class=\"wp-block-heading\">Por que essa mudan\u00e7a \u00e9 importante<\/h3>\n\n\n\n<p class=\"wp-block-paragraph\">A nova regra busca <strong>corrigir a defasagem hist\u00f3rica da tabela do IR<\/strong>, trazendo <strong>mais justi\u00e7a tribut\u00e1ria e poder de compra<\/strong> \u00e0 popula\u00e7\u00e3o.<br>Na pr\u00e1tica, a medida:<\/p>\n\n\n\n<ul class=\"wp-block-list\">\n<li>Aumenta a renda dispon\u00edvel dos trabalhadores;<\/li>\n\n\n\n<li>Simplifica o c\u00e1lculo do IR na folha de pagamento;<\/li>\n\n\n\n<li>Reduz a carga tribut\u00e1ria sobre a classe m\u00e9dia e os assalariados.<\/li>\n<\/ul>\n\n\n\n<p class=\"wp-block-paragraph\">De acordo com o governo federal, a isen\u00e7\u00e3o permanente \u00e9 um passo importante para <strong>tornar o sistema tribut\u00e1rio mais equilibrado e sustent\u00e1vel<\/strong>.<\/p>\n\n\n\n<h3 class=\"wp-block-heading\">Impactos diretos nas empresas e na contabilidade<\/h3>\n\n\n\n<h4 class=\"wp-block-heading\">1. Atualiza\u00e7\u00e3o da folha de pagamento<\/h4>\n\n\n\n<p class=\"wp-block-paragraph\">As empresas devem <strong>revisar seus sistemas de folha<\/strong> para aplicar corretamente a isen\u00e7\u00e3o do IRRF a quem ganha at\u00e9 R$ 5 mil.<br>Esse ajuste evita erros no c\u00e1lculo e <strong>garante conformidade com a legisla\u00e7\u00e3o vigente<\/strong>.<\/p>\n\n\n\n<h4 class=\"wp-block-heading\">2. Comunica\u00e7\u00e3o clara com colaboradores<\/h4>\n\n\n\n<p class=\"wp-block-paragraph\">Como os contracheques passar\u00e3o a apresentar valores l\u00edquidos maiores, \u00e9 importante <strong>explicar a mudan\u00e7a<\/strong> aos funcion\u00e1rios.<br>Uma comunica\u00e7\u00e3o transparente refor\u00e7a a confian\u00e7a e reduz d\u00favidas sobre o novo desconto (ou aus\u00eancia dele).<\/p>\n\n\n\n<h4 class=\"wp-block-heading\">3. Planejamento de pr\u00f3-labore e remunera\u00e7\u00e3o de s\u00f3cios<\/h4>\n\n\n\n<p class=\"wp-block-paragraph\">Empres\u00e1rios e s\u00f3cios que recebem <strong>pr\u00f3-labore nessa faixa<\/strong> tamb\u00e9m ser\u00e3o beneficiados.<br>Vale revisar o planejamento de remunera\u00e7\u00e3o e <strong>avaliar se ajustes podem otimizar a carga tribut\u00e1ria<\/strong>.<\/p>\n\n\n\n<h4 class=\"wp-block-heading\">4. Atualiza\u00e7\u00e3o dos processos cont\u00e1beis<\/h4>\n\n\n\n<p class=\"wp-block-paragraph\">Os escrit\u00f3rios de contabilidade devem <strong>atualizar seus sistemas e procedimentos internos<\/strong>, acompanhando tamb\u00e9m eventuais <strong>instru\u00e7\u00f5es normativas da Receita Federal<\/strong> sobre a aplica\u00e7\u00e3o da isen\u00e7\u00e3o.<\/p>\n\n\n\n<h3 class=\"wp-block-heading\">Passos recomendados pela M\u00faltipla Contabilidade<\/h3>\n\n\n\n<p class=\"wp-block-paragraph\">Para que empresas e gestores se adequem rapidamente \u00e0 Lei 15.246\/2025, sugerimos:<\/p>\n\n\n\n<p class=\"wp-block-paragraph\">\u2705 <strong>Revisar a folha e o IRRF<\/strong> \u2014 atualize as faixas de c\u00e1lculo;<br>\u2705 <strong>Informar colaboradores e s\u00f3cios<\/strong> \u2014 comunique o benef\u00edcio com clareza;<br>\u2705 <strong>Ajustar sistemas cont\u00e1beis<\/strong> \u2014 evite inconsist\u00eancias em declara\u00e7\u00f5es futuras;<br>\u2705 <strong>Monitorar novas publica\u00e7\u00f5es da Receita Federal<\/strong> \u2014 acompanhe orienta\u00e7\u00f5es complementares;<br>\u2705 <strong>Buscar orienta\u00e7\u00e3o profissional<\/strong> \u2014 um contador atualizado \u00e9 essencial para aplicar a regra corretamente.<\/p>\n\n\n\n<h3 class=\"wp-block-heading\">Benef\u00edcios econ\u00f4micos e fiscais<\/h3>\n\n\n\n<p class=\"wp-block-paragraph\">A medida deve gerar impactos positivos tanto para pessoas f\u00edsicas quanto para empresas:<\/p>\n\n\n\n<ul class=\"wp-block-list\">\n<li>Est\u00edmulo ao consumo e \u00e0 economia;<\/li>\n\n\n\n<li>Maior poder de compra das fam\u00edlias;<\/li>\n\n\n\n<li>Redu\u00e7\u00e3o de encargos e burocracia nas folhas;<\/li>\n\n\n\n<li>Simplifica\u00e7\u00e3o para os departamentos de RH e contabilidade.<\/li>\n<\/ul>\n\n\n\n<p class=\"wp-block-paragraph\">Para as empresas assessoradas por <strong>contabilidades consultivas<\/strong>, como a <strong>M\u00faltipla Contabilidade<\/strong>, esse \u00e9 o momento ideal para <strong>revisar pol\u00edticas de remunera\u00e7\u00e3o e benef\u00edcios<\/strong> e garantir que todos os processos estejam em conformidade com a nova legisla\u00e7\u00e3o.<\/p>\n\n\n\n<h3 class=\"wp-block-heading\">Conclus\u00e3o<\/h3>\n\n\n\n<p class=\"wp-block-paragraph\">A <strong>Lei 15.246\/2025<\/strong> representa um marco importante na pol\u00edtica tribut\u00e1ria brasileira, ao <strong>tornar permanente a isen\u00e7\u00e3o do IR para rendimentos de at\u00e9 R$ 5 mil mensais<\/strong>.<br>Essa medida refor\u00e7a a import\u00e2ncia da atualiza\u00e7\u00e3o constante e do planejamento tribut\u00e1rio \u2014 tanto para pessoas f\u00edsicas quanto para empresas.<\/p>\n\n\n\n<p class=\"wp-block-paragraph\">Na <strong>M\u00faltipla Contabilidade<\/strong>, acompanhamos de perto cada mudan\u00e7a legal e estamos prontos para <strong>orientar sua empresa em todas as etapas<\/strong>, com seguran\u00e7a e clareza.<br>\ud83d\udcac <strong><a href=\"https:\/\/multiplacontabil.com.br\/blog\/contato.html\">Fale conosco<\/a><\/strong> e saiba como adaptar sua folha e seu planejamento tribut\u00e1rio \u00e0 nova realidade.<\/p>\n\n\n\n<p class=\"wp-block-paragraph\"><strong>\ud83d\udd17 Fontes:<\/strong><\/p>\n\n\n\n<ul class=\"wp-block-list\">\n<li><a href=\"https:\/\/www.planalto.gov.br\/ccivil_03\/_ato2023-2026\/2025\/lei\/L15246.htm?utm_source=chatgpt.com\">Presid\u00eancia da Rep\u00fablica \u2013 Lei n\u00ba 15.246\/2025<\/a><\/li>\n\n\n\n<li><a href=\"https:\/\/www12.senado.leg.br\/noticias\/materias\/2025\/11\/03\/sancionada-validade-permanente-para-isencao-do-imposto-de-renda?utm_source=chatgpt.com\">Ag\u00eancia Senado<\/a><\/li>\n\n\n\n<li><a href=\"https:\/\/www.coad.com.br\/home\/noticias-detalhe\/134434\/sancionada-validade-permanente-para-isencao-do-imposto-de-renda?utm_source=chatgpt.com\">COAD Not\u00edcias<\/a><\/li>\n<\/ul>\n","protected":false},"excerpt":{"rendered":"<p>O que diz a nova lei A Lei 15.246\/2025, sancionada em 30 de outubro de 2025, torna permanente a faixa de isen\u00e7\u00e3o do Imposto de Renda da Pessoa F\u00edsica (IRPF) para quem recebe at\u00e9 R$ 5.000,00 por m\u00eas.Com isso, a medida \u2014 antes tempor\u00e1ria \u2014 passa a ser definitiva, garantindo estabilidade e previsibilidade aos contribuintes [&hellip;]<\/p>\n","protected":false},"author":1,"featured_media":5727,"comment_status":"closed","ping_status":"open","sticky":false,"template":"","format":"standard","meta":{"footnotes":""},"categories":[21],"tags":[],"class_list":["post-5726","post","type-post","status-publish","format-standard","has-post-thumbnail","hentry","category-contabilidade"],"_links":{"self":[{"href":"https:\/\/multiplacontabil.com.br\/blog\/wp-json\/wp\/v2\/posts\/5726","targetHints":{"allow":["GET"]}}],"collection":[{"href":"https:\/\/multiplacontabil.com.br\/blog\/wp-json\/wp\/v2\/posts"}],"about":[{"href":"https:\/\/multiplacontabil.com.br\/blog\/wp-json\/wp\/v2\/types\/post"}],"author":[{"embeddable":true,"href":"https:\/\/multiplacontabil.com.br\/blog\/wp-json\/wp\/v2\/users\/1"}],"replies":[{"embeddable":true,"href":"https:\/\/multiplacontabil.com.br\/blog\/wp-json\/wp\/v2\/comments?post=5726"}],"version-history":[{"count":0,"href":"https:\/\/multiplacontabil.com.br\/blog\/wp-json\/wp\/v2\/posts\/5726\/revisions"}],"wp:attachment":[{"href":"https:\/\/multiplacontabil.com.br\/blog\/wp-json\/wp\/v2\/media?parent=5726"}],"wp:term":[{"taxonomy":"category","embeddable":true,"href":"https:\/\/multiplacontabil.com.br\/blog\/wp-json\/wp\/v2\/categories?post=5726"},{"taxonomy":"post_tag","embeddable":true,"href":"https:\/\/multiplacontabil.com.br\/blog\/wp-json\/wp\/v2\/tags?post=5726"}],"curies":[{"name":"wp","href":"https:\/\/api.w.org\/{rel}","templated":true}]}}