{"id":5724,"date":"2025-10-30T16:30:21","date_gmt":"2025-10-30T16:30:21","guid":{"rendered":"https:\/\/multiplacontabil.com.br\/blog\/blog\/?p=5724"},"modified":"2025-10-30T16:30:21","modified_gmt":"2025-10-30T16:30:21","slug":"atualizacao-de-bens-imposto-de-renda-pl-458-21","status":"publish","type":"post","link":"https:\/\/multiplacontabil.com.br\/blog\/2025\/10\/30\/atualizacao-de-bens-imposto-de-renda-pl-458-21\/","title":{"rendered":"Atualiza\u00e7\u00e3o de Bens no Imposto de Renda: Entenda o que muda com o PL 458\/21"},"content":{"rendered":"\n<p class=\"wp-block-paragraph\">A C\u00e2mara dos Deputados aprovou o texto-base do <strong>Projeto de Lei n\u00ba 458\/21<\/strong>, que permite a <strong>atualiza\u00e7\u00e3o do valor de bens<\/strong> \u2014 como im\u00f3veis, ve\u00edculos terrestres, mar\u00edtimos e a\u00e9reos \u2014 para fins de <strong>Imposto de Renda (IR)<\/strong>.<\/p>\n\n\n\n<p class=\"wp-block-paragraph\">A proposta tamb\u00e9m cria um <strong>regime especial de regulariza\u00e7\u00e3o patrimonial<\/strong> para bens l\u00edcitos que n\u00e3o foram declarados ou foram declarados incorretamente.<br>A seguir, a M\u00faltipla Contabilidade explica o que muda e como essa medida pode impactar o contribuinte.<\/p>\n\n\n\n<h3 class=\"wp-block-heading\">1. O que muda com a atualiza\u00e7\u00e3o de bens<\/h3>\n\n\n\n<p class=\"wp-block-paragraph\">O projeto autoriza que pessoas f\u00edsicas e jur\u00eddicas atualizem o valor de seus bens pelo valor de mercado declarado no IR de 2024.<\/p>\n\n\n\n<ul class=\"wp-block-list\">\n<li><strong>Para pessoas f\u00edsicas:<\/strong> a al\u00edquota sobre o ganho de capital ser\u00e1 reduzida para <strong>4%<\/strong>, aplicada sobre a diferen\u00e7a entre o valor anterior e o valor atualizado.<\/li>\n\n\n\n<li><strong>Para pessoas jur\u00eddicas:<\/strong> o texto prev\u00ea <strong>4,8% de IRPJ<\/strong> e <strong>3,2% de CSLL<\/strong> sobre essa diferen\u00e7a.<\/li>\n<\/ul>\n\n\n\n<p class=\"wp-block-paragraph\">Ap\u00f3s a atualiza\u00e7\u00e3o, o novo valor passa a ser considerado o <strong>custo de aquisi\u00e7\u00e3o<\/strong> para futuras opera\u00e7\u00f5es de venda, o que reduz o imposto a pagar em eventual aliena\u00e7\u00e3o do bem.<\/p>\n\n\n\n<h3 class=\"wp-block-heading\">2. Restri\u00e7\u00f5es e prazos<\/h3>\n\n\n\n<p class=\"wp-block-paragraph\">O projeto estabelece restri\u00e7\u00f5es para evitar o uso da atualiza\u00e7\u00e3o com fins especulativos:<\/p>\n\n\n\n<ul class=\"wp-block-list\">\n<li>O <strong>im\u00f3vel<\/strong> atualizado n\u00e3o poder\u00e1 ser vendido por <strong>5 anos<\/strong>;<\/li>\n\n\n\n<li>O <strong>ve\u00edculo<\/strong> atualizado n\u00e3o poder\u00e1 ser vendido por <strong>2 anos<\/strong>;<\/li>\n\n\n\n<li>Se o bem for vendido antes do prazo, aplica-se a <strong>tributa\u00e7\u00e3o normal<\/strong> sobre o ganho de capital, deduzindo o imposto j\u00e1 pago na atualiza\u00e7\u00e3o.<\/li>\n<\/ul>\n\n\n\n<p class=\"wp-block-paragraph\">Essas regras n\u00e3o se aplicam em casos de <strong>heran\u00e7a ou partilha por div\u00f3rcio<\/strong>.<\/p>\n\n\n\n<h3 class=\"wp-block-heading\">3. Regime especial de regulariza\u00e7\u00e3o patrimonial<\/h3>\n\n\n\n<p class=\"wp-block-paragraph\">O PL 458\/21 tamb\u00e9m cria um <strong>programa de regulariza\u00e7\u00e3o de bens l\u00edcitos<\/strong> n\u00e3o declarados, permitindo que contribuintes atualizem seu patrim\u00f4nio e fiquem em dia com o Fisco.<\/p>\n\n\n\n<ul class=\"wp-block-list\">\n<li>A refer\u00eancia para a apura\u00e7\u00e3o ser\u00e1 o patrim\u00f4nio existente em <strong>31 de dezembro de 2024<\/strong>;<\/li>\n\n\n\n<li>A tributa\u00e7\u00e3o ser\u00e1 de <strong>15% de imposto + 15% de multa<\/strong>, totalizando <strong>30%<\/strong> sobre o valor dos bens a regularizar;<\/li>\n\n\n\n<li>O pagamento poder\u00e1 ser parcelado em <strong>at\u00e9 24 meses<\/strong>, com corre\u00e7\u00e3o pela <strong>taxa SELIC<\/strong>.<\/li>\n<\/ul>\n\n\n\n<p class=\"wp-block-paragraph\">O objetivo \u00e9 incentivar a <strong>autodeclara\u00e7\u00e3o de bens<\/strong>, reduzir lit\u00edgios e aumentar a arrecada\u00e7\u00e3o federal.<\/p>\n\n\n\n<h3 class=\"wp-block-heading\">4. Por que essa medida foi criada<\/h3>\n\n\n\n<p class=\"wp-block-paragraph\">Um dos principais argumentos do relator \u00e9 que a atual tributa\u00e7\u00e3o sobre ganho de capital <strong>n\u00e3o considera a infla\u00e7\u00e3o<\/strong>, o que gera um \u201c<strong>ganho fict\u00edcio<\/strong>\u201d na hora da venda.<\/p>\n\n\n\n<p class=\"wp-block-paragraph\">Com a nova regra, o governo busca <strong>corrigir essa distor\u00e7\u00e3o<\/strong>, atualizar o valor real dos bens e estimular a formaliza\u00e7\u00e3o patrimonial.<\/p>\n\n\n\n<p class=\"wp-block-paragraph\">Para o contribuinte, isso pode representar <strong>menor carga tribut\u00e1ria futura<\/strong> e maior transpar\u00eancia fiscal.<\/p>\n\n\n\n<h3 class=\"wp-block-heading\">5. Impactos e recomenda\u00e7\u00f5es<\/h3>\n\n\n\n<p class=\"wp-block-paragraph\">Para pessoas f\u00edsicas, a medida \u00e9 vantajosa principalmente para quem possui <strong>im\u00f3veis ou ve\u00edculos adquiridos h\u00e1 muitos anos<\/strong>, com grande valoriza\u00e7\u00e3o de mercado.<\/p>\n\n\n\n<p class=\"wp-block-paragraph\">J\u00e1 para as empresas, ser\u00e1 importante <strong>analisar o impacto cont\u00e1bil e tribut\u00e1rio<\/strong> da atualiza\u00e7\u00e3o, especialmente quanto ao reflexo nos c\u00e1lculos de IRPJ e CSLL.<\/p>\n\n\n\n<p class=\"wp-block-paragraph\">A <strong>M\u00faltipla Contabilidade<\/strong> recomenda que cada contribuinte <strong>simule o impacto financeiro<\/strong> antes de optar pela atualiza\u00e7\u00e3o, considerando:<\/p>\n\n\n\n<ul class=\"wp-block-list\">\n<li>O valor do bem no mercado;<\/li>\n\n\n\n<li>O prazo de indisponibilidade (5 ou 2 anos);<\/li>\n\n\n\n<li>As vantagens fiscais versus o custo do imposto de 4%.<\/li>\n<\/ul>\n\n\n\n<p class=\"wp-block-paragraph\">Tamb\u00e9m \u00e9 essencial acompanhar o <strong>andamento do projeto no Senado<\/strong>, j\u00e1 que o texto ainda ser\u00e1 analisado novamente antes de se tornar lei.<\/p>\n\n\n\n<h3 class=\"wp-block-heading\">Conclus\u00e3o<\/h3>\n\n\n\n<p class=\"wp-block-paragraph\">A <strong>atualiza\u00e7\u00e3o de bens no Imposto de Renda<\/strong> pode ser uma excelente oportunidade para <strong>reduzir a tributa\u00e7\u00e3o sobre ganhos de capital<\/strong> e <strong>regularizar patrim\u00f4nios<\/strong>.<\/p>\n\n\n\n<p class=\"wp-block-paragraph\">No entanto, \u00e9 preciso avaliar com cuidado cada situa\u00e7\u00e3o, pois h\u00e1 restri\u00e7\u00f5es e condi\u00e7\u00f5es espec\u00edficas.<\/p>\n\n\n\n<p class=\"wp-block-paragraph\">A equipe da <strong>M\u00faltipla Contabilidade<\/strong> est\u00e1 preparada para <strong>analisar o seu caso individualmente<\/strong> e indicar o melhor caminho, garantindo <strong>seguran\u00e7a fiscal e economia tribut\u00e1ria<\/strong>.<\/p>\n\n\n\n<h3 class=\"wp-block-heading\">Fontes da informa\u00e7\u00e3o<\/h3>\n\n\n\n<ul class=\"wp-block-list\">\n<li><a href=\"https:\/\/www.contabeis.com.br\/noticias\/73608\/camara-aprova-atualizacao-de-bens-no-imposto-de-renda\/?utm_source=chatgpt.com\">Cont\u00e1beis \u2013 C\u00e2mara aprova atualiza\u00e7\u00e3o de bens no Imposto de Renda<\/a><\/li>\n\n\n\n<li><a href=\"https:\/\/www.camara.leg.br\/noticias\/1217411-aprovado-texto-base-de-projeto-que-permite-atualizacao-do-valor-de-bens-no-imposto-de-renda-acompanhe?utm_source=chatgpt.com\">C\u00e2mara dos Deputados \u2013 Aprovado texto-base do projeto que permite atualiza\u00e7\u00e3o do valor de bens no Imposto de Renda<\/a><\/li>\n\n\n\n<li><a href=\"https:\/\/fenacon.org.br\/noticias\/camara-aprova-projeto-que-permite-atualizacao-do-valor-de-bens-no-imposto-de-renda\/?utm_source=chatgpt.com\">Fenacon \u2013 C\u00e2mara aprova projeto que permite atualiza\u00e7\u00e3o do valor de bens no IR<\/a><\/li>\n\n\n\n<li><a href=\"https:\/\/jornalcontabil.ig.com.br\/noticia\/camara-aprova-projeto-que-permite-atualizacao-do-valor-de-bens-no-ir\/?utm_source=chatgpt.com\">Jornal Cont\u00e1bil \u2013 C\u00e2mara aprova projeto que permite atualiza\u00e7\u00e3o do valor de bens no IR<\/a><\/li>\n<\/ul>\n","protected":false},"excerpt":{"rendered":"<p>A C\u00e2mara dos Deputados aprovou o texto-base do Projeto de Lei n\u00ba 458\/21, que permite a atualiza\u00e7\u00e3o do valor de bens \u2014 como im\u00f3veis, ve\u00edculos terrestres, mar\u00edtimos e a\u00e9reos \u2014 para fins de Imposto de Renda (IR). A proposta tamb\u00e9m cria um regime especial de regulariza\u00e7\u00e3o patrimonial para bens l\u00edcitos que n\u00e3o foram declarados ou [&hellip;]<\/p>\n","protected":false},"author":1,"featured_media":5588,"comment_status":"closed","ping_status":"open","sticky":false,"template":"","format":"standard","meta":{"footnotes":""},"categories":[37,42],"tags":[],"class_list":["post-5724","post","type-post","status-publish","format-standard","has-post-thumbnail","hentry","category-imposto-de-renda","category-pessoa-fisica"],"_links":{"self":[{"href":"https:\/\/multiplacontabil.com.br\/blog\/wp-json\/wp\/v2\/posts\/5724","targetHints":{"allow":["GET"]}}],"collection":[{"href":"https:\/\/multiplacontabil.com.br\/blog\/wp-json\/wp\/v2\/posts"}],"about":[{"href":"https:\/\/multiplacontabil.com.br\/blog\/wp-json\/wp\/v2\/types\/post"}],"author":[{"embeddable":true,"href":"https:\/\/multiplacontabil.com.br\/blog\/wp-json\/wp\/v2\/users\/1"}],"replies":[{"embeddable":true,"href":"https:\/\/multiplacontabil.com.br\/blog\/wp-json\/wp\/v2\/comments?post=5724"}],"version-history":[{"count":0,"href":"https:\/\/multiplacontabil.com.br\/blog\/wp-json\/wp\/v2\/posts\/5724\/revisions"}],"wp:attachment":[{"href":"https:\/\/multiplacontabil.com.br\/blog\/wp-json\/wp\/v2\/media?parent=5724"}],"wp:term":[{"taxonomy":"category","embeddable":true,"href":"https:\/\/multiplacontabil.com.br\/blog\/wp-json\/wp\/v2\/categories?post=5724"},{"taxonomy":"post_tag","embeddable":true,"href":"https:\/\/multiplacontabil.com.br\/blog\/wp-json\/wp\/v2\/tags?post=5724"}],"curies":[{"name":"wp","href":"https:\/\/api.w.org\/{rel}","templated":true}]}}