{"id":5722,"date":"2025-10-28T09:48:02","date_gmt":"2025-10-28T09:48:02","guid":{"rendered":"https:\/\/multiplacontabil.com.br\/blog\/blog\/?p=5722"},"modified":"2025-10-28T09:48:02","modified_gmt":"2025-10-28T09:48:02","slug":"pl-1310-24-atualizacao-tributos-nota-fiscal","status":"publish","type":"post","link":"https:\/\/multiplacontabil.com.br\/blog\/2025\/10\/28\/pl-1310-24-atualizacao-tributos-nota-fiscal\/","title":{"rendered":"PL 1310\/24: atualiza\u00e7\u00e3o dos tributos informados na nota fiscal e o impacto para empresas e consumidores"},"content":{"rendered":"\n<h3 class=\"wp-block-heading\">O que \u00e9 o PL 1310\/24<\/h3>\n\n\n\n<p class=\"wp-block-paragraph\">O <strong>Projeto de Lei 1310\/2024<\/strong>, de autoria do deputado <strong>Kim Kataguiri (Uni\u00e3o-SP)<\/strong>, prop\u00f5e a atualiza\u00e7\u00e3o da <strong>Lei da Transpar\u00eancia Fiscal (Lei n\u00ba 12.741\/2012)<\/strong> \u2014 que obriga a discrimina\u00e7\u00e3o dos tributos incidentes na venda de mercadorias e servi\u00e7os nas notas fiscais.<\/p>\n\n\n\n<p class=\"wp-block-paragraph\">A proposta busca adequar a legisla\u00e7\u00e3o \u00e0s mudan\u00e7as trazidas pela <strong>Reforma Tribut\u00e1ria (EC 132\/2023)<\/strong>, garantindo que os novos tributos sejam informados de forma clara ao consumidor.<\/p>\n\n\n\n<h3 class=\"wp-block-heading\">O que muda com o PL 1310\/24<\/h3>\n\n\n\n<p class=\"wp-block-paragraph\">A <strong>Comiss\u00e3o de Defesa do Consumidor da C\u00e2mara dos Deputados<\/strong> aprovou o parecer favor\u00e1vel ao projeto, com importantes atualiza\u00e7\u00f5es:<\/p>\n\n\n\n<ul class=\"wp-block-list\">\n<li>A substitui\u00e7\u00e3o dos tributos atuais, como <strong>ICMS<\/strong> e <strong>ISS<\/strong>, pelo <strong>Imposto sobre Bens e Servi\u00e7os (IBS)<\/strong>;<\/li>\n\n\n\n<li>Inclus\u00e3o do <strong>Imposto de Importa\u00e7\u00e3o (II)<\/strong> e da <strong>Contribui\u00e7\u00e3o sobre Bens e Servi\u00e7os (CBS)<\/strong> nas notas fiscais;<\/li>\n\n\n\n<li>Obrigatoriedade de incluir nas notas dados do <strong>ano anterior<\/strong>, como:\n<ul class=\"wp-block-list\">\n<li>Percentual da <strong>arrecada\u00e7\u00e3o tribut\u00e1ria sobre o PIB<\/strong>;<\/li>\n\n\n\n<li>Percentual de <strong>gasto p\u00fablico com folha de pagamento<\/strong> (ativos e aposentados).<\/li>\n<\/ul>\n<\/li>\n<\/ul>\n\n\n\n<p class=\"wp-block-paragraph\">Al\u00e9m disso, dever\u00e1 constar uma <strong>mensagem padronizada<\/strong> de transpar\u00eancia, informando a carga tribut\u00e1ria e o destino dos recursos p\u00fablicos.<\/p>\n\n\n\n<blockquote class=\"wp-block-quote is-layout-flow wp-block-quote-is-layout-flow\">\n<p class=\"wp-block-paragraph\">\u201cO Estado brasileiro arrecada (X)% em tributos do que se produz sobre bens e servi\u00e7os como os que voc\u00ea acabou de comprar e gasta at\u00e9 (Y)% daqueles com despesas com o funcionalismo p\u00fablico.\u201d<\/p>\n<\/blockquote>\n\n\n\n<h3 class=\"wp-block-heading\">Em que est\u00e1gio est\u00e1 o projeto<\/h3>\n\n\n\n<ul class=\"wp-block-list\">\n<li>O projeto foi <strong>apresentado em abril de 2024<\/strong>;<\/li>\n\n\n\n<li>Recebeu parecer favor\u00e1vel na <strong>Comiss\u00e3o de Ind\u00fastria, Com\u00e9rcio e Servi\u00e7os<\/strong> em junho de 2024;<\/li>\n\n\n\n<li>Em <strong>outubro de 2025<\/strong>, foi <strong>aprovado na Comiss\u00e3o de Defesa do Consumidor<\/strong>;<\/li>\n\n\n\n<li>Ainda ser\u00e1 analisado por outras comiss\u00f5es: <strong>Administra\u00e7\u00e3o e Servi\u00e7o P\u00fablico<\/strong>, <strong>Finan\u00e7as e Tributa\u00e7\u00e3o<\/strong>, e <strong>Constitui\u00e7\u00e3o e Justi\u00e7a e de Cidadania (CCJ)<\/strong> antes de seguir ao plen\u00e1rio.<\/li>\n<\/ul>\n\n\n\n<h3 class=\"wp-block-heading\">Impactos do PL 1310\/24<\/h3>\n\n\n\n<h4 class=\"wp-block-heading\">Para o consumidor<\/h4>\n\n\n\n<ul class=\"wp-block-list\">\n<li>Aumento da <strong>transpar\u00eancia tribut\u00e1ria<\/strong> nas compras;<\/li>\n\n\n\n<li>Maior <strong>clareza sobre o destino dos impostos pagos<\/strong>;<\/li>\n\n\n\n<li>Est\u00edmulo \u00e0 <strong>educa\u00e7\u00e3o fiscal e controle social<\/strong>.<\/li>\n<\/ul>\n\n\n\n<h4 class=\"wp-block-heading\">Para as empresas<\/h4>\n\n\n\n<ul class=\"wp-block-list\">\n<li><strong>Adequa\u00e7\u00e3o dos sistemas de emiss\u00e3o de nota fiscal<\/strong>, com novos campos e tributos;<\/li>\n\n\n\n<li>Necessidade de <strong>atualiza\u00e7\u00e3o de layouts e integra\u00e7\u00f5es<\/strong> com o sistema cont\u00e1bil;<\/li>\n\n\n\n<li><strong>Treinamento das equipes<\/strong> de faturamento e contabilidade;<\/li>\n\n\n\n<li>Ajuste da <strong>comunica\u00e7\u00e3o com o cliente final<\/strong>, para explicar as novas informa\u00e7\u00f5es exibidas.<\/li>\n<\/ul>\n\n\n\n<p class=\"wp-block-paragraph\">Empresas que se anteciparem \u00e0s mudan\u00e7as ter\u00e3o vantagem competitiva, reduzindo custos futuros de adapta\u00e7\u00e3o e evitando autua\u00e7\u00f5es.<\/p>\n\n\n\n<h3 class=\"wp-block-heading\">Pontos de aten\u00e7\u00e3o<\/h3>\n\n\n\n<ol class=\"wp-block-list\">\n<li><strong>A proposta ainda est\u00e1 em tramita\u00e7\u00e3o<\/strong>, podendo sofrer altera\u00e7\u00f5es at\u00e9 a aprova\u00e7\u00e3o final;<\/li>\n\n\n\n<li>O <strong>IBS e a CBS<\/strong> ainda dependem de regulamenta\u00e7\u00f5es espec\u00edficas da Reforma Tribut\u00e1ria;<\/li>\n\n\n\n<li><strong>Sistemas fiscais e de TI<\/strong> precisar\u00e3o ser ajustados para integrar corretamente os novos dados;<\/li>\n\n\n\n<li><strong>Micro e pequenas empresas<\/strong> podem sentir mais o impacto financeiro dessas mudan\u00e7as;<\/li>\n\n\n\n<li>\u00c9 essencial contar com <strong>orienta\u00e7\u00e3o cont\u00e1bil especializada<\/strong> durante o processo de adapta\u00e7\u00e3o.<\/li>\n<\/ol>\n\n\n\n<h3 class=\"wp-block-heading\">Como a M\u00faltipla Contabilidade pode ajudar<\/h3>\n\n\n\n<p class=\"wp-block-paragraph\">A <strong>M\u00faltipla Contabilidade<\/strong> acompanha de perto as mudan\u00e7as da legisla\u00e7\u00e3o tribut\u00e1ria e pode orientar sua empresa a se preparar para as novas exig\u00eancias do PL 1310\/24.<\/p>\n\n\n\n<p class=\"wp-block-paragraph\">Oferecemos suporte em:<\/p>\n\n\n\n<ul class=\"wp-block-list\">\n<li>Adequa\u00e7\u00e3o de layouts de notas fiscais;<\/li>\n\n\n\n<li>Consultoria personalizada sobre obriga\u00e7\u00f5es acess\u00f3rias;<\/li>\n\n\n\n<li>Monitoramento da tramita\u00e7\u00e3o de leis e ajustes tribut\u00e1rios.<\/li>\n<\/ul>\n\n\n\n<p class=\"wp-block-paragraph\">Com planejamento e orienta\u00e7\u00e3o, \u00e9 poss\u00edvel transformar mudan\u00e7as legais em <strong>oportunidades para modernizar e tornar sua empresa mais transparente e eficiente<\/strong>.<\/p>\n\n\n\n<h3 class=\"wp-block-heading\">Conclus\u00e3o<\/h3>\n\n\n\n<p class=\"wp-block-paragraph\">O <strong>PL 1310\/24<\/strong> refor\u00e7a a import\u00e2ncia da transpar\u00eancia na rela\u00e7\u00e3o entre empresas, consumidores e o Estado.<br>Mais do que uma obriga\u00e7\u00e3o, a medida pode ser uma oportunidade para fortalecer a confian\u00e7a do cliente e aprimorar a gest\u00e3o fiscal das empresas.<\/p>\n\n\n\n<p class=\"wp-block-paragraph\">A M\u00faltipla Contabilidade est\u00e1 pronta para apoiar sua empresa nesse processo \u2014 acompanhando cada etapa e garantindo conformidade com a nova legisla\u00e7\u00e3o tribut\u00e1ria.<\/p>\n\n\n\n<h3 class=\"wp-block-heading\">Fontes de informa\u00e7\u00e3o<\/h3>\n\n\n\n<ul class=\"wp-block-list\">\n<li><a href=\"https:\/\/www.camara.leg.br\/proposicoesWeb\/fichadetramitacao?idProposicao=2427750&amp;utm_source=chatgpt.com\">C\u00e2mara dos Deputados \u2013 Ficha de tramita\u00e7\u00e3o do PL 1310\/24<\/a><\/li>\n\n\n\n<li><a href=\"https:\/\/www.camara.leg.br\/noticias\/1215560-comissao-de-defesa-do-consumidor-aprova-atualizacao-de-tributos-a-serem-informados-em-nota-fiscal?utm_source=chatgpt.com\">C\u00e2mara dos Deputados \u2013 Comiss\u00e3o de Defesa do Consumidor aprova atualiza\u00e7\u00e3o de tributos a serem informados em nota fiscal<\/a><\/li>\n\n\n\n<li><a href=\"https:\/\/panoramicanews.com\/noticia\/201057\/comissao-de-defesa-do-consumidor-aprova-atualizacao-de-tributos-a-serem-informados-em-nota-fiscal?utm_source=chatgpt.com\">Panoramicanews \u2013 Comiss\u00e3o aprova atualiza\u00e7\u00e3o de tributos informados na nota fiscal<\/a><\/li>\n<\/ul>\n\n\n\n<p class=\"wp-block-paragraph\"><\/p>\n","protected":false},"excerpt":{"rendered":"<p>O que \u00e9 o PL 1310\/24 O Projeto de Lei 1310\/2024, de autoria do deputado Kim Kataguiri (Uni\u00e3o-SP), prop\u00f5e a atualiza\u00e7\u00e3o da Lei da Transpar\u00eancia Fiscal (Lei n\u00ba 12.741\/2012) \u2014 que obriga a discrimina\u00e7\u00e3o dos tributos incidentes na venda de mercadorias e servi\u00e7os nas notas fiscais. A proposta busca adequar a legisla\u00e7\u00e3o \u00e0s mudan\u00e7as trazidas [&hellip;]<\/p>\n","protected":false},"author":1,"featured_media":5532,"comment_status":"closed","ping_status":"open","sticky":false,"template":"","format":"standard","meta":{"footnotes":""},"categories":[21],"tags":[],"class_list":["post-5722","post","type-post","status-publish","format-standard","has-post-thumbnail","hentry","category-contabilidade"],"_links":{"self":[{"href":"https:\/\/multiplacontabil.com.br\/blog\/wp-json\/wp\/v2\/posts\/5722","targetHints":{"allow":["GET"]}}],"collection":[{"href":"https:\/\/multiplacontabil.com.br\/blog\/wp-json\/wp\/v2\/posts"}],"about":[{"href":"https:\/\/multiplacontabil.com.br\/blog\/wp-json\/wp\/v2\/types\/post"}],"author":[{"embeddable":true,"href":"https:\/\/multiplacontabil.com.br\/blog\/wp-json\/wp\/v2\/users\/1"}],"replies":[{"embeddable":true,"href":"https:\/\/multiplacontabil.com.br\/blog\/wp-json\/wp\/v2\/comments?post=5722"}],"version-history":[{"count":0,"href":"https:\/\/multiplacontabil.com.br\/blog\/wp-json\/wp\/v2\/posts\/5722\/revisions"}],"wp:attachment":[{"href":"https:\/\/multiplacontabil.com.br\/blog\/wp-json\/wp\/v2\/media?parent=5722"}],"wp:term":[{"taxonomy":"category","embeddable":true,"href":"https:\/\/multiplacontabil.com.br\/blog\/wp-json\/wp\/v2\/categories?post=5722"},{"taxonomy":"post_tag","embeddable":true,"href":"https:\/\/multiplacontabil.com.br\/blog\/wp-json\/wp\/v2\/tags?post=5722"}],"curies":[{"name":"wp","href":"https:\/\/api.w.org\/{rel}","templated":true}]}}