{"id":5713,"date":"2025-10-16T13:57:27","date_gmt":"2025-10-16T13:57:27","guid":{"rendered":"https:\/\/multiplacontabil.com.br\/blog\/blog\/?p=5713"},"modified":"2025-10-16T13:57:27","modified_gmt":"2025-10-16T13:57:27","slug":"inss-suspende-programa-de-reducao-de-fila-por-falta-de-orcamento","status":"publish","type":"post","link":"https:\/\/multiplacontabil.com.br\/blog\/2025\/10\/16\/inss-suspende-programa-de-reducao-de-fila-por-falta-de-orcamento\/","title":{"rendered":"INSS suspende programa de redu\u00e7\u00e3o de fila por falta de or\u00e7amento"},"content":{"rendered":"\n<h3 class=\"wp-block-heading\">O Instituto Nacional do Seguro Social (INSS) anunciou, em outubro de 2025, a suspens\u00e3o tempor\u00e1ria do <strong>Programa de Gerenciamento de Benef\u00edcios (PGB)<\/strong> \u2014 iniciativa que tinha por objetivo reduzir a fila de espera para concess\u00e3o de aposentadorias, pens\u00f5es e aux\u00edlios previdenci\u00e1rios. A raz\u00e3o apontada \u00e9 a insufici\u00eancia or\u00e7ament\u00e1ria, o que gera apreens\u00e3o entre segurados e especialistas do setor previdenci\u00e1rio.<\/h3>\n\n\n\n<h3 class=\"wp-block-heading\">O que era o Programa de Gerenciamento de Benef\u00edcios (PGB)<\/h3>\n\n\n\n<p class=\"wp-block-paragraph\">O PGB foi concebido para acelerar o processamento de requerimentos do INSS por meio de incentivos de produtividade. Servidores que ultrapassassem metas estabelecidas recebiam b\u00f4nus extras, o que estimulava an\u00e1lise adicional de pedidos fora do fluxo ordin\u00e1rio.<\/p>\n\n\n\n<p class=\"wp-block-paragraph\">Al\u00e9m disso, o programa permitia a realiza\u00e7\u00e3o de mutir\u00f5es e atendimento em hor\u00e1rios diferenciados (inclusive fins de semana) para desafogar o estoque de processos acumulados.<br>A ideia era que esses mecanismos fossem uma \u201cvia acelerada\u201d de tramita\u00e7\u00e3o, reduzindo o tempo m\u00e9dio de an\u00e1lise dos requerimentos.<\/p>\n\n\n\n<h3 class=\"wp-block-heading\">Motivo da suspens\u00e3o<\/h3>\n\n\n\n<p class=\"wp-block-paragraph\">O ponto central do an\u00fancio foi a falta de recursos. Segundo o presidente do INSS, Gilberto Waller Jr., o programa n\u00e3o poderia continuar operando sem uma suplementa\u00e7\u00e3o no or\u00e7amento. Em of\u00edcio encaminhado ao Minist\u00e9rio da Previd\u00eancia, ele requisitou <strong>R$ 89,1 milh\u00f5es<\/strong> para viabilizar a continuidade do PGB.<\/p>\n\n\n\n<p class=\"wp-block-paragraph\">O INSS justificou que a suspens\u00e3o \u00e9 uma medida preventiva para evitar impactos administrativos decorrentes da execu\u00e7\u00e3o de um programa sem recursos garantidos.<\/p>\n\n\n\n<h3 class=\"wp-block-heading\">Consequ\u00eancias pr\u00e1ticas da suspens\u00e3o<\/h3>\n\n\n\n<ul class=\"wp-block-list\">\n<li>Os processos que estavam em \u201cfluxo extraordin\u00e1rio\u201d (sob o regime de incentivo extra) ser\u00e3o devolvidos ao fluxo ordin\u00e1rio de an\u00e1lise.<\/li>\n\n\n\n<li>Pedidos que estavam em exig\u00eancias ser\u00e3o redistribu\u00eddos conforme os tr\u00e2mites normais.<\/li>\n\n\n\n<li>Atendimentos sociais e agendas previamente marcadas fora da jornada normal poder\u00e3o ser remanejados ou suspensos, com retorno ao hor\u00e1rio habitual de expediente.<\/li>\n\n\n\n<li>A expectativa de an\u00e1lise em \u201cat\u00e9 45 dias\u201d (meta assumida anteriormente) fica comprometida, diante da volta \u00e0 morosidade tradicional dos tr\u00e2mites.<\/li>\n<\/ul>\n\n\n\n<h3 class=\"wp-block-heading\">O cen\u00e1rio da fila no INSS<\/h3>\n\n\n\n<p class=\"wp-block-paragraph\">A fila de requerimentos do INSS j\u00e1 vinha crescendo nos \u00faltimos meses. Em agosto de 2025, havia mais de <strong>2,6 milh\u00f5es<\/strong> de pedidos pendentes.<br>No in\u00edcio de 2025, chegou-se a um pico de <strong>2,7 milh\u00f5es<\/strong> de processos acumulados.<\/p>\n\n\n\n<p class=\"wp-block-paragraph\">Esse ac\u00famulo se deve a diversos fatores: falta de pessoal, alta demanda, greves (como das per\u00edcias) e gargalos administrativos.<\/p>\n\n\n\n<h3 class=\"wp-block-heading\">Cr\u00edticas e riscos apontados<\/h3>\n\n\n\n<p class=\"wp-block-paragraph\">Especialistas e advogados previdenci\u00e1rios manifestaram preocupa\u00e7\u00e3o com a suspens\u00e3o. Alguns dos pontos levantados:<\/p>\n\n\n\n<ol class=\"wp-block-list\">\n<li><strong>Atrasos ainda maiores<\/strong> \u2013 sem o incentivo e a via acelerada, muitos requerimentos j\u00e1 antigos podem se agravar em tempo.<\/li>\n\n\n\n<li><strong>Corre\u00e7\u00e3o monet\u00e1ria e impacto financeiro<\/strong> \u2013 quanto mais demorados os processos, maior o custo com corre\u00e7\u00e3o de valores.<\/li>\n\n\n\n<li><strong>Inconsist\u00eancia na pol\u00edtica p\u00fablica<\/strong> \u2013 programas de incentivo dependem de garantias or\u00e7ament\u00e1rias; sem isso, ficam fragilizados.<\/li>\n\n\n\n<li><strong>Inseguran\u00e7a jur\u00eddica para o segurado<\/strong> \u2013 quem depende desses benef\u00edcios para sobreviver fica vulner\u00e1vel \u00e0 instabilidade do sistema.<\/li>\n<\/ol>\n\n\n\n<h3 class=\"wp-block-heading\">O que esperar daqui para frente<\/h3>\n\n\n\n<ul class=\"wp-block-list\">\n<li>O INSS afirma que est\u00e1 buscando a suplementa\u00e7\u00e3o or\u00e7ament\u00e1ria e atuando com os \u00f3rg\u00e3os competentes para retomar o funcionamento pleno do PGB.<\/li>\n\n\n\n<li>\u00c9 poss\u00edvel que o programa volte em partes ou com ajustes, caso os recursos sejam liberados.<\/li>\n\n\n\n<li>Contudo, at\u00e9 que isso ocorra, permanecer\u00e3o os tr\u00e2mites regulares, com seus prazos naturais mais longos.<\/li>\n\n\n\n<li>A meta anunciada de reduzir a fila a 45 dias dificilmente ser\u00e1 atingida no curto prazo, sem mudan\u00e7a estrutural ou aporte de recursos robustos.<\/li>\n<\/ul>\n\n\n\n<h3 class=\"wp-block-heading\">Considera\u00e7\u00f5es finais<\/h3>\n\n\n\n<p class=\"wp-block-paragraph\">A suspens\u00e3o do programa de redu\u00e7\u00e3o de filas do INSS representa um golpe para quem depende da agilidade no acesso a benef\u00edcios previdenci\u00e1rios. A falta de or\u00e7amento mascarou um problema estrutural: a fragilidade dos mecanismos que dependem de incentivos condicionais e a falta de estabilidade financeira para mant\u00ea-los.<\/p>\n\n\n\n<p class=\"wp-block-paragraph\">Para o segurado, isso pode significar demora crescente, inseguran\u00e7a no planejamento de benef\u00edcio e ac\u00famulo de processos. Espera-se que o governo e o INSS encontrem uma solu\u00e7\u00e3o equilibrada \u2014 que combine sustentabilidade or\u00e7ament\u00e1ria com efetividade no atendimento \u2014 para evitar que milh\u00f5es continuem \u00e0 espera por seus direitos.<\/p>\n\n\n\n<hr class=\"wp-block-separator has-alpha-channel-opacity\"\/>\n\n\n\n<h3 class=\"wp-block-heading\">Fontes de informa\u00e7\u00e3o:<\/h3>\n\n\n\n<p class=\"wp-block-paragraph\"><a href=\"https:\/\/veja.abril.com.br\/coluna\/radar\/inss-suspende-programa-de-reducao-de-fila-por-falta-de-dinheiro\/\">Revista Veja \u2013 INSS suspende programa de redu\u00e7\u00e3o de fila por falta de dinheiro<\/a><\/p>\n\n\n\n<p class=\"wp-block-paragraph\"><a href=\"https:\/\/g1.globo.com\/economia\/noticia\/2025\/10\/15\/inss-suspende-programa-de-reducao-de-fila-por-falta-de-orcamento.ghtml\">G1 \u2013 INSS suspende programa de redu\u00e7\u00e3o de fila por falta de or\u00e7amento<\/a><\/p>\n\n\n\n<p class=\"wp-block-paragraph\"><a href=\"https:\/\/agenciabrasil.ebc.com.br\/economia\/noticia\/2025-10\/inss-suspende-programa-de-reducao-de-fila-por-falta-de-verba?utm_source=chatgpt.com\">Ag\u00eancia Brasil \u2013 INSS suspende programa de redu\u00e7\u00e3o de fila por falta de verba<\/a><\/p>\n","protected":false},"excerpt":{"rendered":"<p>O Instituto Nacional do Seguro Social (INSS) anunciou, em outubro de 2025, a suspens\u00e3o tempor\u00e1ria do Programa de Gerenciamento de Benef\u00edcios (PGB) \u2014 iniciativa que tinha por objetivo reduzir a fila de espera para concess\u00e3o de aposentadorias, pens\u00f5es e aux\u00edlios previdenci\u00e1rios. A raz\u00e3o apontada \u00e9 a insufici\u00eancia or\u00e7ament\u00e1ria, o que gera apreens\u00e3o entre segurados e [&hellip;]<\/p>\n","protected":false},"author":1,"featured_media":5714,"comment_status":"closed","ping_status":"open","sticky":false,"template":"","format":"standard","meta":{"footnotes":""},"categories":[21],"tags":[],"class_list":["post-5713","post","type-post","status-publish","format-standard","has-post-thumbnail","hentry","category-contabilidade"],"_links":{"self":[{"href":"https:\/\/multiplacontabil.com.br\/blog\/wp-json\/wp\/v2\/posts\/5713","targetHints":{"allow":["GET"]}}],"collection":[{"href":"https:\/\/multiplacontabil.com.br\/blog\/wp-json\/wp\/v2\/posts"}],"about":[{"href":"https:\/\/multiplacontabil.com.br\/blog\/wp-json\/wp\/v2\/types\/post"}],"author":[{"embeddable":true,"href":"https:\/\/multiplacontabil.com.br\/blog\/wp-json\/wp\/v2\/users\/1"}],"replies":[{"embeddable":true,"href":"https:\/\/multiplacontabil.com.br\/blog\/wp-json\/wp\/v2\/comments?post=5713"}],"version-history":[{"count":0,"href":"https:\/\/multiplacontabil.com.br\/blog\/wp-json\/wp\/v2\/posts\/5713\/revisions"}],"wp:attachment":[{"href":"https:\/\/multiplacontabil.com.br\/blog\/wp-json\/wp\/v2\/media?parent=5713"}],"wp:term":[{"taxonomy":"category","embeddable":true,"href":"https:\/\/multiplacontabil.com.br\/blog\/wp-json\/wp\/v2\/categories?post=5713"},{"taxonomy":"post_tag","embeddable":true,"href":"https:\/\/multiplacontabil.com.br\/blog\/wp-json\/wp\/v2\/tags?post=5713"}],"curies":[{"name":"wp","href":"https:\/\/api.w.org\/{rel}","templated":true}]}}