{"id":5707,"date":"2025-10-13T13:43:58","date_gmt":"2025-10-13T13:43:58","guid":{"rendered":"https:\/\/multiplacontabil.com.br\/blog\/blog\/?p=5707"},"modified":"2025-10-13T13:43:58","modified_gmt":"2025-10-13T13:43:58","slug":"parcelamento-excepcional-2025-regularizacao-de-debitos-previdenciarios-para-municipios-e-consorcios-intermunicipais","status":"publish","type":"post","link":"https:\/\/multiplacontabil.com.br\/blog\/2025\/10\/13\/parcelamento-excepcional-2025-regularizacao-de-debitos-previdenciarios-para-municipios-e-consorcios-intermunicipais\/","title":{"rendered":"Parcelamento Excepcional 2025: Regulariza\u00e7\u00e3o de D\u00e9bitos Previdenci\u00e1rios para Munic\u00edpios e Cons\u00f3rcios Intermunicipais"},"content":{"rendered":"\n<h2 class=\"wp-block-heading\">O que \u00e9 o Parcelamento Excepcional 2025 e quem pode aderir<\/h2>\n\n\n\n<p class=\"wp-block-paragraph\">A <strong>Receita Federal do Brasil (RFB)<\/strong> regulamentou, por meio da <strong>Instru\u00e7\u00e3o Normativa RFB n\u00ba 2.283\/2025<\/strong>, o <strong>Parcelamento Excepcional de D\u00e9bitos Previdenci\u00e1rios<\/strong>, previsto na <strong>Emenda Constitucional n\u00ba 136\/2025<\/strong>.<\/p>\n\n\n\n<p class=\"wp-block-paragraph\">Esse programa foi criado <strong>exclusivamente para entes p\u00fablicos municipais<\/strong> \u2014 ou seja, <strong>n\u00e3o se aplica a empresas privadas ou pessoas f\u00edsicas<\/strong>. Ele \u00e9 destinado a:<\/p>\n\n\n\n<ul class=\"wp-block-list\">\n<li><strong>Munic\u00edpios<\/strong>: administra\u00e7\u00f5es municipais que possuam d\u00e9bitos previdenci\u00e1rios junto \u00e0 Receita Federal ou ao INSS;<\/li>\n\n\n\n<li><strong>Autarquias e funda\u00e7\u00f5es municipais<\/strong>: \u00f3rg\u00e3os vinculados \u00e0s prefeituras, como institutos de previd\u00eancia, funda\u00e7\u00f5es de sa\u00fade ou educa\u00e7\u00e3o;<\/li>\n\n\n\n<li><strong>Cons\u00f3rcios p\u00fablicos intermunicipais<\/strong>: associa\u00e7\u00f5es formadas entre dois ou mais munic\u00edpios para execu\u00e7\u00e3o de servi\u00e7os p\u00fablicos (como saneamento, sa\u00fade ou meio ambiente).<\/li>\n<\/ul>\n\n\n\n<p class=\"wp-block-paragraph\">O objetivo do parcelamento \u00e9 <strong>permitir que esses entes regularizem d\u00e9bitos previdenci\u00e1rios vencidos<\/strong> \u2014 com condi\u00e7\u00f5es mais acess\u00edveis de pagamento e redu\u00e7\u00e3o de encargos financeiros \u2014 garantindo equil\u00edbrio fiscal e continuidade dos servi\u00e7os p\u00fablicos.<\/p>\n\n\n\n<h2 class=\"wp-block-heading\">Quais d\u00e9bitos podem ser inclu\u00eddos no parcelamento<\/h2>\n\n\n\n<p class=\"wp-block-paragraph\">O <strong>Parcelamento Excepcional 2025<\/strong> abrange praticamente todos os d\u00e9bitos previdenci\u00e1rios devidos at\u00e9 <strong>31 de agosto de 2025<\/strong>, incluindo:<\/p>\n\n\n\n<ul class=\"wp-block-list\">\n<li>Contribui\u00e7\u00f5es previdenci\u00e1rias devidas ao Regime Geral de Previd\u00eancia Social (RGPS);<\/li>\n\n\n\n<li>Contribui\u00e7\u00f5es sobre o <strong>13\u00ba sal\u00e1rio<\/strong>;<\/li>\n\n\n\n<li>D\u00e9bitos constitu\u00eddos por <strong>lan\u00e7amento de of\u00edcio<\/strong>;<\/li>\n\n\n\n<li>D\u00e9bitos em <strong>fase administrativa ou judicial<\/strong>;<\/li>\n\n\n\n<li>Parcelamentos anteriores, <strong>ativos ou rescindidos<\/strong>, desde que o ente desista formalmente deles para aderir ao novo regime.<\/li>\n<\/ul>\n\n\n\n<p class=\"wp-block-paragraph\">Essa abrang\u00eancia oferece uma <strong>oportunidade \u00fanica de regulariza\u00e7\u00e3o<\/strong> para munic\u00edpios e cons\u00f3rcios que possuem pend\u00eancias de exerc\u00edcios anteriores ou processos ainda em discuss\u00e3o.<\/p>\n\n\n\n<h2 class=\"wp-block-heading\">Condi\u00e7\u00f5es e benef\u00edcios oferecidos pela Receita Federal<\/h2>\n\n\n\n<p class=\"wp-block-paragraph\">O programa oferece condi\u00e7\u00f5es diferenciadas de pagamento, com <strong>descontos expressivos<\/strong> e prazos longos para facilitar o equil\u00edbrio fiscal das prefeituras e cons\u00f3rcios.<\/p>\n\n\n\n<h3 class=\"wp-block-heading\">Prazo de ades\u00e3o<\/h3>\n\n\n\n<ul class=\"wp-block-list\">\n<li>O pedido de ades\u00e3o pode ser feito at\u00e9 <strong>31 de agosto de 2026<\/strong>;<\/li>\n\n\n\n<li>O processo \u00e9 <strong>totalmente eletr\u00f4nico<\/strong>, realizado pelo <strong>Portal e-CAC<\/strong> da Receita Federal.<\/li>\n<\/ul>\n\n\n\n<h3 class=\"wp-block-heading\">Redu\u00e7\u00f5es e prazos<\/h3>\n\n\n\n<ul class=\"wp-block-list\">\n<li><strong>Redu\u00e7\u00e3o de at\u00e9 40% nas multas<\/strong>;<\/li>\n\n\n\n<li><strong>Redu\u00e7\u00e3o de at\u00e9 80% nos juros de mora<\/strong>;<\/li>\n\n\n\n<li>Pagamento em at\u00e9 <strong>300 parcelas mensais<\/strong>;<\/li>\n\n\n\n<li>Caso ainda reste saldo ap\u00f3s a \u00faltima parcela, \u00e9 poss\u00edvel quitar o valor remanescente em <strong>at\u00e9 60 parcelas adicionais<\/strong>.<\/li>\n<\/ul>\n\n\n\n<h3 class=\"wp-block-heading\">Forma de pagamento<\/h3>\n\n\n\n<ul class=\"wp-block-list\">\n<li><strong>Munic\u00edpios<\/strong>: as parcelas ser\u00e3o automaticamente descontadas do <strong>Fundo de Participa\u00e7\u00e3o dos Munic\u00edpios (FPM)<\/strong>;<\/li>\n\n\n\n<li><strong>Cons\u00f3rcios p\u00fablicos intermunicipais<\/strong>: o pagamento ser\u00e1 feito por <strong>d\u00e9bito autom\u00e1tico em conta corrente<\/strong>.<\/li>\n<\/ul>\n\n\n\n<p class=\"wp-block-paragraph\">Esses mecanismos foram criados para facilitar o pagamento e reduzir o risco de inadimpl\u00eancia.<\/p>\n\n\n\n<h2 class=\"wp-block-heading\">Juros reduzidos conforme o valor antecipado<\/h2>\n\n\n\n<p class=\"wp-block-paragraph\">Os juros incidentes sobre o parcelamento variam conforme o percentual de pagamento antecipado no momento da ades\u00e3o:<\/p>\n\n\n\n<ul class=\"wp-block-list\">\n<li>Quem antecipar parte do d\u00e9bito poder\u00e1 ter <strong>redu\u00e7\u00e3o ou isen\u00e7\u00e3o de juros<\/strong>;<\/li>\n\n\n\n<li>A taxa pode chegar a <strong>0% ao ano<\/strong> em casos de antecipa\u00e7\u00e3o significativa;<\/li>\n\n\n\n<li>Percentuais menores de antecipa\u00e7\u00e3o aplicam juros graduados (1% a 4% ao ano, conforme a norma).<\/li>\n<\/ul>\n\n\n\n<p class=\"wp-block-paragraph\">Essa regra incentiva os entes p\u00fablicos a anteciparem valores para reduzir o custo total da d\u00edvida.<\/p>\n\n\n\n<h2 class=\"wp-block-heading\">Requisitos e documenta\u00e7\u00e3o exigida<\/h2>\n\n\n\n<p class=\"wp-block-paragraph\">Para ingressar no parcelamento, os entes interessados devem:<\/p>\n\n\n\n<ol class=\"wp-block-list\">\n<li><strong>Solicitar a ades\u00e3o via e-CAC<\/strong>, no portal da Receita Federal;<\/li>\n\n\n\n<li><strong>Apresentar requerimento<\/strong> com discrimina\u00e7\u00e3o dos d\u00e9bitos a serem inclu\u00eddos;<\/li>\n\n\n\n<li><strong>Desistir de a\u00e7\u00f5es judiciais e impugna\u00e7\u00f5es administrativas<\/strong> relacionadas aos d\u00e9bitos;<\/li>\n\n\n\n<li><strong>Renunciar a alega\u00e7\u00f5es de direito<\/strong> usadas nesses processos;<\/li>\n\n\n\n<li><strong>Autorizar a forma de pagamento<\/strong> (reten\u00e7\u00e3o no FPM ou d\u00e9bito em conta, conforme o caso);<\/li>\n\n\n\n<li>Caso o munic\u00edpio possua <strong>Regime Pr\u00f3prio de Previd\u00eancia Social (RPPS)<\/strong>, cumprir as exig\u00eancias adicionais previstas pela norma e demais \u00f3rg\u00e3os competentes.<\/li>\n<\/ol>\n\n\n\n<h2 class=\"wp-block-heading\">Situa\u00e7\u00f5es que podem causar o cancelamento do parcelamento<\/h2>\n\n\n\n<p class=\"wp-block-paragraph\">A Receita Federal poder\u00e1 rescindir o parcelamento se houver descumprimento das regras, como:<\/p>\n\n\n\n<ul class=\"wp-block-list\">\n<li>Falta de pagamento de <strong>tr\u00eas parcelas consecutivas<\/strong>, <strong>seis alternadas<\/strong> ou <strong>duas quaisquer<\/strong>;<\/li>\n\n\n\n<li>Omiss\u00e3o de documentos obrigat\u00f3rios;<\/li>\n\n\n\n<li>Descumprimento das obriga\u00e7\u00f5es acess\u00f3rias ou de informa\u00e7\u00f5es exigidas;<\/li>\n\n\n\n<li>Inclus\u00e3o indevida de d\u00e9bitos n\u00e3o eleg\u00edveis.<\/li>\n<\/ul>\n\n\n\n<p class=\"wp-block-paragraph\">Em caso de rescis\u00e3o, <strong>todos os benef\u00edcios de desconto s\u00e3o perdidos<\/strong>, e o valor total da d\u00edvida volta a ser cobrado integralmente.<\/p>\n\n\n\n<h2 class=\"wp-block-heading\">Por que esse parcelamento \u00e9 importante para os munic\u00edpios<\/h2>\n\n\n\n<p class=\"wp-block-paragraph\">A medida representa um <strong>al\u00edvio fiscal importante<\/strong> para as prefeituras e cons\u00f3rcios p\u00fablicos, especialmente aqueles com passivos previdenci\u00e1rios antigos.<\/p>\n\n\n\n<h3 class=\"wp-block-heading\">Principais benef\u00edcios<\/h3>\n\n\n\n<ul class=\"wp-block-list\">\n<li>Redu\u00e7\u00e3o significativa de encargos e juros;<\/li>\n\n\n\n<li>Regulariza\u00e7\u00e3o fiscal perante a Receita Federal e o INSS;<\/li>\n\n\n\n<li>Reintegra\u00e7\u00e3o a programas de transfer\u00eancias volunt\u00e1rias e conv\u00eanios federais;<\/li>\n\n\n\n<li>Melhoria na gest\u00e3o financeira e no planejamento or\u00e7ament\u00e1rio;<\/li>\n\n\n\n<li>Transpar\u00eancia na administra\u00e7\u00e3o p\u00fablica e seguran\u00e7a jur\u00eddica.<\/li>\n<\/ul>\n\n\n\n<h3 class=\"wp-block-heading\">Pontos de aten\u00e7\u00e3o<\/h3>\n\n\n\n<ul class=\"wp-block-list\">\n<li>O parcelamento \u00e9 <strong>irrevog\u00e1vel e irretrat\u00e1vel<\/strong>;<\/li>\n\n\n\n<li>Exige <strong>planejamento financeiro de longo prazo<\/strong>;<\/li>\n\n\n\n<li>Falhas no cumprimento podem causar <strong>rescis\u00e3o e perda de benef\u00edcios<\/strong>.<\/li>\n<\/ul>\n\n\n\n<h2 class=\"wp-block-heading\">Conclus\u00e3o<\/h2>\n\n\n\n<p class=\"wp-block-paragraph\">O <strong>Parcelamento Excepcional 2025<\/strong> \u00e9 uma oportunidade exclusiva para <strong>munic\u00edpios, autarquias, funda\u00e7\u00f5es e cons\u00f3rcios intermunicipais<\/strong> que buscam reorganizar suas finan\u00e7as e eliminar passivos previdenci\u00e1rios com seguran\u00e7a.<br>As condi\u00e7\u00f5es especiais de desconto e parcelamento permitem <strong>retomar a regularidade fiscal<\/strong> e fortalecer a gest\u00e3o p\u00fablica a longo prazo.<\/p>\n","protected":false},"excerpt":{"rendered":"<p>O que \u00e9 o Parcelamento Excepcional 2025 e quem pode aderir A Receita Federal do Brasil (RFB) regulamentou, por meio da Instru\u00e7\u00e3o Normativa RFB n\u00ba 2.283\/2025, o Parcelamento Excepcional de D\u00e9bitos Previdenci\u00e1rios, previsto na Emenda Constitucional n\u00ba 136\/2025. Esse programa foi criado exclusivamente para entes p\u00fablicos municipais \u2014 ou seja, n\u00e3o se aplica a empresas [&hellip;]<\/p>\n","protected":false},"author":1,"featured_media":5344,"comment_status":"closed","ping_status":"open","sticky":false,"template":"","format":"standard","meta":{"footnotes":""},"categories":[21],"tags":[],"class_list":["post-5707","post","type-post","status-publish","format-standard","has-post-thumbnail","hentry","category-contabilidade"],"_links":{"self":[{"href":"https:\/\/multiplacontabil.com.br\/blog\/wp-json\/wp\/v2\/posts\/5707","targetHints":{"allow":["GET"]}}],"collection":[{"href":"https:\/\/multiplacontabil.com.br\/blog\/wp-json\/wp\/v2\/posts"}],"about":[{"href":"https:\/\/multiplacontabil.com.br\/blog\/wp-json\/wp\/v2\/types\/post"}],"author":[{"embeddable":true,"href":"https:\/\/multiplacontabil.com.br\/blog\/wp-json\/wp\/v2\/users\/1"}],"replies":[{"embeddable":true,"href":"https:\/\/multiplacontabil.com.br\/blog\/wp-json\/wp\/v2\/comments?post=5707"}],"version-history":[{"count":0,"href":"https:\/\/multiplacontabil.com.br\/blog\/wp-json\/wp\/v2\/posts\/5707\/revisions"}],"wp:attachment":[{"href":"https:\/\/multiplacontabil.com.br\/blog\/wp-json\/wp\/v2\/media?parent=5707"}],"wp:term":[{"taxonomy":"category","embeddable":true,"href":"https:\/\/multiplacontabil.com.br\/blog\/wp-json\/wp\/v2\/categories?post=5707"},{"taxonomy":"post_tag","embeddable":true,"href":"https:\/\/multiplacontabil.com.br\/blog\/wp-json\/wp\/v2\/tags?post=5707"}],"curies":[{"name":"wp","href":"https:\/\/api.w.org\/{rel}","templated":true}]}}