{"id":5672,"date":"2025-08-16T06:05:00","date_gmt":"2025-08-16T06:05:00","guid":{"rendered":"https:\/\/multiplacontabil.com.br\/blog\/blog\/?p=5672"},"modified":"2025-08-16T06:05:00","modified_gmt":"2025-08-16T06:05:00","slug":"reforma-tributaria-cbs-mudancas-impactos","status":"publish","type":"post","link":"https:\/\/multiplacontabil.com.br\/blog\/2025\/08\/16\/reforma-tributaria-cbs-mudancas-impactos\/","title":{"rendered":"Reforma Tribut\u00e1ria: O Que Muda na Cobran\u00e7a da CBS e Como Isso Afeta as Empresas"},"content":{"rendered":"\n<p class=\"wp-block-paragraph\">A <strong>Reforma Tribut\u00e1ria<\/strong> est\u00e1 redesenhando o sistema de impostos no Brasil, e uma das mudan\u00e7as mais relevantes \u00e9 a cria\u00e7\u00e3o da <strong>Contribui\u00e7\u00e3o sobre Bens e Servi\u00e7os (CBS)<\/strong>.<br>Neste artigo, vamos explicar <strong>como ser\u00e1 a nova cobran\u00e7a<\/strong>, quais setores ser\u00e3o mais afetados e como as empresas podem se preparar para minimizar impactos.<\/p>\n\n\n\n<h3 class=\"wp-block-heading\"><strong>1. O que \u00e9 a CBS<\/strong><\/h3>\n\n\n\n<p class=\"wp-block-paragraph\">A <strong>CBS<\/strong> substituir\u00e1 o <strong>PIS<\/strong> e a <strong>Cofins<\/strong>, unificando esses tributos federais em um \u00fanico imposto sobre o consumo.<br>Principais caracter\u00edsticas:<\/p>\n\n\n\n<ul class=\"wp-block-list\">\n<li>Incid\u00eancia <strong>n\u00e3o cumulativa<\/strong> sobre bens e servi\u00e7os;<\/li>\n\n\n\n<li>Base ampla, abrangendo praticamente todas as opera\u00e7\u00f5es;<\/li>\n\n\n\n<li>Cr\u00e9dito permitido para insumos, bens e servi\u00e7os usados na atividade empresarial.<\/li>\n<\/ul>\n\n\n\n<h3 class=\"wp-block-heading\"><strong>2. O que muda com a Reforma Tribut\u00e1ria<\/strong><\/h3>\n\n\n\n<p class=\"wp-block-paragraph\">Com a implanta\u00e7\u00e3o da CBS:<\/p>\n\n\n\n<ul class=\"wp-block-list\">\n<li><strong>Fim da cumulatividade<\/strong> do PIS\/Cofins;<\/li>\n\n\n\n<li><strong>Al\u00edquota \u00fanica<\/strong> para todos os setores, estimada em torno de <strong>12%<\/strong> (pode variar);<\/li>\n\n\n\n<li>Cr\u00e9dito financeiro para empresas que compram insumos tributados;<\/li>\n\n\n\n<li>Substitui\u00e7\u00e3o gradual dos tributos antigos durante o per\u00edodo de transi\u00e7\u00e3o.<\/li>\n<\/ul>\n\n\n\n<h3 class=\"wp-block-heading\"><strong>3. Setores mais impactados<\/strong><\/h3>\n\n\n\n<p class=\"wp-block-paragraph\">A cobran\u00e7a uniforme beneficiar\u00e1 alguns setores e aumentar\u00e1 a carga para outros.<br><strong>Podem se beneficiar:<\/strong><\/p>\n\n\n\n<ul class=\"wp-block-list\">\n<li>Ind\u00fastrias e empresas exportadoras (com cr\u00e9dito amplo de insumos);<\/li>\n<\/ul>\n\n\n\n<p class=\"wp-block-paragraph\"><strong>Podem ter aumento de carga:<\/strong><\/p>\n\n\n\n<ul class=\"wp-block-list\">\n<li>Setores com baixa possibilidade de cr\u00e9dito, como servi\u00e7os e com\u00e9rcio.<\/li>\n<\/ul>\n\n\n\n<h3 class=\"wp-block-heading\"><strong>4. Desafios e oportunidades para empresas<\/strong><\/h3>\n\n\n\n<ul class=\"wp-block-list\">\n<li><strong>Revis\u00e3o da precifica\u00e7\u00e3o<\/strong>: a nova al\u00edquota pode exigir ajustes nos pre\u00e7os;<\/li>\n\n\n\n<li><strong>Reorganiza\u00e7\u00e3o do fluxo de caixa<\/strong>: impactos no pagamento e recebimento de cr\u00e9ditos;<\/li>\n\n\n\n<li><strong>Compliance mais robusto<\/strong>: ser\u00e1 essencial para aproveitar integralmente os cr\u00e9ditos permitidos.<\/li>\n<\/ul>\n\n\n\n<h3 class=\"wp-block-heading\"><strong>5. Como se preparar<\/strong><\/h3>\n\n\n\n<p class=\"wp-block-paragraph\">Para uma transi\u00e7\u00e3o segura, sua empresa deve:<\/p>\n\n\n\n<ol class=\"wp-block-list\">\n<li><strong>Mapear opera\u00e7\u00f5es<\/strong> para identificar cr\u00e9ditos poss\u00edveis;<\/li>\n\n\n\n<li><strong>Simular cen\u00e1rios<\/strong> comparando a carga atual e a futura;<\/li>\n\n\n\n<li><strong>Treinar a equipe<\/strong> para lidar com o novo sistema;<\/li>\n\n\n\n<li>Contar com <strong>suporte cont\u00e1bil especializado<\/strong> para garantir conformidade.<\/li>\n<\/ol>\n\n\n\n<h3 class=\"wp-block-heading\"><strong>Conclus\u00e3o<\/strong><\/h3>\n\n\n\n<p class=\"wp-block-paragraph\">A mudan\u00e7a para a CBS \u00e9 um marco na tributa\u00e7\u00e3o brasileira e exigir\u00e1 adapta\u00e7\u00e3o de todos os setores. Entender as regras e planejar com anteced\u00eancia \u00e9 a melhor forma de evitar surpresas e transformar a mudan\u00e7a em oportunidade.<\/p>\n\n\n\n<p class=\"wp-block-paragraph\">Precisa entender como a CBS vai afetar o seu neg\u00f3cio? <strong><a href=\"https:\/\/multiplacontabil.com.br\/blog\/contato.html\">A M\u00faltipla Contabilidade pode ajudar<\/a><\/strong> com simula\u00e7\u00f5es personalizadas e um plano de adapta\u00e7\u00e3o sob medida para sua empresa.<\/p>\n\n\n\n<h3 class=\"wp-block-heading\"><strong>Bibliografia e Fontes<\/strong><\/h3>\n\n\n\n<ol class=\"wp-block-list\">\n<li>Brasil. <strong>Emenda Constitucional n\u00ba 132, de 20 de dezembro de 2023.<\/strong> Altera o Sistema Tribut\u00e1rio Nacional e d\u00e1 outras provid\u00eancias. Dispon\u00edvel em: <a href=\"https:\/\/www.planalto.gov.br\/ccivil_03\/constituicao\/emendas\/emc\/emc132.htm\">Planalto<\/a>.<\/li>\n\n\n\n<li>Brasil. <strong>Lei Complementar n\u00ba 214, de 16 de janeiro de 2025.<\/strong> Institui a Lei Geral do IBS, CBS e Imposto Seletivo. Dispon\u00edvel em: <a href=\"https:\/\/www.planalto.gov.br\/ccivil_03\/leis\/lcp\/lcp214.htm\">Planalto<\/a>.<\/li>\n\n\n\n<li>Senado Federal. <strong>Projeto de Lei Complementar n\u00ba 68\/2024.<\/strong> Regulamenta a cobran\u00e7a do IBS, CBS e Imposto Seletivo. Dispon\u00edvel em: <a href=\"https:\/\/www25.senado.leg.br\/web\/atividade\/materias\/-\/materia\/164914\">Senado Federal<\/a>.<\/li>\n\n\n\n<li>Minist\u00e9rio da Fazenda. <strong>Regulamenta\u00e7\u00e3o da Reforma Tribut\u00e1ria \u2013 Lei Geral do IBS e da CBS.<\/strong> Dispon\u00edvel em: <a href=\"https:\/\/www.gov.br\/fazenda\/pt-br\/acesso-a-informacao\/acoes-e-programas\/reforma-tributaria\">Gov.br<\/a>.<\/li>\n\n\n\n<li>Receita Federal do Brasil. <strong>Entenda a Reforma Tribut\u00e1ria do Consumo.<\/strong> Dispon\u00edvel em: <a href=\"https:\/\/www.gov.br\/receitafederal\/pt-br\/acesso-a-informacao\/acoes-e-programas\/programas-e-atividades\/reforma-consumo\/entenda\">Gov.br<\/a>.<\/li>\n<\/ol>\n\n\n\n<p class=\"wp-block-paragraph\"><\/p>\n","protected":false},"excerpt":{"rendered":"<p>A Reforma Tribut\u00e1ria est\u00e1 redesenhando o sistema de impostos no Brasil, e uma das mudan\u00e7as mais relevantes \u00e9 a cria\u00e7\u00e3o da Contribui\u00e7\u00e3o sobre Bens e Servi\u00e7os (CBS).Neste artigo, vamos explicar como ser\u00e1 a nova cobran\u00e7a, quais setores ser\u00e3o mais afetados e como as empresas podem se preparar para minimizar impactos. 1. O que \u00e9 a [&hellip;]<\/p>\n","protected":false},"author":1,"featured_media":5522,"comment_status":"closed","ping_status":"open","sticky":false,"template":"","format":"standard","meta":{"footnotes":""},"categories":[139],"tags":[87,172,52],"class_list":["post-5672","post","type-post","status-publish","format-standard","has-post-thumbnail","hentry","category-reforma-tributaria","tag-cbs","tag-ibs-e-cbs","tag-reforma-tributaria"],"_links":{"self":[{"href":"https:\/\/multiplacontabil.com.br\/blog\/wp-json\/wp\/v2\/posts\/5672","targetHints":{"allow":["GET"]}}],"collection":[{"href":"https:\/\/multiplacontabil.com.br\/blog\/wp-json\/wp\/v2\/posts"}],"about":[{"href":"https:\/\/multiplacontabil.com.br\/blog\/wp-json\/wp\/v2\/types\/post"}],"author":[{"embeddable":true,"href":"https:\/\/multiplacontabil.com.br\/blog\/wp-json\/wp\/v2\/users\/1"}],"replies":[{"embeddable":true,"href":"https:\/\/multiplacontabil.com.br\/blog\/wp-json\/wp\/v2\/comments?post=5672"}],"version-history":[{"count":0,"href":"https:\/\/multiplacontabil.com.br\/blog\/wp-json\/wp\/v2\/posts\/5672\/revisions"}],"wp:attachment":[{"href":"https:\/\/multiplacontabil.com.br\/blog\/wp-json\/wp\/v2\/media?parent=5672"}],"wp:term":[{"taxonomy":"category","embeddable":true,"href":"https:\/\/multiplacontabil.com.br\/blog\/wp-json\/wp\/v2\/categories?post=5672"},{"taxonomy":"post_tag","embeddable":true,"href":"https:\/\/multiplacontabil.com.br\/blog\/wp-json\/wp\/v2\/tags?post=5672"}],"curies":[{"name":"wp","href":"https:\/\/api.w.org\/{rel}","templated":true}]}}