{"id":5667,"date":"2025-08-12T16:34:29","date_gmt":"2025-08-12T16:34:29","guid":{"rendered":"https:\/\/multiplacontabil.com.br\/blog\/blog\/?p=5667"},"modified":"2025-08-12T16:34:29","modified_gmt":"2025-08-12T16:34:29","slug":"imposto-seletivo-plp-68-24","status":"publish","type":"post","link":"https:\/\/multiplacontabil.com.br\/blog\/2025\/08\/12\/imposto-seletivo-plp-68-24\/","title":{"rendered":"Imposto Seletivo no PLP 68\/24: O Que Est\u00e1 Definido e Como Pode Impactar Sua Empresa"},"content":{"rendered":"\n<p class=\"wp-block-paragraph\">O <strong>Imposto Seletivo<\/strong> \u00e9 uma das novidades trazidas pelo <strong>Projeto de Lei Complementar (PLP) 68\/2024<\/strong>, parte da implementa\u00e7\u00e3o da Reforma Tribut\u00e1ria no Brasil. Criado para incidir sobre bens e servi\u00e7os considerados prejudiciais \u00e0 sa\u00fade ou ao meio ambiente, ele tem potencial para impactar diretamente o pre\u00e7o de determinados produtos e a opera\u00e7\u00e3o de empresas de diversos setores.<br>Neste artigo, vamos explicar <strong>o que j\u00e1 est\u00e1 definido<\/strong>, <strong>quem ser\u00e1 afetado<\/strong> e como as empresas podem se preparar para a nova tributa\u00e7\u00e3o.<\/p>\n\n\n\n<h3 class=\"wp-block-heading\"><strong>1. O que \u00e9 o Imposto Seletivo<\/strong><\/h3>\n\n\n\n<p class=\"wp-block-paragraph\">O Imposto Seletivo (IS) \u00e9 um tributo federal com fun\u00e7\u00e3o extrafiscal \u2014 ou seja, seu objetivo n\u00e3o \u00e9 apenas arrecadar, mas tamb\u00e9m <strong>desestimular o consumo<\/strong> de determinados produtos. Ele substituir\u00e1 alguns tributos atuais e ter\u00e1 aplica\u00e7\u00e3o restrita a bens e servi\u00e7os espec\u00edficos.<\/p>\n\n\n\n<p class=\"wp-block-paragraph\">Entre os <strong>produtos e servi\u00e7os mais citados<\/strong> para a aplica\u00e7\u00e3o do IS est\u00e3o:<\/p>\n\n\n\n<ul class=\"wp-block-list\">\n<li>Bebidas alco\u00f3licas;<\/li>\n\n\n\n<li>Cigarros e derivados do tabaco;<\/li>\n\n\n\n<li>Bebidas a\u00e7ucaradas;<\/li>\n\n\n\n<li>Ve\u00edculos automotores de alto impacto ambiental;<\/li>\n\n\n\n<li>Produtos poluentes ou nocivos \u00e0 sa\u00fade.<\/li>\n<\/ul>\n\n\n\n<h3 class=\"wp-block-heading\"><strong>2. O que o PLP 68\/24 j\u00e1 define<\/strong><\/h3>\n\n\n\n<p class=\"wp-block-paragraph\">At\u00e9 o momento, o texto do PLP 68\/24 estabelece:<\/p>\n\n\n\n<ul class=\"wp-block-list\">\n<li><strong>Al\u00edquota vari\u00e1vel<\/strong>, definida conforme o produto ou servi\u00e7o;<\/li>\n\n\n\n<li>Possibilidade de atualiza\u00e7\u00e3o peri\u00f3dica da lista de itens sujeitos ao IS;<\/li>\n\n\n\n<li>Recolhimento em etapas da cadeia de produ\u00e7\u00e3o e comercializa\u00e7\u00e3o, evitando cumulatividade;<\/li>\n\n\n\n<li>Complementaridade com a <strong>Contribui\u00e7\u00e3o sobre Bens e Servi\u00e7os (CBS)<\/strong> e o <strong>Imposto sobre Bens e Servi\u00e7os (IBS)<\/strong>.<\/li>\n<\/ul>\n\n\n\n<h3 class=\"wp-block-heading\"><strong>3. Setores mais afetados<\/strong><\/h3>\n\n\n\n<p class=\"wp-block-paragraph\">O impacto do Imposto Seletivo ser\u00e1 mais intenso em:<\/p>\n\n\n\n<ul class=\"wp-block-list\">\n<li><strong>Ind\u00fastria de bebidas<\/strong> (alco\u00f3licas e a\u00e7ucaradas);<\/li>\n\n\n\n<li><strong>Setor automotivo<\/strong> (ve\u00edculos a combust\u00e3o e de alto consumo energ\u00e9tico);<\/li>\n\n\n\n<li><strong>Fumo e tabaco<\/strong>;<\/li>\n\n\n\n<li>Empresas que atuam com <strong>produtos de alto impacto ambiental<\/strong>.<\/li>\n<\/ul>\n\n\n\n<h3 class=\"wp-block-heading\"><strong>4. Poss\u00edveis impactos para empresas<\/strong><\/h3>\n\n\n\n<p class=\"wp-block-paragraph\">A implementa\u00e7\u00e3o do IS pode resultar em:<\/p>\n\n\n\n<ul class=\"wp-block-list\">\n<li><strong>Aumento de pre\u00e7os<\/strong> ao consumidor final;<\/li>\n\n\n\n<li><strong>Necessidade de ajuste no planejamento tribut\u00e1rio<\/strong>;<\/li>\n\n\n\n<li>Revis\u00e3o de <strong>estrat\u00e9gias de marketing e vendas<\/strong>;<\/li>\n\n\n\n<li>Maior aten\u00e7\u00e3o ao <strong>cumprimento de obriga\u00e7\u00f5es acess\u00f3rias<\/strong>.<\/li>\n<\/ul>\n\n\n\n<h3 class=\"wp-block-heading\"><strong>5. Como se preparar<\/strong><\/h3>\n\n\n\n<p class=\"wp-block-paragraph\">Para mitigar impactos, as empresas podem:<\/p>\n\n\n\n<ul class=\"wp-block-list\">\n<li>Revisar o <strong>mix de produtos<\/strong> para priorizar itens com menor carga tribut\u00e1ria;<\/li>\n\n\n\n<li>Implementar um <strong>planejamento tribut\u00e1rio atualizado<\/strong>;<\/li>\n\n\n\n<li>Negociar com fornecedores para reduzir custos;<\/li>\n\n\n\n<li>Monitorar de perto as atualiza\u00e7\u00f5es legislativas.<\/li>\n<\/ul>\n\n\n\n<p class=\"wp-block-paragraph\">\ud83d\udca1 <strong>Dica da M\u00faltipla:<\/strong><br>Antecipe-se \u00e0s mudan\u00e7as! Quanto antes sua empresa mapear riscos e oportunidades, mais f\u00e1cil ser\u00e1 adaptar-se ao novo cen\u00e1rio tribut\u00e1rio.<\/p>\n\n\n\n<h3 class=\"wp-block-heading\"><strong>Conclus\u00e3o<\/strong><\/h3>\n\n\n\n<p class=\"wp-block-paragraph\">O Imposto Seletivo no PLP 68\/24 \u00e9 mais do que uma simples altera\u00e7\u00e3o na carga tribut\u00e1ria: ele representa um novo posicionamento do sistema fiscal brasileiro em rela\u00e7\u00e3o \u00e0 sa\u00fade p\u00fablica e \u00e0 sustentabilidade. Empresas bem preparadas poder\u00e3o minimizar impactos e at\u00e9 transformar essa mudan\u00e7a em vantagem competitiva.<\/p>\n\n\n\n<p class=\"wp-block-paragraph\">Quer entender como o Imposto Seletivo vai impactar seu setor e criar um plano de a\u00e7\u00e3o? <strong><a href=\"https:\/\/multiplacontabil.com.br\/blog\/contato.html\">Fale com a M\u00faltipla Contabilidade<\/a><\/strong> e conte com nossa equipe especializada em gest\u00e3o tribut\u00e1ria.<\/p>\n\n\n\n<h2 class=\"wp-block-heading\"><strong>Fontes e Bibliografia<\/strong><\/h2>\n\n\n\n<ol class=\"wp-block-list\">\n<li>C\u00e2mara dos Deputados. <em>Projeto de Lei Complementar n\u00ba 68\/2024<\/em>. Dispon\u00edvel em: <a href=\"https:\/\/www.camara.leg.br\/\">https:\/\/www.camara.leg.br<\/a><\/li>\n\n\n\n<li>Minist\u00e9rio da Fazenda. <em>Notas T\u00e9cnicas sobre a Reforma Tribut\u00e1ria<\/em>. Dispon\u00edvel em: <a href=\"https:\/\/www.gov.br\/fazenda\/pt-br\">https:\/\/www.gov.br\/fazenda<\/a><\/li>\n\n\n\n<li>Confedera\u00e7\u00e3o Nacional da Ind\u00fastria \u2013 CNI. <em>An\u00e1lise de Impacto do Imposto Seletivo<\/em>. Dispon\u00edvel em: <a href=\"https:\/\/www.portaldaindustria.com.br\/\">https:\/\/www.portaldaindustria.com.br<\/a><\/li>\n\n\n\n<li>OCDE \u2013 Organiza\u00e7\u00e3o para a Coopera\u00e7\u00e3o e Desenvolvimento Econ\u00f4mico. <em>Consumption Taxes Trends 2024<\/em>. Dispon\u00edvel em: <a href=\"https:\/\/www.oecd.org\/\">https:\/\/www.oecd.org<\/a><\/li>\n<\/ol>\n\n\n\n<p class=\"wp-block-paragraph\"><\/p>\n","protected":false},"excerpt":{"rendered":"<p>O Imposto Seletivo \u00e9 uma das novidades trazidas pelo Projeto de Lei Complementar (PLP) 68\/2024, parte da implementa\u00e7\u00e3o da Reforma Tribut\u00e1ria no Brasil. Criado para incidir sobre bens e servi\u00e7os considerados prejudiciais \u00e0 sa\u00fade ou ao meio ambiente, ele tem potencial para impactar diretamente o pre\u00e7o de determinados produtos e a opera\u00e7\u00e3o de empresas de [&hellip;]<\/p>\n","protected":false},"author":1,"featured_media":5522,"comment_status":"closed","ping_status":"open","sticky":false,"template":"","format":"standard","meta":{"footnotes":""},"categories":[139],"tags":[166,167,168,52],"class_list":["post-5667","post","type-post","status-publish","format-standard","has-post-thumbnail","hentry","category-reforma-tributaria","tag-imposto-seletivo","tag-plp-68-24","tag-reforma-fiscal","tag-reforma-tributaria"],"_links":{"self":[{"href":"https:\/\/multiplacontabil.com.br\/blog\/wp-json\/wp\/v2\/posts\/5667","targetHints":{"allow":["GET"]}}],"collection":[{"href":"https:\/\/multiplacontabil.com.br\/blog\/wp-json\/wp\/v2\/posts"}],"about":[{"href":"https:\/\/multiplacontabil.com.br\/blog\/wp-json\/wp\/v2\/types\/post"}],"author":[{"embeddable":true,"href":"https:\/\/multiplacontabil.com.br\/blog\/wp-json\/wp\/v2\/users\/1"}],"replies":[{"embeddable":true,"href":"https:\/\/multiplacontabil.com.br\/blog\/wp-json\/wp\/v2\/comments?post=5667"}],"version-history":[{"count":0,"href":"https:\/\/multiplacontabil.com.br\/blog\/wp-json\/wp\/v2\/posts\/5667\/revisions"}],"wp:attachment":[{"href":"https:\/\/multiplacontabil.com.br\/blog\/wp-json\/wp\/v2\/media?parent=5667"}],"wp:term":[{"taxonomy":"category","embeddable":true,"href":"https:\/\/multiplacontabil.com.br\/blog\/wp-json\/wp\/v2\/categories?post=5667"},{"taxonomy":"post_tag","embeddable":true,"href":"https:\/\/multiplacontabil.com.br\/blog\/wp-json\/wp\/v2\/tags?post=5667"}],"curies":[{"name":"wp","href":"https:\/\/api.w.org\/{rel}","templated":true}]}}