{"id":5652,"date":"2025-07-08T11:49:15","date_gmt":"2025-07-08T11:49:15","guid":{"rendered":"https:\/\/multiplacontabil.com.br\/blog\/blog\/?p=5652"},"modified":"2025-07-08T11:49:15","modified_gmt":"2025-07-08T11:49:15","slug":"ecf-2025-obrigatoriedade-prazos-dispensas","status":"publish","type":"post","link":"https:\/\/multiplacontabil.com.br\/blog\/2025\/07\/08\/ecf-2025-obrigatoriedade-prazos-dispensas\/","title":{"rendered":"ECF 2025: Entenda a obrigatoriedade, prazos e dispensas"},"content":{"rendered":"\n<p class=\"wp-block-paragraph\">A Escritura\u00e7\u00e3o Cont\u00e1bil Fiscal (ECF) \u00e9 uma obriga\u00e7\u00e3o acess\u00f3ria anual para empresas no Brasil, fundamental para garantir a transpar\u00eancia e o correto c\u00e1lculo do Imposto de Renda. Em 2025, ser\u00e1 entregue a <strong>ECF referente ao ano-calend\u00e1rio 2024<\/strong>, com regras espec\u00edficas que merecem aten\u00e7\u00e3o.<\/p>\n\n\n\n<p class=\"wp-block-paragraph\">Neste artigo, voc\u00ea confere <strong>quem \u00e9 obrigado, quem est\u00e1 dispensado, prazos e dicas para evitar erros na entrega<\/strong>.<\/p>\n\n\n\n<h2 class=\"wp-block-heading\">O que \u00e9 a ECF?<\/h2>\n\n\n\n<p class=\"wp-block-paragraph\">A <strong>ECF \u2013 Escritura\u00e7\u00e3o Cont\u00e1bil Fiscal<\/strong> \u00e9 um arquivo digital que substituiu a antiga Declara\u00e7\u00e3o de Informa\u00e7\u00f5es Econ\u00f4mico-Fiscais da Pessoa Jur\u00eddica (DIPJ). Ela integra dados cont\u00e1beis e fiscais para apurar o IRPJ e a CSLL de forma detalhada.<\/p>\n\n\n\n<p class=\"wp-block-paragraph\">Institu\u00edda pela <strong>Instru\u00e7\u00e3o Normativa RFB n\u00ba 1.422\/2013<\/strong>, a ECF faz parte do Sistema P\u00fablico de Escritura\u00e7\u00e3o Digital (Sped). Seu objetivo \u00e9 cruzar dados cont\u00e1beis e fiscais para combater sonega\u00e7\u00e3o e garantir a consist\u00eancia das informa\u00e7\u00f5es prestadas.<\/p>\n\n\n\n<p class=\"wp-block-paragraph\">\ud83d\udc49 <a class=\"\" href=\"https:\/\/blog.econeteditora.com.br\/ecf-2025-obrigatoriedade-prazo-entrega\/\">Fonte<\/a><\/p>\n\n\n\n<h2 class=\"wp-block-heading\">Quem \u00e9 obrigado a entregar a ECF em 2025?<\/h2>\n\n\n\n<p class=\"wp-block-paragraph\">Est\u00e3o obrigadas <strong>todas as pessoas jur\u00eddicas, inclusive imunes e isentas<\/strong>, tributadas pelo:<\/p>\n\n\n\n<ul class=\"wp-block-list\">\n<li>Lucro Real<\/li>\n\n\n\n<li>Lucro Presumido<\/li>\n\n\n\n<li>Lucro Arbitrado<\/li>\n<\/ul>\n\n\n\n<p class=\"wp-block-paragraph\">Empresas optantes pelo <strong>Simples Nacional<\/strong> continuam <strong>dispensadas<\/strong> da entrega.<\/p>\n\n\n\n<p class=\"wp-block-paragraph\">\u2705 Outros pontos importantes:<\/p>\n\n\n\n<ul class=\"wp-block-list\">\n<li>Empresas imunes e isentas que mant\u00eam escritura\u00e7\u00e3o cont\u00e1bil tamb\u00e9m devem enviar.<\/li>\n\n\n\n<li>Mesmo sem movimenta\u00e7\u00e3o, h\u00e1 exig\u00eancia de entrega com informa\u00e7\u00f5es zeradas ou equivalentes, se n\u00e3o dispensadas.<\/li>\n<\/ul>\n\n\n\n<p class=\"wp-block-paragraph\">\ud83d\udc49 <a class=\"\" href=\"https:\/\/www.contabeis.com.br\/noticias\/71652\/quem-esta-dispensado-da-entrega-da-ecf-em-2025\/\">Fonte<\/a><\/p>\n\n\n\n<h2 class=\"wp-block-heading\">Quem est\u00e1 dispensado de entregar a ECF 2025?<\/h2>\n\n\n\n<p class=\"wp-block-paragraph\">Segundo a Receita Federal, est\u00e3o dispensadas:<\/p>\n\n\n\n<ul class=\"wp-block-list\">\n<li>Pessoas jur\u00eddicas optantes pelo <strong>Simples Nacional<\/strong>.<\/li>\n\n\n\n<li>\u00d3rg\u00e3os p\u00fablicos, autarquias e funda\u00e7\u00f5es p\u00fablicas.<\/li>\n\n\n\n<li>Pessoas jur\u00eddicas inativas (sem qualquer atividade operacional, n\u00e3o operacional, patrimonial ou financeira no ano).<\/li>\n<\/ul>\n\n\n\n<p class=\"wp-block-paragraph\">\u26a0\ufe0f Aten\u00e7\u00e3o: h\u00e1 diferen\u00e7a entre \u201csem movimento\u201d e \u201cinativa\u201d! A empresa sem faturamento, mas com contas banc\u00e1rias ou despesas m\u00ednimas, n\u00e3o \u00e9 considerada inativa e precisa declarar.<\/p>\n\n\n\n<p class=\"wp-block-paragraph\">\ud83d\udc49 <a class=\"\" href=\"https:\/\/www.contabeis.com.br\/noticias\/71652\/quem-esta-dispensado-da-entrega-da-ecf-em-2025\/\">Fonte<\/a><\/p>\n\n\n\n<h2 class=\"wp-block-heading\">Prazo de entrega da ECF 2025<\/h2>\n\n\n\n<p class=\"wp-block-paragraph\">A entrega da ECF 2025 (ano-calend\u00e1rio 2024) deve ser feita <strong>at\u00e9 o \u00faltimo dia \u00fatil de julho de 2025<\/strong>.<\/p>\n\n\n\n<p class=\"wp-block-paragraph\">Para 2025, o prazo \u00e9 <strong>31 de julho<\/strong> (quinta-feira).<\/p>\n\n\n\n<p class=\"wp-block-paragraph\">O arquivo deve ser gerado e transmitido por meio do <strong>Programa Gerador da ECF (PGE ECF)<\/strong>, atualizado anualmente pela Receita Federal.<\/p>\n\n\n\n<p class=\"wp-block-paragraph\">\ud83d\udc49 <a class=\"\" href=\"https:\/\/blog.econeteditora.com.br\/ecf-2025-obrigatoriedade-prazo-entrega\/\">Fonte<\/a><\/p>\n\n\n\n<h2 class=\"wp-block-heading\">Penalidades por atraso ou erro na ECF<\/h2>\n\n\n\n<p class=\"wp-block-paragraph\">A Receita Federal aplica <strong>multas<\/strong> em caso de:<\/p>\n\n\n\n<ul class=\"wp-block-list\">\n<li><strong>Entrega fora do prazo<\/strong>.<\/li>\n\n\n\n<li><strong>Informa\u00e7\u00f5es inexatas ou incompletas<\/strong>.<\/li>\n\n\n\n<li><strong>Recusa ou atraso em apresentar quando intimado<\/strong>.<\/li>\n<\/ul>\n\n\n\n<p class=\"wp-block-paragraph\">As multas variam de acordo com o regime tribut\u00e1rio e podem ser:<\/p>\n\n\n\n<ul class=\"wp-block-list\">\n<li>0,25% por m\u00eas-calend\u00e1rio sobre o lucro l\u00edquido antes do IRPJ (Lucro Real).<\/li>\n\n\n\n<li>Valor fixo para Lucro Presumido ou Arbitrado.<\/li>\n<\/ul>\n\n\n\n<p class=\"wp-block-paragraph\">\ud83d\udc49 <a class=\"\" href=\"https:\/\/noticias.iob.com.br\/ecf\/\">Fonte<\/a><\/p>\n\n\n\n<h2 class=\"wp-block-heading\">Dicas para evitar problemas na entrega<\/h2>\n\n\n\n<p class=\"wp-block-paragraph\">\u2705 Organize a <strong>contabilidade com anteced\u00eancia<\/strong>.<br>\u2705 Confirme <strong>a vers\u00e3o correta do programa PGE ECF<\/strong>.<br>\u2705 Realize <strong>valida\u00e7\u00f5es e consist\u00eancias nos dados cont\u00e1beis<\/strong>.<br>\u2705 Integre informa\u00e7\u00f5es do <strong>SPED Cont\u00e1bil (ECD)<\/strong> com a ECF para evitar erros.<br>\u2705 Conte com <strong>ajuda profissional cont\u00e1bil<\/strong> para interpretar as regras e evitar multas.<\/p>\n\n\n\n<p class=\"wp-block-paragraph\">\ud83d\udc49 <a class=\"\" href=\"https:\/\/www.contabeis.com.br\/noticias\/71653\/guia-para-entrega-da-ecf-2025\/\">Fonte<\/a><\/p>\n\n\n\n<h2 class=\"wp-block-heading\">Conclus\u00e3o<\/h2>\n\n\n\n<p class=\"wp-block-paragraph\">A <strong>ECF 2025<\/strong> \u00e9 uma obriga\u00e7\u00e3o que n\u00e3o pode ser negligenciada. Embora a maioria das empresas precise entregar, h\u00e1 exce\u00e7\u00f5es importantes. Planejamento e organiza\u00e7\u00e3o s\u00e3o fundamentais para evitar multas e garantir a conformidade com a Receita Federal.<\/p>\n\n\n\n<p class=\"wp-block-paragraph\">Contadores e empresas devem ficar atentos ao <strong>prazo final em 31 de julho de 2025<\/strong>, garantindo que todas as informa\u00e7\u00f5es cont\u00e1beis e fiscais estejam consistentes e corretas.<\/p>\n\n\n\n<hr class=\"wp-block-separator has-alpha-channel-opacity\"\/>\n\n\n\n<h4 class=\"wp-block-heading\">Fontes:<\/h4>\n\n\n\n<ul class=\"wp-block-list\">\n<li><a class=\"\" href=\"https:\/\/www.contabeis.com.br\/noticias\/71652\/quem-esta-dispensado-da-entrega-da-ecf-em-2025\/\">Quem est\u00e1 dispensado da entrega da ECF em 2025 \u2013 Cont\u00e1beis<\/a><\/li>\n\n\n\n<li><a class=\"\" href=\"https:\/\/blog.econeteditora.com.br\/ecf-2025-obrigatoriedade-prazo-entrega\/\">ECF 2025: Obrigatoriedade e prazo de entrega \u2013 Econet Editora<\/a><\/li>\n\n\n\n<li><a class=\"\" href=\"https:\/\/www.contabeis.com.br\/noticias\/71653\/guia-para-entrega-da-ecf-2025\/\">Guia para entrega da ECF 2025 \u2013 Cont\u00e1beis<\/a><\/li>\n\n\n\n<li><a class=\"\" href=\"https:\/\/www.jornalcontabil.com.br\/noticia\/contabilidade-veja-as-principais-informacoes-sobre-a-entrega-da-ecf-2025\/\">Contabilidade: Veja as principais informa\u00e7\u00f5es sobre a entrega da ECF 2025 \u2013 Jornal Cont\u00e1bil<\/a><\/li>\n\n\n\n<li><a class=\"\" href=\"https:\/\/noticias.iob.com.br\/ecf\/\">Not\u00edcias IOB \u2013 ECF<\/a><\/li>\n<\/ul>\n","protected":false},"excerpt":{"rendered":"<p>A Escritura\u00e7\u00e3o Cont\u00e1bil Fiscal (ECF) \u00e9 uma obriga\u00e7\u00e3o acess\u00f3ria anual para empresas no Brasil, fundamental para garantir a transpar\u00eancia e o correto c\u00e1lculo do Imposto de Renda. Em 2025, ser\u00e1 entregue a ECF referente ao ano-calend\u00e1rio 2024, com regras espec\u00edficas que merecem aten\u00e7\u00e3o. Neste artigo, voc\u00ea confere quem \u00e9 obrigado, quem est\u00e1 dispensado, prazos e [&hellip;]<\/p>\n","protected":false},"author":1,"featured_media":5653,"comment_status":"closed","ping_status":"open","sticky":false,"template":"","format":"standard","meta":{"footnotes":""},"categories":[25,44],"tags":[162,115,61],"class_list":["post-5652","post","type-post","status-publish","format-standard","has-post-thumbnail","hentry","category-fiscal-tributario","category-gestao-empresarial","tag-ecf","tag-obrigacao-acessoria","tag-receita-federal"],"_links":{"self":[{"href":"https:\/\/multiplacontabil.com.br\/blog\/wp-json\/wp\/v2\/posts\/5652","targetHints":{"allow":["GET"]}}],"collection":[{"href":"https:\/\/multiplacontabil.com.br\/blog\/wp-json\/wp\/v2\/posts"}],"about":[{"href":"https:\/\/multiplacontabil.com.br\/blog\/wp-json\/wp\/v2\/types\/post"}],"author":[{"embeddable":true,"href":"https:\/\/multiplacontabil.com.br\/blog\/wp-json\/wp\/v2\/users\/1"}],"replies":[{"embeddable":true,"href":"https:\/\/multiplacontabil.com.br\/blog\/wp-json\/wp\/v2\/comments?post=5652"}],"version-history":[{"count":0,"href":"https:\/\/multiplacontabil.com.br\/blog\/wp-json\/wp\/v2\/posts\/5652\/revisions"}],"wp:attachment":[{"href":"https:\/\/multiplacontabil.com.br\/blog\/wp-json\/wp\/v2\/media?parent=5652"}],"wp:term":[{"taxonomy":"category","embeddable":true,"href":"https:\/\/multiplacontabil.com.br\/blog\/wp-json\/wp\/v2\/categories?post=5652"},{"taxonomy":"post_tag","embeddable":true,"href":"https:\/\/multiplacontabil.com.br\/blog\/wp-json\/wp\/v2\/tags?post=5652"}],"curies":[{"name":"wp","href":"https:\/\/api.w.org\/{rel}","templated":true}]}}