{"id":5617,"date":"2025-05-23T14:30:00","date_gmt":"2025-05-23T14:30:00","guid":{"rendered":"https:\/\/multiplacontabil.com.br\/blog\/blog\/?p=5617"},"modified":"2025-05-23T14:30:00","modified_gmt":"2025-05-23T14:30:00","slug":"precificacao-e-planejamento-tributario-na-nova-era-da-cbs-e-ibs","status":"publish","type":"post","link":"https:\/\/multiplacontabil.com.br\/blog\/2025\/05\/23\/precificacao-e-planejamento-tributario-na-nova-era-da-cbs-e-ibs\/","title":{"rendered":"Precifica\u00e7\u00e3o e planejamento tribut\u00e1rio na nova era da CBS e IBS"},"content":{"rendered":"\n<p class=\"wp-block-paragraph\">Com a chegada da CBS em 2027 e do IBS de forma gradual a partir de 2029, <strong>a forma como as empresas definem seus pre\u00e7os precisar\u00e1 mudar<\/strong>. A nova estrutura tribut\u00e1ria exige aten\u00e7\u00e3o redobrada na <strong>forma\u00e7\u00e3o de pre\u00e7os, an\u00e1lise de cr\u00e9ditos e margens de lucro<\/strong>.<\/p>\n\n\n\n<p class=\"wp-block-paragraph\"><strong>Fim dos impostos por dentro<\/strong><\/p>\n\n\n\n<p class=\"wp-block-paragraph\">Hoje, tributos como ICMS, PIS e COFINS s\u00e3o embutidos no pre\u00e7o de venda (por dentro), o que dificulta a visualiza\u00e7\u00e3o do quanto \u00e9 pago em impostos.<br>Com a reforma, CBS e IBS ser\u00e3o cobrados <em>por fora<\/em>, ou seja, destacados na nota fiscal. Isso traz mais <strong>transpar\u00eancia<\/strong>, mas tamb\u00e9m exige <strong>ajustes nos sistemas de precifica\u00e7\u00e3o<\/strong>.<\/p>\n\n\n\n<hr class=\"wp-block-separator has-alpha-channel-opacity\"\/>\n\n\n\n<h3 class=\"wp-block-heading\">O que muda na pr\u00e1tica?<\/h3>\n\n\n\n<ul class=\"wp-block-list\">\n<li><strong>Cr\u00e9ditos mais amplos<\/strong>: com a n\u00e3o-cumulatividade plena, empresas poder\u00e3o recuperar tributos pagos em praticamente todas as aquisi\u00e7\u00f5es (exceto uso e consumo pessoal);<\/li>\n\n\n\n<li><strong>Redu\u00e7\u00e3o de res\u00edduos tribut\u00e1rios<\/strong>: gastos que hoje viram custo, como energia, aluguel e servi\u00e7os, passar\u00e3o a gerar cr\u00e9dito;<\/li>\n\n\n\n<li><strong>Impacto no fluxo de caixa<\/strong>: a apura\u00e7\u00e3o autom\u00e1tica com o modelo \u201csplit payment\u201d trar\u00e1 mais previsibilidade \u2013 mas requer organiza\u00e7\u00e3o cont\u00e1bil e financeira;<\/li>\n\n\n\n<li><strong>Setores com potencial de redu\u00e7\u00e3o<\/strong>: com\u00e9rcio varejista, por exemplo, poder\u00e1 ver os pre\u00e7os ca\u00edrem com a elimina\u00e7\u00e3o dos res\u00edduos e a nova l\u00f3gica tribut\u00e1ria;<\/li>\n\n\n\n<li><strong>Servi\u00e7os podem ter aumento de carga tribut\u00e1ria<\/strong>, especialmente se o cliente for pessoa f\u00edsica ou empresa do Simples, que n\u00e3o aproveita cr\u00e9dito.<\/li>\n<\/ul>\n\n\n\n<hr class=\"wp-block-separator has-alpha-channel-opacity\"\/>\n\n\n\n<h3 class=\"wp-block-heading\">Exemplo pr\u00e1tico:<\/h3>\n\n\n\n<p class=\"wp-block-paragraph\">Uma empresa comercial que hoje tem carga tribut\u00e1ria de 37,7% pode ver essa carga cair para 26,5% com a entrada do IVA-DUAL, reduzindo o pre\u00e7o final ao consumidor.<br>Por outro lado, prestadores de servi\u00e7os que hoje pagam 9,47% (PIS + COFINS + ISS) podem passar a pagar 18% ou mais com a nova estrutura \u2013 dependendo do regime e do tipo de cliente\u200b.<\/p>\n\n\n\n<hr class=\"wp-block-separator has-alpha-channel-opacity\"\/>\n\n\n\n<p class=\"wp-block-paragraph\"><strong>M\u00daLTIPLA ORIENTA:<\/strong><br>O planejamento tribut\u00e1rio vai al\u00e9m da escolha do regime: ele come\u00e7a na precifica\u00e7\u00e3o. A Reforma Tribut\u00e1ria ser\u00e1 um divisor de \u00e1guas nesse processo.<\/p>\n\n\n\n<p class=\"wp-block-paragraph\">\ud83d\udc49 <strong>Converse com nossos especialistas e descubra como montar um plano de a\u00e7\u00e3o tribut\u00e1rio e comercial que garanta competitividade e sa\u00fade financeira para seu neg\u00f3cio.<\/strong><\/p>\n","protected":false},"excerpt":{"rendered":"<p>Com a chegada da CBS em 2027 e do IBS de forma gradual a partir de 2029, a forma como as empresas definem seus pre\u00e7os precisar\u00e1 mudar. A nova estrutura tribut\u00e1ria exige aten\u00e7\u00e3o redobrada na forma\u00e7\u00e3o de pre\u00e7os, an\u00e1lise de cr\u00e9ditos e margens de lucro. Fim dos impostos por dentro Hoje, tributos como ICMS, PIS [&hellip;]<\/p>\n","protected":false},"author":1,"featured_media":5521,"comment_status":"closed","ping_status":"open","sticky":false,"template":"","format":"standard","meta":{"footnotes":""},"categories":[139],"tags":[87,131,149,153,61,52],"class_list":["post-5617","post","type-post","status-publish","format-standard","has-post-thumbnail","hentry","category-reforma-tributaria","tag-cbs","tag-ibs","tag-novos-impostos","tag-novos-tributos","tag-receita-federal","tag-reforma-tributaria"],"_links":{"self":[{"href":"https:\/\/multiplacontabil.com.br\/blog\/wp-json\/wp\/v2\/posts\/5617","targetHints":{"allow":["GET"]}}],"collection":[{"href":"https:\/\/multiplacontabil.com.br\/blog\/wp-json\/wp\/v2\/posts"}],"about":[{"href":"https:\/\/multiplacontabil.com.br\/blog\/wp-json\/wp\/v2\/types\/post"}],"author":[{"embeddable":true,"href":"https:\/\/multiplacontabil.com.br\/blog\/wp-json\/wp\/v2\/users\/1"}],"replies":[{"embeddable":true,"href":"https:\/\/multiplacontabil.com.br\/blog\/wp-json\/wp\/v2\/comments?post=5617"}],"version-history":[{"count":0,"href":"https:\/\/multiplacontabil.com.br\/blog\/wp-json\/wp\/v2\/posts\/5617\/revisions"}],"wp:attachment":[{"href":"https:\/\/multiplacontabil.com.br\/blog\/wp-json\/wp\/v2\/media?parent=5617"}],"wp:term":[{"taxonomy":"category","embeddable":true,"href":"https:\/\/multiplacontabil.com.br\/blog\/wp-json\/wp\/v2\/categories?post=5617"},{"taxonomy":"post_tag","embeddable":true,"href":"https:\/\/multiplacontabil.com.br\/blog\/wp-json\/wp\/v2\/tags?post=5617"}],"curies":[{"name":"wp","href":"https:\/\/api.w.org\/{rel}","templated":true}]}}