{"id":5612,"date":"2025-05-09T14:24:00","date_gmt":"2025-05-09T14:24:00","guid":{"rendered":"https:\/\/multiplacontabil.com.br\/blog\/blog\/?p=5612"},"modified":"2025-05-09T14:24:00","modified_gmt":"2025-05-09T14:24:00","slug":"entenda-as-aliquotas-e-os-regimes-diferenciados-da-nova-tributacao","status":"publish","type":"post","link":"https:\/\/multiplacontabil.com.br\/blog\/2025\/05\/09\/entenda-as-aliquotas-e-os-regimes-diferenciados-da-nova-tributacao\/","title":{"rendered":"Entenda as al\u00edquotas e os regimes diferenciados da nova tributa\u00e7\u00e3o"},"content":{"rendered":"\n<p class=\"wp-block-paragraph\">A Reforma Tribut\u00e1ria traz uma promessa de simplifica\u00e7\u00e3o, mas tamb\u00e9m apresenta um sistema de al\u00edquotas com v\u00e1rias faixas e exce\u00e7\u00f5es que merecem aten\u00e7\u00e3o. Embora o modelo geral funcione com uma <strong>al\u00edquota padr\u00e3o<\/strong>, diversos setores ter\u00e3o <strong>regimes diferenciados ou espec\u00edficos<\/strong>.<\/p>\n\n\n\n<p class=\"wp-block-paragraph\"><strong>Al\u00edquota padr\u00e3o estimada: 26,5%<\/strong><br>Essa \u00e9 a al\u00edquota de refer\u00eancia que ser\u00e1 aplicada para a maioria dos bens e servi\u00e7os, composta pela soma da <strong>CBS (federal)<\/strong> e do <strong>IBS (estadual e municipal)<\/strong>. Essa al\u00edquota foi definida com base na arrecada\u00e7\u00e3o atual e ter\u00e1 um teto, que s\u00f3 poder\u00e1 ser alterado com nova lei complementar.<\/p>\n\n\n\n<hr class=\"wp-block-separator has-alpha-channel-opacity\"\/>\n\n\n\n<h3 class=\"wp-block-heading\"><strong>Quem ter\u00e1 al\u00edquotas reduzidas?<\/strong><\/h3>\n\n\n\n<p class=\"wp-block-paragraph\">A reforma prev\u00ea <em>descontos<\/em> na al\u00edquota padr\u00e3o para alguns setores estrat\u00e9gicos. Veja alguns exemplos:<\/p>\n\n\n\n<ul class=\"wp-block-list\">\n<li><strong>Educa\u00e7\u00e3o, sa\u00fade, medicamentos, alimentos b\u00e1sicos e produtos de higiene<\/strong>:<br>\ud83d\udfe2 <em>60% de redu\u00e7\u00e3o<\/em> \u2192 Al\u00edquota efetiva: <strong>10,6%<\/strong><\/li>\n\n\n\n<li><strong>Profiss\u00f5es regulamentadas (advogados, contadores, engenheiros etc.)<\/strong>:<br>\ud83d\udfe2 <em>30% de redu\u00e7\u00e3o<\/em> \u2192 Al\u00edquota efetiva: <strong>18,55%<\/strong><\/li>\n\n\n\n<li><strong>Loca\u00e7\u00e3o de im\u00f3veis residenciais<\/strong>:<br>\ud83d\udfe2 <em>70% de redu\u00e7\u00e3o + redutor social de R$ 600 por im\u00f3vel<\/em> \u2192 Al\u00edquota efetiva: <strong>7,95%<\/strong><\/li>\n\n\n\n<li><strong>Servi\u00e7os culturais, art\u00edsticos e produtos agropecu\u00e1rios<\/strong>:<br>\ud83d\udfe2 <em>Redu\u00e7\u00f5es de at\u00e9 60%<\/em>, conforme classifica\u00e7\u00e3o no Anexo da Lei<\/li>\n\n\n\n<li><strong>Cesta b\u00e1sica, transporte coletivo urbano e alguns medicamentos<\/strong>:<br>\ud83d\udfe2 <em>Al\u00edquota zero<\/em><\/li>\n<\/ul>\n\n\n\n<hr class=\"wp-block-separator has-alpha-channel-opacity\"\/>\n\n\n\n<h3 class=\"wp-block-heading\"><strong>E os regimes espec\u00edficos?<\/strong><\/h3>\n\n\n\n<p class=\"wp-block-paragraph\">Alguns setores ter\u00e3o regras de tributa\u00e7\u00e3o pr\u00f3prias:<\/p>\n\n\n\n<ul class=\"wp-block-list\">\n<li><strong>Bares, restaurantes, hot\u00e9is e avia\u00e7\u00e3o regional<\/strong><\/li>\n\n\n\n<li><strong>Servi\u00e7os financeiros e planos de sa\u00fade<\/strong><\/li>\n\n\n\n<li><strong>Combust\u00edveis, im\u00f3veis e cooperativas<\/strong><\/li>\n\n\n\n<li><strong>Jogos, apostas e SAFs (clubes de futebol empresa)<\/strong><\/li>\n<\/ul>\n\n\n\n<p class=\"wp-block-paragraph\">Nesses casos, a forma de apura\u00e7\u00e3o, base de c\u00e1lculo e percentuais de cr\u00e9dito tamb\u00e9m s\u00e3o diferentes do modelo geral.<\/p>\n\n\n\n<hr class=\"wp-block-separator has-alpha-channel-opacity\"\/>\n\n\n\n<h3 class=\"wp-block-heading\">E o que isso significa para as empresas?<\/h3>\n\n\n\n<p class=\"wp-block-paragraph\">\u27a1\ufe0f A al\u00edquota efetiva a ser paga depender\u00e1 do setor de atua\u00e7\u00e3o, da composi\u00e7\u00e3o de receitas e de como a empresa se enquadra nos novos regimes.<br>\u27a1\ufe0f Al\u00e9m disso, os <strong>cr\u00e9ditos tribut\u00e1rios<\/strong> tamb\u00e9m variam conforme a natureza da opera\u00e7\u00e3o, impactando diretamente no fluxo de caixa e na precifica\u00e7\u00e3o de produtos e servi\u00e7os.<\/p>\n\n\n\n<hr class=\"wp-block-separator has-alpha-channel-opacity\"\/>\n\n\n\n<p class=\"wp-block-paragraph\"><strong>DICA M\u00daLTIPLA:<\/strong><br>Fazer o mapeamento correto do regime aplic\u00e1vel \u00e0 sua atividade \u00e9 essencial para evitar erros, preju\u00edzos ou perda de competitividade.<\/p>\n\n\n\n<p class=\"wp-block-paragraph\"><strong>Agende uma conversa com a equipe da M\u00faltipla Contabilidade e descubra como sua empresa pode se beneficiar com os regimes diferenciados da nova tributa\u00e7\u00e3o.<\/strong><\/p>\n","protected":false},"excerpt":{"rendered":"<p>A Reforma Tribut\u00e1ria traz uma promessa de simplifica\u00e7\u00e3o, mas tamb\u00e9m apresenta um sistema de al\u00edquotas com v\u00e1rias faixas e exce\u00e7\u00f5es que merecem aten\u00e7\u00e3o. Embora o modelo geral funcione com uma al\u00edquota padr\u00e3o, diversos setores ter\u00e3o regimes diferenciados ou espec\u00edficos. Al\u00edquota padr\u00e3o estimada: 26,5%Essa \u00e9 a al\u00edquota de refer\u00eancia que ser\u00e1 aplicada para a maioria dos [&hellip;]<\/p>\n","protected":false},"author":1,"featured_media":5522,"comment_status":"closed","ping_status":"open","sticky":false,"template":"","format":"standard","meta":{"footnotes":""},"categories":[139],"tags":[148,149,52,150],"class_list":["post-5612","post","type-post","status-publish","format-standard","has-post-thumbnail","hentry","category-reforma-tributaria","tag-nova-tributacao","tag-novos-impostos","tag-reforma-tributaria","tag-regime-tributario-diferenciado"],"_links":{"self":[{"href":"https:\/\/multiplacontabil.com.br\/blog\/wp-json\/wp\/v2\/posts\/5612","targetHints":{"allow":["GET"]}}],"collection":[{"href":"https:\/\/multiplacontabil.com.br\/blog\/wp-json\/wp\/v2\/posts"}],"about":[{"href":"https:\/\/multiplacontabil.com.br\/blog\/wp-json\/wp\/v2\/types\/post"}],"author":[{"embeddable":true,"href":"https:\/\/multiplacontabil.com.br\/blog\/wp-json\/wp\/v2\/users\/1"}],"replies":[{"embeddable":true,"href":"https:\/\/multiplacontabil.com.br\/blog\/wp-json\/wp\/v2\/comments?post=5612"}],"version-history":[{"count":0,"href":"https:\/\/multiplacontabil.com.br\/blog\/wp-json\/wp\/v2\/posts\/5612\/revisions"}],"wp:attachment":[{"href":"https:\/\/multiplacontabil.com.br\/blog\/wp-json\/wp\/v2\/media?parent=5612"}],"wp:term":[{"taxonomy":"category","embeddable":true,"href":"https:\/\/multiplacontabil.com.br\/blog\/wp-json\/wp\/v2\/categories?post=5612"},{"taxonomy":"post_tag","embeddable":true,"href":"https:\/\/multiplacontabil.com.br\/blog\/wp-json\/wp\/v2\/tags?post=5612"}],"curies":[{"name":"wp","href":"https:\/\/api.w.org\/{rel}","templated":true}]}}