{"id":5599,"date":"2025-02-21T13:55:50","date_gmt":"2025-02-21T13:55:50","guid":{"rendered":"https:\/\/multiplacontabil.com.br\/blog\/blog\/?p=5599"},"modified":"2025-02-21T13:55:50","modified_gmt":"2025-02-21T13:55:50","slug":"irpf-2025-declaracao-do-espolio","status":"publish","type":"post","link":"https:\/\/multiplacontabil.com.br\/blog\/2025\/02\/21\/irpf-2025-declaracao-do-espolio\/","title":{"rendered":"IRPF 2025 Declara\u00e7\u00e3o do Esp\u00f3lio"},"content":{"rendered":"\n<p class=\"wp-block-paragraph\">A declara\u00e7\u00e3o do esp\u00f3lio no Imposto de Renda Pessoa F\u00edsica (IRPF) 2025 \u00e9 um procedimento obrigat\u00f3rio para casos em que um contribuinte faleceu e deixou bens, direitos e obriga\u00e7\u00f5es a serem inventariados. Essa declara\u00e7\u00e3o deve ser feita pelo inventariante enquanto o processo de partilha n\u00e3o for conclu\u00eddo.<\/p>\n\n\n\n<p class=\"wp-block-paragraph\">Neste artigo, explicamos como funciona a Declara\u00e7\u00e3o de Esp\u00f3lio, os tipos de declara\u00e7\u00e3o necess\u00e1rios e as obriga\u00e7\u00f5es fiscais dos herdeiros.<\/p>\n\n\n\n<h2 class=\"wp-block-heading\">O que \u00e9 um esp\u00f3lio?<\/h2>\n\n\n\n<p class=\"wp-block-paragraph\">O esp\u00f3lio \u00e9 o conjunto de bens, direitos e obriga\u00e7\u00f5es deixados por uma pessoa falecida. At\u00e9 que a partilha dos bens seja finalizada, a Receita Federal exige que seja feita a declara\u00e7\u00e3o do IRPF em nome do falecido.<\/p>\n\n\n\n<p class=\"wp-block-paragraph\">O respons\u00e1vel por realizar essa declara\u00e7\u00e3o \u00e9 o&nbsp;<strong>inventariante<\/strong>, que pode ser um dos herdeiros nomeado no processo de invent\u00e1rio.<\/p>\n\n\n\n<h2 class=\"wp-block-heading\">Quem precisa declarar o IRPF do esp\u00f3lio em 2025?<\/h2>\n\n\n\n<p class=\"wp-block-paragraph\">A declara\u00e7\u00e3o do esp\u00f3lio deve ser feita nos seguintes casos:<\/p>\n\n\n\n<ul class=\"wp-block-list\">\n<li>O falecido possu\u00eda rendimentos tribut\u00e1veis acima de\u00a0<strong>R$ 33.888,00<\/strong>\u00a0em 2024;<\/li>\n\n\n\n<li>O falecido possu\u00eda rendimentos isentos, n\u00e3o tribut\u00e1veis ou tributados exclusivamente na fonte superiores a\u00a0<strong>R$ 200.000,00<\/strong>; <\/li>\n\n\n\n<li>O falecido tinha bens e direitos superiores a\u00a0<strong>R$ 800.000,00<\/strong>; <\/li>\n\n\n\n<li>Houve venda de bens do esp\u00f3lio com ganho de capital sujeito \u00e0 tributa\u00e7\u00e3o; <\/li>\n\n\n\n<li>O falecido tinha investimentos na Bolsa de Valores e negociou valores acima de\u00a0<strong>R$ 40.000,00<\/strong>.<\/li>\n<\/ul>\n\n\n\n<p class=\"wp-block-paragraph\">Caso a pessoa falecida se enquadre em qualquer uma dessas situa\u00e7\u00f5es, a declara\u00e7\u00e3o do esp\u00f3lio \u00e9 obrigat\u00f3ria.<\/p>\n\n\n\n<h2 class=\"wp-block-heading\">Tipos de Declara\u00e7\u00e3o de Esp\u00f3lio<\/h2>\n\n\n\n<p class=\"wp-block-paragraph\">A Receita Federal classifica a Declara\u00e7\u00e3o de Esp\u00f3lio em tr\u00eas tipos:<\/p>\n\n\n\n<h3 class=\"wp-block-heading\">1. Declara\u00e7\u00e3o Inicial do Esp\u00f3lio<\/h3>\n\n\n\n<ul class=\"wp-block-list\">\n<li>Refere-se ao ano do falecimento do contribuinte. <\/li>\n\n\n\n<li>Deve ser feita normalmente, informando os rendimentos e bens da pessoa falecida at\u00e9 a data do \u00f3bito. <\/li>\n\n\n\n<li>O inventariante deve informar a situa\u00e7\u00e3o financeira do esp\u00f3lio at\u00e9 aquele momento.<\/li>\n<\/ul>\n\n\n\n<h3 class=\"wp-block-heading\">2. Declara\u00e7\u00f5es Intermedi\u00e1rias<\/h3>\n\n\n\n<ul class=\"wp-block-list\">\n<li>S\u00e3o declara\u00e7\u00f5es anuais que devem ser feitas enquanto o invent\u00e1rio ainda n\u00e3o foi finalizado. <\/li>\n\n\n\n<li>Devem incluir os rendimentos do esp\u00f3lio, como alugu\u00e9is e aplica\u00e7\u00f5es financeiras. <\/li>\n\n\n\n<li>O inventariante continua respons\u00e1vel pelo envio dessas declara\u00e7\u00f5es at\u00e9 a partilha dos bens.<\/li>\n<\/ul>\n\n\n\n<h3 class=\"wp-block-heading\">3. Declara\u00e7\u00e3o Final do Esp\u00f3lio<\/h3>\n\n\n\n<ul class=\"wp-block-list\">\n<li>Deve ser entregue no ano em que ocorre a partilha dos bens. <\/li>\n\n\n\n<li>Informa a transfer\u00eancia dos bens para os herdeiros e encerra a obriga\u00e7\u00e3o do esp\u00f3lio com a Receita Federal. <\/li>\n\n\n\n<li>Os herdeiros passam a ser os respons\u00e1veis por incluir os bens recebidos em suas pr\u00f3prias declara\u00e7\u00f5es de IRPF.<\/li>\n<\/ul>\n\n\n\n<h2 class=\"wp-block-heading\">Prazos para Entrega da Declara\u00e7\u00e3o de Esp\u00f3lio<\/h2>\n\n\n\n<ul class=\"wp-block-list\">\n<li>O prazo de envio da Declara\u00e7\u00e3o Final de Esp\u00f3lio segue o mesmo da Declara\u00e7\u00e3o de Ajuste Anual, ou seja,\u00a0<strong>de 17 de mar\u00e7o a 30 de maio de 2025<\/strong>.<\/li>\n\n\n\n<li>As declara\u00e7\u00f5es intermedi\u00e1rias devem ser enviadas anualmente at\u00e9 que o invent\u00e1rio seja conclu\u00eddo.<\/li>\n<\/ul>\n\n\n\n<h2 class=\"wp-block-heading\">Como os herdeiros devem declarar os bens recebidos?<\/h2>\n\n\n\n<p class=\"wp-block-paragraph\">Ap\u00f3s a partilha, os herdeiros devem incluir os bens recebidos em suas declara\u00e7\u00f5es do IRPF 2025, na ficha de&nbsp;<strong>Bens e Direitos<\/strong>. O valor a ser informado \u00e9 o mesmo constante no formal de partilha.<\/p>\n\n\n\n<p class=\"wp-block-paragraph\">Caso os bens sejam vendidos posteriormente, os herdeiros podem estar sujeitos ao pagamento de imposto sobre ganho de capital.<\/p>\n\n\n\n<h2 class=\"wp-block-heading\">Erros comuns na Declara\u00e7\u00e3o de Esp\u00f3lio<\/h2>\n\n\n\n<ul class=\"wp-block-list\">\n<li><strong>N\u00e3o enviar a Declara\u00e7\u00e3o Final do Esp\u00f3lio<\/strong>\u00a0\u2013 Se o invent\u00e1rio foi conclu\u00eddo, a Receita Federal exige que a Declara\u00e7\u00e3o Final seja enviada para encerrar o CPF do falecido no sistema.<\/li>\n\n\n\n<li><strong>Omitir rendimentos do esp\u00f3lio<\/strong>\u00a0\u2013 Rendimentos como alugu\u00e9is recebidos pelo esp\u00f3lio devem ser declarados corretamente para evitar problemas fiscais.<\/li>\n\n\n\n<li><strong>N\u00e3o atualizar os bens na declara\u00e7\u00e3o dos herdeiros<\/strong>\u00a0\u2013 Ap\u00f3s a partilha, os bens precisam ser inclu\u00eddos na declara\u00e7\u00e3o dos herdeiros para evitar inconsist\u00eancias no cruzamento de dados da Receita Federal.<\/li>\n<\/ul>\n\n\n\n<h2 class=\"wp-block-heading\">Precisa de ajuda com a Declara\u00e7\u00e3o do Esp\u00f3lio no IRPF 2025?<\/h2>\n\n\n\n<p class=\"wp-block-paragraph\">A M\u00faltipla Contabilidade pode ajudar voc\u00ea a organizar a Declara\u00e7\u00e3o de Esp\u00f3lio, garantir que todas as obriga\u00e7\u00f5es fiscais sejam cumpridas e evitar problemas com a Receita Federal.<\/p>\n\n\n\n<p class=\"wp-block-paragraph\">\ud83d\udcde&nbsp;<strong>Entre em contato conosco e deixe sua declara\u00e7\u00e3o nas m\u00e3os de especialistas!<\/strong><\/p>\n","protected":false},"excerpt":{"rendered":"<p>A declara\u00e7\u00e3o do esp\u00f3lio no Imposto de Renda Pessoa F\u00edsica (IRPF) 2025 \u00e9 um procedimento obrigat\u00f3rio para casos em que um contribuinte faleceu e deixou bens, direitos e obriga\u00e7\u00f5es a serem inventariados. Essa declara\u00e7\u00e3o deve ser feita pelo inventariante enquanto o processo de partilha n\u00e3o for conclu\u00eddo. Neste artigo, explicamos como funciona a Declara\u00e7\u00e3o de [&hellip;]<\/p>\n","protected":false},"author":1,"featured_media":5588,"comment_status":"closed","ping_status":"open","sticky":false,"template":"","format":"standard","meta":{"footnotes":""},"categories":[21],"tags":[],"class_list":["post-5599","post","type-post","status-publish","format-standard","has-post-thumbnail","hentry","category-contabilidade"],"_links":{"self":[{"href":"https:\/\/multiplacontabil.com.br\/blog\/wp-json\/wp\/v2\/posts\/5599","targetHints":{"allow":["GET"]}}],"collection":[{"href":"https:\/\/multiplacontabil.com.br\/blog\/wp-json\/wp\/v2\/posts"}],"about":[{"href":"https:\/\/multiplacontabil.com.br\/blog\/wp-json\/wp\/v2\/types\/post"}],"author":[{"embeddable":true,"href":"https:\/\/multiplacontabil.com.br\/blog\/wp-json\/wp\/v2\/users\/1"}],"replies":[{"embeddable":true,"href":"https:\/\/multiplacontabil.com.br\/blog\/wp-json\/wp\/v2\/comments?post=5599"}],"version-history":[{"count":0,"href":"https:\/\/multiplacontabil.com.br\/blog\/wp-json\/wp\/v2\/posts\/5599\/revisions"}],"wp:attachment":[{"href":"https:\/\/multiplacontabil.com.br\/blog\/wp-json\/wp\/v2\/media?parent=5599"}],"wp:term":[{"taxonomy":"category","embeddable":true,"href":"https:\/\/multiplacontabil.com.br\/blog\/wp-json\/wp\/v2\/categories?post=5599"},{"taxonomy":"post_tag","embeddable":true,"href":"https:\/\/multiplacontabil.com.br\/blog\/wp-json\/wp\/v2\/tags?post=5599"}],"curies":[{"name":"wp","href":"https:\/\/api.w.org\/{rel}","templated":true}]}}