{"id":5527,"date":"2024-09-02T15:31:54","date_gmt":"2024-09-02T15:31:54","guid":{"rendered":"https:\/\/multiplacontabil.com.br\/blog\/blog\/?p=5527"},"modified":"2024-09-02T15:31:54","modified_gmt":"2024-09-02T15:31:54","slug":"agenda-tributaria-impostos-federais-e-obrigacoes-trabalhistas-setembro2024","status":"publish","type":"post","link":"https:\/\/multiplacontabil.com.br\/blog\/2024\/09\/02\/agenda-tributaria-impostos-federais-e-obrigacoes-trabalhistas-setembro2024\/","title":{"rendered":"Agenda Tribut\u00e1ria: Impostos Federais e Obriga\u00e7\u00f5es Trabalhistas Setembro 2024"},"content":{"rendered":"\n<p class=\"wp-block-paragraph\">Confira os vencimentos dos Impostos Federais e das Obriga\u00e7\u00f5es Trabalhistas para este m\u00eas de Setembro 2024:<\/p>\n\n\n\n<h3 class=\"wp-block-heading\">Tabela de vencimentos dos impostos federais:<\/h3>\n\n\n\n<figure class=\"wp-block-table\"><table class=\"has-fixed-layout\"><tbody><tr><td><strong>Imposto<\/strong><\/td><td><strong>Recolhimento<\/strong><\/td><td><strong>Se n\u00e3o cai em dia \u00fatil<\/strong><\/td><\/tr><tr><td>Simples Nacional<\/td><td>At\u00e9 o dia 20<\/td><td>Posterga para o 1\u00ba dia \u00fatil posterior<\/td><\/tr><tr><td>INSS<\/td><td>At\u00e9 o dia 20<\/td><td>Antecipa para o 1\u00ba dia \u00fatil anterior<\/td><\/tr><tr><td>IPI<\/td><td>At\u00e9 o dia 25<\/td><td>Antecipa para o 1\u00ba dia \u00fatil anterior<\/td><\/tr><tr><td>Cofins<\/td><td>At\u00e9 o dia 25<\/td><td>Antecipa para o 1\u00ba dia \u00fatil anterior<\/td><\/tr><tr><td>PIS<\/td><td>At\u00e9 o dia 25<\/td><td>Antecipa para o 1\u00ba dia \u00fatil anterior<\/td><\/tr><tr><td>CSLL<\/td><td>At\u00e9 o \u00faltimo dia do m\u00eas<\/td><td>Antecipa para o 1\u00ba dia \u00fatil anterior<\/td><\/tr><tr><td>IRPJ<\/td><td>At\u00e9 o \u00faltimo dia do m\u00eas<\/td><td>Antecipa para o 1\u00ba dia \u00fatil anterior<\/td><\/tr><tr><td>IRRF<\/td><td>At\u00e9 o dia 20<\/td><td>Antecipa para o 1\u00ba dia \u00fatil anterior<\/td><\/tr><tr><td>FGTS<\/td><td>At\u00e9 o dia 20<\/td><td>Antecipa para o 1\u00ba dia \u00fatil anterior<\/td><\/tr><tr><td>DAE \u2014 Documento de Arrecada\u00e7\u00e3o e-Social (Empregador Dom\u00e9stico)<\/td><td>At\u00e9 o dia 20<\/td><td>Antecipa para o 1\u00ba dia \u00fatil anterior<\/td><\/tr><tr><td>DAS \u2014 Simples Nacional<\/td><td>At\u00e9 o dia 20<\/td><td>Posterga para o 1\u00ba dia \u00fatil posterior<\/td><\/tr><tr><td>CSRF (4,65% PIS\/Cofins\/ CSLL)<\/td><td>At\u00e9 o dia 20<\/td><td>Antecipa para o 1\u00ba dia \u00fatil anterior<\/td><\/tr><tr><td>DARF Previdenci\u00e1rio (CPRB \u2014 Contribui\u00e7\u00e3o Previdenci\u00e1ria sobre a Receita Bruta)<\/td><td>At\u00e9 o dia 20<\/td><td>Antecipa para o 1\u00ba dia \u00fatil anterior<\/td><\/tr><tr><td>ICMS<\/td><td>Varia conforme o C\u00f3digo de Prazo de Recolhimento (CPR), podendo ocorrer nos dias 03, 10, 20 ou 25.<\/td><td>Varia conforme o CPR.<\/td><\/tr><\/tbody><\/table><\/figure>\n\n\n\n<h3 class=\"wp-block-heading\">Tabela de vencimento das obriga\u00e7\u00f5es trabalhistas:<\/h3>\n\n\n\n<figure class=\"wp-block-table\"><table class=\"has-fixed-layout\"><tbody><tr><td><strong>Obriga\u00e7\u00e3o<\/strong><\/td><td><strong>Recolhimento \/ entrega<\/strong><\/td><td><strong>Se n\u00e3o cai em dia \u00fatil<\/strong><\/td><\/tr><tr><td>Sal\u00e1rios<\/td><td>At\u00e9 o dia 5<\/td><td>Antecipa para o 1\u00ba dia \u00fatil anterior<\/td><\/tr><tr><td>FGTS<\/td><td>At\u00e9 o dia 20<\/td><td>Antecipa para o 1\u00ba dia \u00fatil anterior<\/td><\/tr><tr><td>Caged<\/td><td>At\u00e9 o dia 7<\/td><td>Antecipa para o 1\u00ba dia \u00fatil anterior<\/td><\/tr><tr><td>GPS<\/td><td>At\u00e9 o dia 10<\/td><td>Antecipa para o 1\u00ba dia \u00fatil anterior<\/td><\/tr><tr><td>F\u00e9rias<\/td><td>At\u00e9 2 dias antes do seu in\u00edcio<\/td><td>\u2013<\/td><\/tr><\/tbody><\/table><\/figure>\n\n\n\n<p class=\"wp-block-paragraph\">Fonte: Receita Federal<\/p>\n","protected":false},"excerpt":{"rendered":"<p>Confira os vencimentos dos Impostos Federais e das Obriga\u00e7\u00f5es Trabalhistas para este m\u00eas de Setembro 2024: Tabela de vencimentos dos impostos federais: Imposto Recolhimento Se n\u00e3o cai em dia \u00fatil Simples Nacional At\u00e9 o dia 20 Posterga para o 1\u00ba dia \u00fatil posterior INSS At\u00e9 o dia 20 Antecipa para o 1\u00ba dia \u00fatil anterior [&hellip;]<\/p>\n","protected":false},"author":1,"featured_media":5344,"comment_status":"closed","ping_status":"open","sticky":false,"template":"","format":"standard","meta":{"footnotes":""},"categories":[25],"tags":[116,122,123,61],"class_list":["post-5527","post","type-post","status-publish","format-standard","has-post-thumbnail","hentry","category-fiscal-tributario","tag-agenda-tributaria","tag-impostos-federais","tag-obrigacoes-trabalhistas","tag-receita-federal"],"_links":{"self":[{"href":"https:\/\/multiplacontabil.com.br\/blog\/wp-json\/wp\/v2\/posts\/5527","targetHints":{"allow":["GET"]}}],"collection":[{"href":"https:\/\/multiplacontabil.com.br\/blog\/wp-json\/wp\/v2\/posts"}],"about":[{"href":"https:\/\/multiplacontabil.com.br\/blog\/wp-json\/wp\/v2\/types\/post"}],"author":[{"embeddable":true,"href":"https:\/\/multiplacontabil.com.br\/blog\/wp-json\/wp\/v2\/users\/1"}],"replies":[{"embeddable":true,"href":"https:\/\/multiplacontabil.com.br\/blog\/wp-json\/wp\/v2\/comments?post=5527"}],"version-history":[{"count":0,"href":"https:\/\/multiplacontabil.com.br\/blog\/wp-json\/wp\/v2\/posts\/5527\/revisions"}],"wp:attachment":[{"href":"https:\/\/multiplacontabil.com.br\/blog\/wp-json\/wp\/v2\/media?parent=5527"}],"wp:term":[{"taxonomy":"category","embeddable":true,"href":"https:\/\/multiplacontabil.com.br\/blog\/wp-json\/wp\/v2\/categories?post=5527"},{"taxonomy":"post_tag","embeddable":true,"href":"https:\/\/multiplacontabil.com.br\/blog\/wp-json\/wp\/v2\/tags?post=5527"}],"curies":[{"name":"wp","href":"https:\/\/api.w.org\/{rel}","templated":true}]}}