{"id":5525,"date":"2024-09-02T15:24:39","date_gmt":"2024-09-02T15:24:39","guid":{"rendered":"https:\/\/multiplacontabil.com.br\/blog\/blog\/?p=5525"},"modified":"2024-09-02T15:24:39","modified_gmt":"2024-09-02T15:24:39","slug":"agenda-tributaria-obrigacoes-acessorias-de-setembro-2024","status":"publish","type":"post","link":"https:\/\/multiplacontabil.com.br\/blog\/2024\/09\/02\/agenda-tributaria-obrigacoes-acessorias-de-setembro-2024\/","title":{"rendered":"Agenda Tribut\u00e1ria: Obriga\u00e7\u00f5es Acess\u00f3rias de Setembro 2024"},"content":{"rendered":"\n<p class=\"wp-block-paragraph\">Confira as obriga\u00e7\u00f5es acess\u00f3rias de Setembro 2024<\/p>\n\n\n\n<h3 class=\"wp-block-heading\">Obriga\u00e7\u00f5es Acess\u00f3rias Pessoa Jur\u00eddica:<\/h3>\n\n\n\n<figure class=\"wp-block-table\"><table class=\"has-fixed-layout\"><tbody><tr><td class=\"has-text-align-center\" data-align=\"center\"><strong>Data de Apresenta\u00e7\u00e3o<\/strong><\/td><td><strong>Declara\u00e7\u00f5es, Demonstrativos e Documentos de Interesse Principal das Pessoas Jur\u00eddicas<\/strong><\/td><td class=\"has-text-align-center\" data-align=\"center\"><strong>Per\u00edodo de Apura\u00e7\u00e3o<\/strong><\/td><\/tr><tr><td class=\"has-text-align-center\" data-align=\"center\">10<\/td><td>Envio, pelo Munic\u00edpio, da rela\u00e7\u00e3o de todos os alvar\u00e1s para constru\u00e7\u00e3o civil e documentos de habite-se concedidos.<\/td><td class=\"has-text-align-center\" data-align=\"center\">1\u00ba a 31\/Agosto\/2024<\/td><\/tr><tr><td class=\"has-text-align-center\" data-align=\"center\">13<\/td><td>EFD-Contribui\u00e7\u00f5es&nbsp;\u2013&nbsp;Escritura\u00e7\u00e3o Fiscal Digital das Contribui\u00e7\u00f5es incidentes sobre a Receita.<\/td><td class=\"has-text-align-center\" data-align=\"center\">jul\/24<\/td><\/tr><tr><td class=\"has-text-align-center\" data-align=\"center\">16<\/td><td>DCTFWeb&nbsp;\u2013&nbsp;Declara\u00e7\u00e3o de D\u00e9bitos e Cr\u00e9ditos Tribut\u00e1rios Federais Previdenci\u00e1rios e de Outras Entidades e Fundos<\/td><td class=\"has-text-align-center\" data-align=\"center\">ago\/24<\/td><\/tr><tr><td class=\"has-text-align-center\" data-align=\"center\">16<\/td><td>EFD-Reinf&nbsp;\u2013&nbsp;Escritura\u00e7\u00e3o Fiscal Digital de Reten\u00e7\u00f5es e Outras Informa\u00e7\u00f5es Fiscais&nbsp;<\/td><td class=\"has-text-align-center\" data-align=\"center\">ago\/24<\/td><\/tr><tr><td class=\"has-text-align-center\" data-align=\"center\">20<\/td><td>Dirbi \u2013&nbsp;Declara\u00e7\u00e3o de Incentivos, Ren\u00fancias, Benef\u00edcios e Imunidades de Natureza Tribut\u00e1ria<\/td><td class=\"has-text-align-center\" data-align=\"center\">jul\/24<\/td><\/tr><tr><td class=\"has-text-align-center\" data-align=\"center\">20<\/td><td>PGDAS-D&nbsp;\u2013&nbsp;Programa Gerador do Documento de Arrecada\u00e7\u00e3o do Simples Nacional<\/td><td class=\"has-text-align-center\" data-align=\"center\">ago\/24<\/td><\/tr><tr><td class=\"has-text-align-center\" data-align=\"center\">20<\/td><td>DCTF Mensal \u2013 Declara\u00e7\u00e3o de D\u00e9bitos e Cr\u00e9ditos Tribut\u00e1rios Federais \u2013 Mensal<\/td><td class=\"has-text-align-center\" data-align=\"center\">jul\/24<\/td><\/tr><tr><td class=\"has-text-align-center\" data-align=\"center\">30<\/td><td>DTTA &#8211; Declara\u00e7\u00e3o de Transfer\u00eancia de Titularidade de A\u00e7\u00f5es<\/td><td class=\"has-text-align-center\" data-align=\"center\">Janeiro a Junho\/2024<\/td><\/tr><tr><td class=\"has-text-align-center\" data-align=\"center\">30<\/td><td>DME&nbsp;\u2013&nbsp;Declara\u00e7\u00e3o de Opera\u00e7\u00f5es Liquidadas com Moeda em Esp\u00e9cie<\/td><td class=\"has-text-align-center\" data-align=\"center\">ago\/24<\/td><\/tr><tr><td class=\"has-text-align-center\" data-align=\"center\">30<\/td><td>DOI \u2013 Declara\u00e7\u00e3o sobre Opera\u00e7\u00f5es Imobili\u00e1rias&nbsp;<\/td><td class=\"has-text-align-center\" data-align=\"center\">ago\/24<\/td><\/tr><tr><td class=\"has-text-align-center\" data-align=\"center\">30<\/td><td>DITR &#8211; Declara\u00e7\u00e3o do Imposto sobre a Propriedade Territorial Rural<\/td><td class=\"has-text-align-center\" data-align=\"center\">Exerc\u00edcio 2024<\/td><\/tr><\/tbody><\/table><\/figure>\n\n\n\n<h3 class=\"wp-block-heading\">Obriga\u00e7\u00f5es Acess\u00f3rias Pessoa F\u00edsica:<\/h3>\n\n\n\n<figure class=\"wp-block-table\"><table class=\"has-fixed-layout\"><tbody><tr><td class=\"has-text-align-center\" data-align=\"center\"><strong>Data de Apresenta\u00e7\u00e3o<\/strong><\/td><td><strong>Declara\u00e7\u00f5es, Demonstrativos e Documentos de Interesse Principal das Pessoas F\u00edsicas<\/strong><\/td><td class=\"has-text-align-center\" data-align=\"center\"><strong>Per\u00edodo de Apura\u00e7\u00e3o<\/strong><\/td><\/tr><tr><td class=\"has-text-align-center\" data-align=\"center\">30<\/td><td>DME&nbsp;\u2013&nbsp;Declara\u00e7\u00e3o de Opera\u00e7\u00f5es Liquidadas com Moeda em esp\u00e9cie<\/td><td class=\"has-text-align-center\" data-align=\"center\">jul\/24<\/td><\/tr><tr><td class=\"has-text-align-center\" data-align=\"center\">30<\/td><td>DOI&nbsp;\u2013 Declara\u00e7\u00e3o sobre Opera\u00e7\u00f5es Imobili\u00e1rias&nbsp;<\/td><td class=\"has-text-align-center\" data-align=\"center\">ago\/24<\/td><\/tr><\/tbody><\/table><\/figure>\n\n\n\n<p class=\"wp-block-paragraph\">Fonte: <a href=\"https:\/\/www.gov.br\/receitafederal\/pt-br\/assuntos\/agenda-tributaria\/2024\/setembro\">Receita Federal<\/a><\/p>\n","protected":false},"excerpt":{"rendered":"<p>Confira as obriga\u00e7\u00f5es acess\u00f3rias de Setembro 2024 Obriga\u00e7\u00f5es Acess\u00f3rias Pessoa Jur\u00eddica: Data de Apresenta\u00e7\u00e3o Declara\u00e7\u00f5es, Demonstrativos e Documentos de Interesse Principal das Pessoas Jur\u00eddicas Per\u00edodo de Apura\u00e7\u00e3o 10 Envio, pelo Munic\u00edpio, da rela\u00e7\u00e3o de todos os alvar\u00e1s para constru\u00e7\u00e3o civil e documentos de habite-se concedidos. 1\u00ba a 31\/Agosto\/2024 13 EFD-Contribui\u00e7\u00f5es&nbsp;\u2013&nbsp;Escritura\u00e7\u00e3o Fiscal Digital das Contribui\u00e7\u00f5es incidentes [&hellip;]<\/p>\n","protected":false},"author":1,"featured_media":5344,"comment_status":"closed","ping_status":"open","sticky":false,"template":"","format":"standard","meta":{"footnotes":""},"categories":[25],"tags":[116,61,51],"class_list":["post-5525","post","type-post","status-publish","format-standard","has-post-thumbnail","hentry","category-fiscal-tributario","tag-agenda-tributaria","tag-receita-federal","tag-tributos"],"_links":{"self":[{"href":"https:\/\/multiplacontabil.com.br\/blog\/wp-json\/wp\/v2\/posts\/5525","targetHints":{"allow":["GET"]}}],"collection":[{"href":"https:\/\/multiplacontabil.com.br\/blog\/wp-json\/wp\/v2\/posts"}],"about":[{"href":"https:\/\/multiplacontabil.com.br\/blog\/wp-json\/wp\/v2\/types\/post"}],"author":[{"embeddable":true,"href":"https:\/\/multiplacontabil.com.br\/blog\/wp-json\/wp\/v2\/users\/1"}],"replies":[{"embeddable":true,"href":"https:\/\/multiplacontabil.com.br\/blog\/wp-json\/wp\/v2\/comments?post=5525"}],"version-history":[{"count":0,"href":"https:\/\/multiplacontabil.com.br\/blog\/wp-json\/wp\/v2\/posts\/5525\/revisions"}],"wp:attachment":[{"href":"https:\/\/multiplacontabil.com.br\/blog\/wp-json\/wp\/v2\/media?parent=5525"}],"wp:term":[{"taxonomy":"category","embeddable":true,"href":"https:\/\/multiplacontabil.com.br\/blog\/wp-json\/wp\/v2\/categories?post=5525"},{"taxonomy":"post_tag","embeddable":true,"href":"https:\/\/multiplacontabil.com.br\/blog\/wp-json\/wp\/v2\/tags?post=5525"}],"curies":[{"name":"wp","href":"https:\/\/api.w.org\/{rel}","templated":true}]}}