{"id":5520,"date":"2024-08-13T13:07:33","date_gmt":"2024-08-13T13:07:33","guid":{"rendered":"https:\/\/multiplacontabil.com.br\/blog\/blog\/?p=5520"},"modified":"2024-08-13T13:07:33","modified_gmt":"2024-08-13T13:07:33","slug":"reforma-tributaria-perguntas-e-respostas","status":"publish","type":"post","link":"https:\/\/multiplacontabil.com.br\/blog\/2024\/08\/13\/reforma-tributaria-perguntas-e-respostas\/","title":{"rendered":"Reforma Tribut\u00e1ria: Perguntas e Respostas"},"content":{"rendered":"\n<h4 class=\"wp-block-heading\">1. O que \u00e9 a reforma tribut\u00e1ria aprovada pela PEC n\u00ba 132\/23?<\/h4>\n\n\n\n<p class=\"wp-block-paragraph\"><strong>Resposta:<\/strong> A reforma tribut\u00e1ria aprovada pela PEC n\u00ba 132\/23 representa uma moderniza\u00e7\u00e3o do sistema tribut\u00e1rio brasileiro, que est\u00e1 em discuss\u00e3o h\u00e1 mais de trinta anos. Ela visa simplificar a cobran\u00e7a de impostos, taxas e contribui\u00e7\u00f5es, que atualmente representam cerca de 33% da riqueza produzida no pa\u00eds. A reforma foca principalmente na tributa\u00e7\u00e3o sobre o consumo de bens e servi\u00e7os e introduz ajustes nos impostos sobre patrim\u00f4nio .<\/p>\n\n\n\n<h4 class=\"wp-block-heading\">2. Quais s\u00e3o os novos tributos institu\u00eddos pela reforma tribut\u00e1ria?<\/h4>\n\n\n\n<p class=\"wp-block-paragraph\"><strong>Resposta:<\/strong> A reforma tribut\u00e1ria institui tr\u00eas novos tributos:<\/p>\n\n\n\n<ol class=\"wp-block-list\">\n<li><strong>Imposto sobre Bens e Servi\u00e7os (IBS)<\/strong><\/li>\n\n\n\n<li><strong>Contribui\u00e7\u00e3o sobre Bens e Servi\u00e7os (CBS)<\/strong><\/li>\n\n\n\n<li><strong>Imposto Seletivo (IS)<\/strong> Esses novos tributos visam substituir a complexa estrutura tribut\u00e1ria atual, simplificando a cobran\u00e7a e melhorando a transpar\u00eancia .<\/li>\n<\/ol>\n\n\n\n<h4 class=\"wp-block-heading\">3. Como ser\u00e1 a implementa\u00e7\u00e3o da reforma tribut\u00e1ria?<\/h4>\n\n\n\n<p class=\"wp-block-paragraph\"><strong>Resposta:<\/strong> A implementa\u00e7\u00e3o da reforma tribut\u00e1ria ser\u00e1 gradual, ocorrendo em tr\u00eas momentos cr\u00edticos:<\/p>\n\n\n\n<ol class=\"wp-block-list\">\n<li><strong>2027:<\/strong> In\u00edcio da cobran\u00e7a integral da CBS e extin\u00e7\u00e3o das contribui\u00e7\u00f5es para PIS e COFINS.<\/li>\n\n\n\n<li><strong>2029:<\/strong> In\u00edcio da cobran\u00e7a do IBS, com al\u00edquota de 10% do total estimado.<\/li>\n\n\n\n<li><strong>2033:<\/strong> Aplica\u00e7\u00e3o integral do novo sistema tribut\u00e1rio, com extin\u00e7\u00e3o do ICMS e ISS e integra\u00e7\u00e3o completa do IBS com a CBS\u200b(reforma tribut\u00e1ria) .<\/li>\n<\/ol>\n\n\n\n<h4 class=\"wp-block-heading\">4. Como a reforma tribut\u00e1ria impacta as microempresas e empresas de pequeno porte?<\/h4>\n\n\n\n<p class=\"wp-block-paragraph\"><strong>Resposta:<\/strong> As microempresas e empresas de pequeno porte poder\u00e3o optar por continuar no modelo do Simples Nacional de forma integral ou parcial. No modelo parcial, os tributos sobre lucro (IRPJ e CSLL) e a contribui\u00e7\u00e3o previdenci\u00e1ria patronal permanecer\u00e3o simplificados, enquanto o IVA-DUAL (CBS + IBS) ser\u00e1 aplicado de forma padr\u00e3o, permitindo a n\u00e3o-cumulatividade plena .<\/p>\n\n\n\n<h4 class=\"wp-block-heading\">5. Quais s\u00e3o os principais benef\u00edcios da reforma tribut\u00e1ria para as empresas?<\/h4>\n\n\n\n<p class=\"wp-block-paragraph\"><strong>Resposta:<\/strong> A reforma tribut\u00e1ria promete simplificar a cobran\u00e7a de impostos sobre bens e servi\u00e7os, eliminando a guerra fiscal, regimes especiais, substitui\u00e7\u00e3o tribut\u00e1ria, e o DIFAL. Al\u00e9m disso, visa reduzir o elevado n\u00famero de obriga\u00e7\u00f5es acess\u00f3rias e clarificar o conceito de insumos para fins de creditamento de PIS e COFINS. Isso resultar\u00e1 em um sistema mais transparente e eficiente, diminuindo os custos de conformidade para as empresas .<\/p>\n\n\n\n<h4 class=\"wp-block-heading\">6. O que \u00e9 o Comit\u00ea Gestor do IBS (CG-IBS)?<\/h4>\n\n\n\n<p class=\"wp-block-paragraph\"><strong>Resposta:<\/strong> O Comit\u00ea Gestor do IBS (CG-IBS) foi criado pelo PLP 108\/24. Ele ser\u00e1 respons\u00e1vel pelo processo administrativo tribut\u00e1rio relativo ao IBS, incluindo o lan\u00e7amento de of\u00edcio, distribui\u00e7\u00e3o da arrecada\u00e7\u00e3o entre os entes federativos e quest\u00f5es relacionadas ao ITCMD. O CG-IBS garantir\u00e1 a gest\u00e3o eficiente do novo tributo .<\/p>\n\n\n\n<h4 class=\"wp-block-heading\">7. Qual ser\u00e1 a al\u00edquota estimada do IVA-DUAL em 2033?<\/h4>\n\n\n\n<p class=\"wp-block-paragraph\"><strong>Resposta:<\/strong> Em 2033, a al\u00edquota estimada do IVA-DUAL, que combina a CBS e o IBS, ser\u00e1 de aproximadamente 26,5%. Esta al\u00edquota visa equilibrar a carga tribut\u00e1ria e garantir a n\u00e3o-cumulatividade plena, simplificando a tributa\u00e7\u00e3o sobre consumo\u200b(reforma tribut\u00e1ria).<\/p>\n\n\n\n<h4 class=\"wp-block-heading\">8. Quais ser\u00e3o os principais desafios para as empresas com a nova tributa\u00e7\u00e3o?<\/h4>\n\n\n\n<p class=\"wp-block-paragraph\"><strong>Resposta:<\/strong> As empresas enfrentar\u00e3o o desafio de adaptar-se a um sistema de tributa\u00e7\u00e3o dual, com a conviv\u00eancia de dois modelos distintos at\u00e9 2033. Ser\u00e1 necess\u00e1rio um profundo conhecimento do sistema atual e uma prepara\u00e7\u00e3o para as mudan\u00e7as graduais que ocorrer\u00e3o ao longo dos pr\u00f3ximos anos.<\/p>\n\n\n\n<p class=\"wp-block-paragraph\">Fonte: RNC Rede Nacional de Contabilidade e Receita Federal<\/p>\n","protected":false},"excerpt":{"rendered":"<p>1. O que \u00e9 a reforma tribut\u00e1ria aprovada pela PEC n\u00ba 132\/23? Resposta: A reforma tribut\u00e1ria aprovada pela PEC n\u00ba 132\/23 representa uma moderniza\u00e7\u00e3o do sistema tribut\u00e1rio brasileiro, que est\u00e1 em discuss\u00e3o h\u00e1 mais de trinta anos. Ela visa simplificar a cobran\u00e7a de impostos, taxas e contribui\u00e7\u00f5es, que atualmente representam cerca de 33% da riqueza [&hellip;]<\/p>\n","protected":false},"author":1,"featured_media":5521,"comment_status":"closed","ping_status":"open","sticky":false,"template":"","format":"standard","meta":{"footnotes":""},"categories":[25],"tags":[61,52],"class_list":["post-5520","post","type-post","status-publish","format-standard","has-post-thumbnail","hentry","category-fiscal-tributario","tag-receita-federal","tag-reforma-tributaria"],"_links":{"self":[{"href":"https:\/\/multiplacontabil.com.br\/blog\/wp-json\/wp\/v2\/posts\/5520","targetHints":{"allow":["GET"]}}],"collection":[{"href":"https:\/\/multiplacontabil.com.br\/blog\/wp-json\/wp\/v2\/posts"}],"about":[{"href":"https:\/\/multiplacontabil.com.br\/blog\/wp-json\/wp\/v2\/types\/post"}],"author":[{"embeddable":true,"href":"https:\/\/multiplacontabil.com.br\/blog\/wp-json\/wp\/v2\/users\/1"}],"replies":[{"embeddable":true,"href":"https:\/\/multiplacontabil.com.br\/blog\/wp-json\/wp\/v2\/comments?post=5520"}],"version-history":[{"count":0,"href":"https:\/\/multiplacontabil.com.br\/blog\/wp-json\/wp\/v2\/posts\/5520\/revisions"}],"wp:attachment":[{"href":"https:\/\/multiplacontabil.com.br\/blog\/wp-json\/wp\/v2\/media?parent=5520"}],"wp:term":[{"taxonomy":"category","embeddable":true,"href":"https:\/\/multiplacontabil.com.br\/blog\/wp-json\/wp\/v2\/categories?post=5520"},{"taxonomy":"post_tag","embeddable":true,"href":"https:\/\/multiplacontabil.com.br\/blog\/wp-json\/wp\/v2\/tags?post=5520"}],"curies":[{"name":"wp","href":"https:\/\/api.w.org\/{rel}","templated":true}]}}