{"id":5509,"date":"2024-08-01T10:05:43","date_gmt":"2024-08-01T10:05:43","guid":{"rendered":"https:\/\/multiplacontabil.com.br\/blog\/blog\/?p=5509"},"modified":"2024-08-01T10:05:43","modified_gmt":"2024-08-01T10:05:43","slug":"agenda-tributaria-obrigacoes-acessorias-de-agosto-2024","status":"publish","type":"post","link":"https:\/\/multiplacontabil.com.br\/blog\/2024\/08\/01\/agenda-tributaria-obrigacoes-acessorias-de-agosto-2024\/","title":{"rendered":"Agenda Tribut\u00e1ria: Obriga\u00e7\u00f5es Acess\u00f3rias de Agosto 2024"},"content":{"rendered":"\n<p class=\"wp-block-paragraph\">Confira as obriga\u00e7\u00f5es acess\u00f3rias de Agosto\/2024<\/p>\n\n\n\n<h3 class=\"wp-block-heading\">Obriga\u00e7\u00f5es Acess\u00f3rias Pessoa Jur\u00eddica:<\/h3>\n\n\n\n<figure class=\"wp-block-table\"><table class=\"has-fixed-layout\"><tbody><tr><td class=\"has-text-align-center\" data-align=\"center\"><strong>Data de Apresenta\u00e7\u00e3o<\/strong><\/td><td class=\"has-text-align-center\" data-align=\"center\"><strong>Declara\u00e7\u00f5es, Demonstrativos e Documentos de Interesse Principal das Pessoas Jur\u00eddicas<\/strong><\/td><td class=\"has-text-align-center\" data-align=\"center\"><strong>Per\u00edodo de Apura\u00e7\u00e3o<\/strong><\/td><\/tr><tr><td class=\"has-text-align-center\" data-align=\"center\">9<\/td><td class=\"has-text-align-center\" data-align=\"center\">Envio, pelo Munic\u00edpio, da rela\u00e7\u00e3o de todos os alvar\u00e1s para constru\u00e7\u00e3o civil e documentos de habite-se concedidos.<\/td><td class=\"has-text-align-center\" data-align=\"center\">1\u00ba a 31\/julho\/2024<\/td><\/tr><tr><td class=\"has-text-align-center\" data-align=\"center\">14<\/td><td class=\"has-text-align-center\" data-align=\"center\">EFD-Contribui\u00e7\u00f5es\u00a0&#8211;\u00a0Escritura\u00e7\u00e3o Fiscal Digital das Contribui\u00e7\u00f5es incidentes sobre a Receita.<\/td><td class=\"has-text-align-center\" data-align=\"center\">junho\/2024<\/td><\/tr><tr><td class=\"has-text-align-center\" data-align=\"center\">15<\/td><td class=\"has-text-align-center\" data-align=\"center\">DCTFWeb\u00a0&#8211;\u00a0Declara\u00e7\u00e3o de D\u00e9bitos e Cr\u00e9ditos Tribut\u00e1rios Federais Previdenci\u00e1rios e de Outras Entidades e Fundos<\/td><td class=\"has-text-align-center\" data-align=\"center\">julho\/2024<\/td><\/tr><tr><td class=\"has-text-align-center\" data-align=\"center\">15<\/td><td class=\"has-text-align-center\" data-align=\"center\">EFD-Reinf\u00a0&#8211;\u00a0Escritura\u00e7\u00e3o Fiscal Digital de Reten\u00e7\u00f5es e Outras Informa\u00e7\u00f5es Fiscais\u00a0<\/td><td class=\"has-text-align-center\" data-align=\"center\">julho\/2024<\/td><\/tr><tr><td class=\"has-text-align-center\" data-align=\"center\">20<\/td><td class=\"has-text-align-center\" data-align=\"center\">Dirbi &#8211;\u00a0Declara\u00e7\u00e3o de Incentivos, Ren\u00fancias, Benef\u00edcios e Imunidades de Natureza Tribut\u00e1ria<\/td><td class=\"has-text-align-center\" data-align=\"center\">junho\/2024<\/td><\/tr><tr><td class=\"has-text-align-center\" data-align=\"center\">20<\/td><td class=\"has-text-align-center\" data-align=\"center\">PGDAS-D\u00a0&#8211;\u00a0Programa Gerador do Documento de Arrecada\u00e7\u00e3o do Simples Nacional <\/td><td class=\"has-text-align-center\" data-align=\"center\">julho\/2024<\/td><\/tr><tr><td class=\"has-text-align-center\" data-align=\"center\">21<\/td><td class=\"has-text-align-center\" data-align=\"center\">DCTF Mensal &#8211; Declara\u00e7\u00e3o de D\u00e9bitos e Cr\u00e9ditos Tribut\u00e1rios Federais \u2013 Mensal<\/td><td class=\"has-text-align-center\" data-align=\"center\">junho\/2024<\/td><\/tr><tr><td class=\"has-text-align-center\" data-align=\"center\">30<\/td><td class=\"has-text-align-center\" data-align=\"center\">Decred &#8211; Declara\u00e7\u00e3o de Opera\u00e7\u00f5es com Cart\u00f5es de Cr\u00e9dito<\/td><td class=\"has-text-align-center\" data-align=\"center\">Janeiro a Junho\/2024<\/td><\/tr><tr><td class=\"has-text-align-center\" data-align=\"center\">30<\/td><td class=\"has-text-align-center\" data-align=\"center\">DIF Papel Imune &#8211; Declara\u00e7\u00e3o Especial de Informa\u00e7\u00f5es Relativas ao Controle de Papel Imune<\/td><td class=\"has-text-align-center\" data-align=\"center\">Janeiro a Junho\/2024<\/td><\/tr><tr><td class=\"has-text-align-center\" data-align=\"center\">30<\/td><td class=\"has-text-align-center\" data-align=\"center\">DME\u00a0&#8211;\u00a0Declara\u00e7\u00e3o de Opera\u00e7\u00f5es Liquidadas com Moeda em Esp\u00e9cie<\/td><td class=\"has-text-align-center\" data-align=\"center\">julho\/2024<\/td><\/tr><tr><td class=\"has-text-align-center\" data-align=\"center\">30<\/td><td class=\"has-text-align-center\" data-align=\"center\">DOI &#8211; Declara\u00e7\u00e3o sobre Opera\u00e7\u00f5es Imobili\u00e1rias\u00a0<\/td><td class=\"has-text-align-center\" data-align=\"center\">maio, junho e julho\/2024<\/td><\/tr><tr><td class=\"has-text-align-center\" data-align=\"center\">30<\/td><td class=\"has-text-align-center\" data-align=\"center\">e-Financeira<\/td><td class=\"has-text-align-center\" data-align=\"center\">Janeiro a Junho\/2024<\/td><\/tr><\/tbody><\/table><\/figure>\n\n\n\n<h3 class=\"wp-block-heading\">Obriga\u00e7\u00f5es Acess\u00f3rias Pessoa F\u00edsica:<\/h3>\n\n\n\n<figure class=\"wp-block-table\"><table class=\"has-fixed-layout\"><tbody><tr><td class=\"has-text-align-center\" data-align=\"center\"><strong>Data de Apresenta\u00e7\u00e3o<\/strong><\/td><td class=\"has-text-align-center\" data-align=\"center\"><strong>Declara\u00e7\u00f5es, Demonstrativos e Documentos de Interesse Principal das Pessoas F\u00edsicas<\/strong><\/td><td class=\"has-text-align-center\" data-align=\"center\"><strong>Per\u00edodo de Apura\u00e7\u00e3o<\/strong><\/td><\/tr><tr><td class=\"has-text-align-center\" data-align=\"center\">30<\/td><td class=\"has-text-align-center\" data-align=\"center\">DME\u00a0&#8211;\u00a0Declara\u00e7\u00e3o de Opera\u00e7\u00f5es Liquidadas com Moeda em esp\u00e9cie<\/td><td class=\"has-text-align-center\" data-align=\"center\">junho\/2024<\/td><\/tr><tr><td class=\"has-text-align-center\" data-align=\"center\">30<\/td><td class=\"has-text-align-center\" data-align=\"center\">DOI\u00a0&#8211; Declara\u00e7\u00e3o sobre Opera\u00e7\u00f5es Imobili\u00e1rias\u00a0<\/td><td class=\"has-text-align-center\" data-align=\"center\">maio, junho e julho\/2024<\/td><\/tr><\/tbody><\/table><\/figure>\n\n\n\n<p class=\"wp-block-paragraph\"><em>Fonte: <a href=\"https:\/\/www.gov.br\/receitafederal\/pt-br\/assuntos\/agenda-tributaria\/2024\/agosto\/declaracoes\">Receita Federal<\/a><\/em><\/p>\n","protected":false},"excerpt":{"rendered":"<p>Confira as obriga\u00e7\u00f5es acess\u00f3rias de Agosto\/2024 Obriga\u00e7\u00f5es Acess\u00f3rias Pessoa Jur\u00eddica: Data de Apresenta\u00e7\u00e3o Declara\u00e7\u00f5es, Demonstrativos e Documentos de Interesse Principal das Pessoas Jur\u00eddicas Per\u00edodo de Apura\u00e7\u00e3o 9 Envio, pelo Munic\u00edpio, da rela\u00e7\u00e3o de todos os alvar\u00e1s para constru\u00e7\u00e3o civil e documentos de habite-se concedidos. 1\u00ba a 31\/julho\/2024 14 EFD-Contribui\u00e7\u00f5es\u00a0&#8211;\u00a0Escritura\u00e7\u00e3o Fiscal Digital das Contribui\u00e7\u00f5es incidentes sobre [&hellip;]<\/p>\n","protected":false},"author":1,"featured_media":5344,"comment_status":"closed","ping_status":"open","sticky":false,"template":"","format":"standard","meta":{"footnotes":""},"categories":[25],"tags":[116,109,61],"class_list":["post-5509","post","type-post","status-publish","format-standard","has-post-thumbnail","hentry","category-fiscal-tributario","tag-agenda-tributaria","tag-planejamento","tag-receita-federal"],"_links":{"self":[{"href":"https:\/\/multiplacontabil.com.br\/blog\/wp-json\/wp\/v2\/posts\/5509","targetHints":{"allow":["GET"]}}],"collection":[{"href":"https:\/\/multiplacontabil.com.br\/blog\/wp-json\/wp\/v2\/posts"}],"about":[{"href":"https:\/\/multiplacontabil.com.br\/blog\/wp-json\/wp\/v2\/types\/post"}],"author":[{"embeddable":true,"href":"https:\/\/multiplacontabil.com.br\/blog\/wp-json\/wp\/v2\/users\/1"}],"replies":[{"embeddable":true,"href":"https:\/\/multiplacontabil.com.br\/blog\/wp-json\/wp\/v2\/comments?post=5509"}],"version-history":[{"count":0,"href":"https:\/\/multiplacontabil.com.br\/blog\/wp-json\/wp\/v2\/posts\/5509\/revisions"}],"wp:attachment":[{"href":"https:\/\/multiplacontabil.com.br\/blog\/wp-json\/wp\/v2\/media?parent=5509"}],"wp:term":[{"taxonomy":"category","embeddable":true,"href":"https:\/\/multiplacontabil.com.br\/blog\/wp-json\/wp\/v2\/categories?post=5509"},{"taxonomy":"post_tag","embeddable":true,"href":"https:\/\/multiplacontabil.com.br\/blog\/wp-json\/wp\/v2\/tags?post=5509"}],"curies":[{"name":"wp","href":"https:\/\/api.w.org\/{rel}","templated":true}]}}