{"id":5488,"date":"2024-07-01T20:25:22","date_gmt":"2024-07-01T20:25:22","guid":{"rendered":"https:\/\/multiplacontabil.com.br\/blog\/blog\/?p=5488"},"modified":"2024-07-01T20:25:22","modified_gmt":"2024-07-01T20:25:22","slug":"agenda-tributaria-de-julho-2024","status":"publish","type":"post","link":"https:\/\/multiplacontabil.com.br\/blog\/2024\/07\/01\/agenda-tributaria-de-julho-2024\/","title":{"rendered":"Agenda tribut\u00e1ria de Julho 2024"},"content":{"rendered":"\n<p class=\"wp-block-paragraph\">Os contadores e empres\u00e1rios j\u00e1 enfrentaram alguns dos mais agitados meses do ano (como o\u00a0Imposto de Renda)\u00a0e chegaram na metade de 2024, mas o segundo semestre guarda v\u00e1rias obriga\u00e7\u00f5es para a classe e a agenda tribut\u00e1ria de julho est\u00e1 bem movimentada.<\/p>\n\n\n\n<p class=\"wp-block-paragraph\">Al\u00e9m das obriga\u00e7\u00f5es acess\u00f3rias padr\u00f5es previstas mensalmente, a agenda tribut\u00e1ria de julho inclui duas obriga\u00e7\u00f5es \u201cdiferentes\u201d, sendo uma peri\u00f3dica e a outra uma novidade.&nbsp;<\/p>\n\n\n\n<p class=\"wp-block-paragraph\">A classe cont\u00e1bil dever\u00e1 fazer a entrega da Escritura\u00e7\u00e3o Cont\u00e1bil Fiscal (ECF), obriga\u00e7\u00e3o anual entregue no \u00faltimo dia de julho, e tamb\u00e9m dever\u00e3o entregar pela primeira vez a nova obriga\u00e7\u00e3o acess\u00f3ria estabelecida pela Receita Federal: a Declara\u00e7\u00e3o de Incentivos, Ren\u00fancias, Benef\u00edcios e Imunidades de Natureza Tribut\u00e1ria (DIRBI).<\/p>\n\n\n\n<p class=\"wp-block-paragraph\">Assim, confira abaixo a agenda tribut\u00e1ria de julho e prepare-se para o come\u00e7o do segundo semestre.<\/p>\n\n\n\n<p class=\"wp-block-paragraph\"><strong>Agenda tribut\u00e1ria de julho de 2024 para pessoas jur\u00eddicas<\/strong><\/p>\n\n\n\n<figure class=\"wp-block-table\"><table><tbody><tr><td><strong>Data de Entrega<\/strong><\/td><td><strong>Declara\u00e7\u00f5es, Demonstrativos e Documentos de Interesse Principal das Pessoas Jur\u00eddicas<\/strong><\/td><td><strong>Per\u00edodo de Apura\u00e7\u00e3o<\/strong><\/td><\/tr><tr><td>10<\/td><td>Envio, pelo Munic\u00edpio, da rela\u00e7\u00e3o de todos os alvar\u00e1s para constru\u00e7\u00e3o civil e documentos de habite-se concedidos.<\/td><td>1\u00ba a 30\/junho\/2024<\/td><\/tr><tr><td>12<\/td><td>EFD &#8211; Contribui\u00e7\u00f5es\u00a0\u2013 Escritura\u00e7\u00e3o Fiscal Digital das Contribui\u00e7\u00f5es incidentes sobre a Receita. \u2013 Contribui\u00e7\u00e3o para o PIS\/Pasep e \u00e0\u00a0Cofins\u00a0\u2013 Pessoas Jur\u00eddicas sujeitas \u00e0 tributa\u00e7\u00e3o do Imposto sobre a Renda. \u2013 Contribui\u00e7\u00e3o Previdenci\u00e1ria sobre a Receita \u2013 Pessoas Jur\u00eddicas que desenvolvam as atividades relacionadas nos arts. 7\u00ba e 8\u00ba da Lei n\u00ba 12.546, de 2011. (Consulte a Instru\u00e7\u00e3o Normativa RFB n\u00ba 1.252, de 1\u00ba de mar\u00e7o de 2012)<\/td><td>mai\/24<\/td><\/tr><tr><td>15<\/td><td>DCTFWeb\u00a0&#8211; Declara\u00e7\u00e3o de D\u00e9bitos e Cr\u00e9ditos Tribut\u00e1rios Federais Previdenci\u00e1rios e de Outras Entidades e Fundos<\/td><td>jun\/24<\/td><\/tr><tr><td>15<\/td><td>EFD-Reinf\u00a0&#8211; Escritura\u00e7\u00e3o Fiscal Digital de Reten\u00e7\u00f5es e Outras Informa\u00e7\u00f5es Fiscais (Consulte a Instru\u00e7\u00e3o Normativa RFB n\u00ba 2.043, de 12 de agosto de 2021<\/td><td>jun\/24<\/td><\/tr><tr><td>19<\/td><td>DCTF Mensal\u00a0\u2013 Declara\u00e7\u00e3o de D\u00e9bitos e Cr\u00e9ditos Tribut\u00e1rios Federais \u2013 Mensal<\/td><td>mai\/24<\/td><\/tr><tr><td>20<\/td><td>Dirbi\u00a0&#8211; Declara\u00e7\u00e3o de Incentivos, Ren\u00fancias, Benef\u00edcios e Imunidades de Natureza Tribut\u00e1ria<\/td><td>janeiro a maio\/24<\/td><\/tr><tr><td>22<\/td><td>PGDAS-D\u00a0\u2013 Programa Gerador do Documento de Arrecada\u00e7\u00e3o do Simples Nacional<\/td><td>jun\/24<\/td><\/tr><tr><td>31<\/td><td>DOI \u2013\u00a0Declara\u00e7\u00e3o sobre Opera\u00e7\u00f5es Imobili\u00e1rias<\/td><td>jun\/24<\/td><\/tr><tr><td>31<\/td><td>DME\u00a0\u2013 Declara\u00e7\u00e3o de Opera\u00e7\u00f5es Liquidadas com Moeda em Esp\u00e9cie<\/td><td>jun\/24<\/td><\/tr><tr><td>31<\/td><td>ECF\u00a0&#8211; Escritura\u00e7\u00e3o Cont\u00e1bil Fiscal<\/td><td>Ano-calend\u00e1rio de 2023<\/td><\/tr><\/tbody><\/table><\/figure>\n\n\n\n<p class=\"wp-block-paragraph\"><strong>Agenda tribut\u00e1ria de julho de 2024 para pessoas f\u00edsicas<\/strong><\/p>\n\n\n\n<figure class=\"wp-block-table\"><table><tbody><tr><td><strong>Data de entrega<\/strong><\/td><td><strong>Declara\u00e7\u00f5es, Demonstrativos e Documentos de Interesse Principal das Pessoas F\u00edsicas<\/strong><\/td><td><strong>Per\u00edodo de Apura\u00e7\u00e3o<\/strong><\/td><\/tr><tr><td>31<\/td><td>DME\u00a0\u2013 Declara\u00e7\u00e3o de Opera\u00e7\u00f5es Liquidadas com Moeda em esp\u00e9cie<\/td><td>jun\/24<\/td><\/tr><tr><td>31<\/td><td>DOI\u00a0\u2013 Declara\u00e7\u00e3o sobre Opera\u00e7\u00f5es Imobili\u00e1rias<\/td><td>jun\/24<\/td><\/tr><\/tbody><\/table><\/figure>\n\n\n\n<p class=\"wp-block-paragraph\"><em>Fonte: Cont\u00e1beis<\/em><\/p>\n","protected":false},"excerpt":{"rendered":"<p>Os contadores e empres\u00e1rios j\u00e1 enfrentaram alguns dos mais agitados meses do ano (como o\u00a0Imposto de Renda)\u00a0e chegaram na metade de 2024, mas o segundo semestre guarda v\u00e1rias obriga\u00e7\u00f5es para a classe e a agenda tribut\u00e1ria de julho est\u00e1 bem movimentada. Al\u00e9m das obriga\u00e7\u00f5es acess\u00f3rias padr\u00f5es previstas mensalmente, a agenda tribut\u00e1ria de julho inclui duas [&hellip;]<\/p>\n","protected":false},"author":1,"featured_media":5344,"comment_status":"closed","ping_status":"open","sticky":false,"template":"","format":"standard","meta":{"footnotes":""},"categories":[25],"tags":[116,85],"class_list":["post-5488","post","type-post","status-publish","format-standard","has-post-thumbnail","hentry","category-fiscal-tributario","tag-agenda-tributaria","tag-impostos-e-tributos"],"_links":{"self":[{"href":"https:\/\/multiplacontabil.com.br\/blog\/wp-json\/wp\/v2\/posts\/5488","targetHints":{"allow":["GET"]}}],"collection":[{"href":"https:\/\/multiplacontabil.com.br\/blog\/wp-json\/wp\/v2\/posts"}],"about":[{"href":"https:\/\/multiplacontabil.com.br\/blog\/wp-json\/wp\/v2\/types\/post"}],"author":[{"embeddable":true,"href":"https:\/\/multiplacontabil.com.br\/blog\/wp-json\/wp\/v2\/users\/1"}],"replies":[{"embeddable":true,"href":"https:\/\/multiplacontabil.com.br\/blog\/wp-json\/wp\/v2\/comments?post=5488"}],"version-history":[{"count":0,"href":"https:\/\/multiplacontabil.com.br\/blog\/wp-json\/wp\/v2\/posts\/5488\/revisions"}],"wp:attachment":[{"href":"https:\/\/multiplacontabil.com.br\/blog\/wp-json\/wp\/v2\/media?parent=5488"}],"wp:term":[{"taxonomy":"category","embeddable":true,"href":"https:\/\/multiplacontabil.com.br\/blog\/wp-json\/wp\/v2\/categories?post=5488"},{"taxonomy":"post_tag","embeddable":true,"href":"https:\/\/multiplacontabil.com.br\/blog\/wp-json\/wp\/v2\/tags?post=5488"}],"curies":[{"name":"wp","href":"https:\/\/api.w.org\/{rel}","templated":true}]}}