{"id":5485,"date":"2024-06-21T16:49:31","date_gmt":"2024-06-21T16:49:31","guid":{"rendered":"https:\/\/multiplacontabil.com.br\/blog\/blog\/?p=5485"},"modified":"2024-06-21T16:49:31","modified_gmt":"2024-06-21T16:49:31","slug":"nova-obrigacao-acessoria-dirbi","status":"publish","type":"post","link":"https:\/\/multiplacontabil.com.br\/blog\/2024\/06\/21\/nova-obrigacao-acessoria-dirbi\/","title":{"rendered":"Nova Obriga\u00e7\u00e3o Acess\u00f3ria \u2013 DIRBI"},"content":{"rendered":"\n<p class=\"wp-block-paragraph\">Declara\u00e7\u00e3o de Incentivos, Ren\u00fancias, Benef\u00edcios e Imunidades de Natureza Tribut\u00e1ria \u2013 <strong>Dirbi<\/strong><\/p>\n\n\n\n<p class=\"wp-block-paragraph\">No \u00faltimo dia 18\/06\/2024, a <strong>Receita Federal do Brasil<\/strong>, emitiu a <strong>Instru\u00e7\u00e3o Normativa 2198\/24<\/strong>, normatizando a Medida Provis\u00f3ria 1227\/24 que obriga os contribuintes que <strong>usem algum dos benef\u00edcios fiscais previstos<\/strong>, que informem quanto de redu\u00e7\u00e3o tribut\u00e1ria tiveram em uso de cada um dos benef\u00edcios que tenham usufru\u00eddo no m\u00eas.<\/p>\n\n\n\n<p class=\"wp-block-paragraph\">\u00a0A <strong>DIRBI ser\u00e1 mensal<\/strong>, com entrega ate o vig\u00e9simo dia do segundo m\u00eas subsequente ao do per\u00edodo de apura\u00e7\u00e3o. Sendo que inicialmente retroagira a janeiro de 2024, com entrega ate o dia 20\/07\/2024.<\/p>\n\n\n\n<p class=\"wp-block-paragraph\">Abaixo transcrevemos o<strong> artigo 6\u00ba<\/strong>, que determina o que deve ter na DIRBI:<\/p>\n\n\n\n<p class=\"wp-block-paragraph\">A Dirbi conter\u00e1 informa\u00e7\u00f5es relativas a<strong> valores do cr\u00e9dito tribut\u00e1rio<\/strong> referente a impostos e contribui\u00e7\u00f5es que deixaram de ser recolhidos em raz\u00e3o da concess\u00e3o dos incentivos, ren\u00fancias, benef\u00edcios e imunidades de natureza tribut\u00e1ria usufru\u00eddos pelas pessoas jur\u00eddicas constantes do Anexo \u00danico.<\/p>\n\n\n\n<p class=\"wp-block-paragraph\"><strong>Par\u00e1grafo \u00fanico.<\/strong> As informa\u00e7\u00f5es relativas aos benef\u00edcios referentes ao Imposto de Renda da Pessoa Jur\u00eddica &#8211; <strong>IRPJ <\/strong>e \u00e0 Contribui\u00e7\u00e3o Social sobre o Lucro L\u00edquido &#8211; <strong>CSLL <\/strong>dever\u00e3o ser prestadas:<\/p>\n\n\n\n<ul class=\"wp-block-list\">\n<li>I &#8211; no caso de per\u00edodo de apura\u00e7\u00e3o trimestral, na declara\u00e7\u00e3o referente ao m\u00eas de encerramento do per\u00edodo de apura\u00e7\u00e3o; e<\/li>\n\n\n\n<li>II &#8211; no caso de per\u00edodo de apura\u00e7\u00e3o anual, na declara\u00e7\u00e3o referente ao m\u00eas de dezembro.<\/li>\n<\/ul>\n\n\n\n<p class=\"wp-block-paragraph\">Abaixo criamos um pequeno resumo do <strong>artigo 7\u00ba<\/strong>, que determina as penalidades sobre a DIRBI<\/p>\n\n\n\n<p class=\"wp-block-paragraph\">A pessoa jur\u00eddica que <strong>deixar de apresentar a Dirbi<\/strong> no prazo estabelecido estar\u00e1 sujeita \u00e0s <strong>seguintes penalidades<\/strong>:<\/p>\n\n\n\n<ul class=\"wp-block-list\">\n<li>I &#8211; 0,5% sobre a receita bruta de at\u00e9 R$ 1.000.000,00;<\/li>\n\n\n\n<li>II &#8211; 1% sobre a receita bruta de R$ 1.000.000,01; e<\/li>\n\n\n\n<li>III &#8211; 1,5% sobre a receita bruta acima de R$ 10.000.000,00;<\/li>\n<\/ul>\n\n\n\n<p class=\"wp-block-paragraph\"><strong>\u00a7<\/strong> 1\u00ba A penalidade acima ser\u00e1 limitada a 30% (trinta por cento) do valor dos benef\u00edcios fiscais usufru\u00eddos;<\/p>\n\n\n\n<p class=\"wp-block-paragraph\"><strong>\u00a7 <\/strong>2\u00ba Ser\u00e1 aplicada multa de 3% (tr\u00eas por cento), n\u00e3o inferior a R$ 500,00 (quinhentos reais), sobre o valor omitido, inexato ou incorreto;<\/p>\n\n\n\n<p class=\"wp-block-paragraph\">Ainda estamos em fase de analise dessa nova obriga\u00e7\u00e3o, mas caso sua empresa tenha algum dos benef\u00edcios previstos no anexo da IN 2198\/24, <a href=\"https:\/\/multiplacontabil.com.br\/blog\/contato.html\">estamos a disposi\u00e7\u00e3o<\/a> para verificarmos a melhor abordagem.<\/p>\n\n\n\n<p class=\"wp-block-paragraph\">M\u00faltipla Assessoria e Contabilidade<\/p>\n\n\n\n<p class=\"wp-block-paragraph\">Fonte: <a href=\"http:\/\/normas.receita.fazenda.gov.br\/sijut2consulta\/link.action?idAto=138735\">Receita Federal<\/a><\/p>\n","protected":false},"excerpt":{"rendered":"<p>Declara\u00e7\u00e3o de Incentivos, Ren\u00fancias, Benef\u00edcios e Imunidades de Natureza Tribut\u00e1ria \u2013 Dirbi No \u00faltimo dia 18\/06\/2024, a Receita Federal do Brasil, emitiu a Instru\u00e7\u00e3o Normativa 2198\/24, normatizando a Medida Provis\u00f3ria 1227\/24 que obriga os contribuintes que usem algum dos benef\u00edcios fiscais previstos, que informem quanto de redu\u00e7\u00e3o tribut\u00e1ria tiveram em uso de cada um dos [&hellip;]<\/p>\n","protected":false},"author":1,"featured_media":5344,"comment_status":"closed","ping_status":"open","sticky":false,"template":"","format":"standard","meta":{"footnotes":""},"categories":[25],"tags":[114,115,61],"class_list":["post-5485","post","type-post","status-publish","format-standard","has-post-thumbnail","hentry","category-fiscal-tributario","tag-dirbi","tag-obrigacao-acessoria","tag-receita-federal"],"_links":{"self":[{"href":"https:\/\/multiplacontabil.com.br\/blog\/wp-json\/wp\/v2\/posts\/5485","targetHints":{"allow":["GET"]}}],"collection":[{"href":"https:\/\/multiplacontabil.com.br\/blog\/wp-json\/wp\/v2\/posts"}],"about":[{"href":"https:\/\/multiplacontabil.com.br\/blog\/wp-json\/wp\/v2\/types\/post"}],"author":[{"embeddable":true,"href":"https:\/\/multiplacontabil.com.br\/blog\/wp-json\/wp\/v2\/users\/1"}],"replies":[{"embeddable":true,"href":"https:\/\/multiplacontabil.com.br\/blog\/wp-json\/wp\/v2\/comments?post=5485"}],"version-history":[{"count":0,"href":"https:\/\/multiplacontabil.com.br\/blog\/wp-json\/wp\/v2\/posts\/5485\/revisions"}],"wp:attachment":[{"href":"https:\/\/multiplacontabil.com.br\/blog\/wp-json\/wp\/v2\/media?parent=5485"}],"wp:term":[{"taxonomy":"category","embeddable":true,"href":"https:\/\/multiplacontabil.com.br\/blog\/wp-json\/wp\/v2\/categories?post=5485"},{"taxonomy":"post_tag","embeddable":true,"href":"https:\/\/multiplacontabil.com.br\/blog\/wp-json\/wp\/v2\/tags?post=5485"}],"curies":[{"name":"wp","href":"https:\/\/api.w.org\/{rel}","templated":true}]}}