{"id":5467,"date":"2024-04-29T20:10:32","date_gmt":"2024-04-29T20:10:32","guid":{"rendered":"https:\/\/multiplacontabil.com.br\/blog\/blog\/?p=5467"},"modified":"2024-04-29T20:10:32","modified_gmt":"2024-04-29T20:10:32","slug":"ferias-remuneradas-direitos-beneficios-e-excecoes-segundo-a-clt","status":"publish","type":"post","link":"https:\/\/multiplacontabil.com.br\/blog\/2024\/04\/29\/ferias-remuneradas-direitos-beneficios-e-excecoes-segundo-a-clt\/","title":{"rendered":"F\u00e9rias remuneradas: direitos, benef\u00edcios e exce\u00e7\u00f5es segundo a CLT"},"content":{"rendered":"\n<p class=\"wp-block-paragraph\">As f\u00e9rias, um per\u00edodo t\u00e3o aguardado pelos trabalhadores, s\u00e3o muito mais do que simples pausas na rotina. Elas representam uma oportunidade crucial para recarregar as energias, fortalecer la\u00e7os familiares e desfrutar de momentos de descanso e lazer. Mas, para usufruir desse direito garantido pela Consolida\u00e7\u00e3o das Leis do Trabalho\u00a0(CLT)\u00a0, \u00e9 essencial compreender os seus detalhes e nuances.<\/p>\n\n\n\n<h2 class=\"wp-block-heading\"><strong>Direito legal<\/strong><\/h2>\n\n\n\n<p class=\"wp-block-paragraph\">Conforme estabelecido pela CLT, todo trabalhador tem direito a 30 dias de f\u00e9rias remuneradas ap\u00f3s completar 12 meses de trabalho, conforme o Art. 134. \u00c9 importante destacar que o in\u00edcio das f\u00e9rias n\u00e3o pode coincidir com dois dias antes de um feriado ou repouso semanal remunerado, conforme a legisla\u00e7\u00e3o.<\/p>\n\n\n\n<p class=\"wp-block-paragraph\">Com a\u00a0reforma trabalhista\u00a0de 2017, surgiram novas regras. Agora, as f\u00e9rias podem ser divididas em at\u00e9 tr\u00eas per\u00edodos, desde que um deles tenha pelo menos 14 dias consecutivos, e os demais n\u00e3o sejam inferiores a cinco dias corridos cada. Quando o sal\u00e1rio varia, como no caso de pagamento por porcentagem, comiss\u00e3o ou viagem, o c\u00e1lculo da remunera\u00e7\u00e3o das f\u00e9rias \u00e9 um pouco diferente.<\/p>\n\n\n\n<p class=\"wp-block-paragraph\">Em geral, utiliza-se a m\u00e9dia dos valores recebidos nos \u00faltimos 12 meses anteriores \u00e0 concess\u00e3o das f\u00e9rias para determinar o valor a ser pago durante esse per\u00edodo de descanso. Nesse sentido, \u00e9 importante destacar o Art.129, onde diz que \u201ctodo empregado ter\u00e1 direito anualmente ao gozo de um per\u00edodo de f\u00e9rias, sem preju\u00edzo da remunera\u00e7\u00e3o\u201d.<\/p>\n\n\n\n<h2 class=\"wp-block-heading\"><strong>Remunera\u00e7\u00e3o extra<\/strong><\/h2>\n\n\n\n<p class=\"wp-block-paragraph\">Durante as f\u00e9rias, os trabalhadores t\u00eam direito ao ter\u00e7o constitucional, que corresponde a um ter\u00e7o do sal\u00e1rio normal, conforme o Art. 129. Por exemplo, se o sal\u00e1rio mensal \u00e9 de R$ 3 milo trabalhador receber\u00e1 mais R$ 1 mil durante as f\u00e9rias.<\/p>\n\n\n\n<h2 class=\"wp-block-heading\"><strong>Exce\u00e7\u00f5es ao direito de f\u00e9rias<\/strong><\/h2>\n\n\n\n<p class=\"wp-block-paragraph\">Existem algumas situa\u00e7\u00f5es em que o empregado perde o direito \u00e0s f\u00e9rias, como deixar o emprego e n\u00e3o ser readmitido dentro de 60 dias ou permanecer em licen\u00e7a remunerada por mais de 30 dias consecutivos, conforme o Art. 133.<\/p>\n\n\n\n<p class=\"wp-block-paragraph\">Situa\u00e7\u00f5es como licen\u00e7a m\u00e9dica prolongada ou afastamento por acidente de trabalho tamb\u00e9m podem influenciar o direito \u00e0s f\u00e9rias, conforme o Art. 133. Portanto, entender os detalhes legais das f\u00e9rias \u00e9 fundamental para garantir o direito dos trabalhadores e promover um ambiente laboral justo e equilibrado.<\/p>\n\n\n\n<p class=\"wp-block-paragraph\">Fonte: <a href=\"https:\/\/www.contabeis.com.br\">Portal Cont\u00e1beis<\/a><\/p>\n","protected":false},"excerpt":{"rendered":"<p>As f\u00e9rias, um per\u00edodo t\u00e3o aguardado pelos trabalhadores, s\u00e3o muito mais do que simples pausas na rotina. Elas representam uma oportunidade crucial para recarregar as energias, fortalecer la\u00e7os familiares e desfrutar de momentos de descanso e lazer. Mas, para usufruir desse direito garantido pela Consolida\u00e7\u00e3o das Leis do Trabalho\u00a0(CLT)\u00a0, \u00e9 essencial compreender os seus detalhes [&hellip;]<\/p>\n","protected":false},"author":1,"featured_media":5144,"comment_status":"closed","ping_status":"open","sticky":false,"template":"","format":"standard","meta":{"footnotes":""},"categories":[20],"tags":[47,30,108],"class_list":["post-5467","post","type-post","status-publish","format-standard","has-post-thumbnail","hentry","category-departamento-pessoal","tag-clt","tag-departamento-pessoal","tag-ferias"],"_links":{"self":[{"href":"https:\/\/multiplacontabil.com.br\/blog\/wp-json\/wp\/v2\/posts\/5467","targetHints":{"allow":["GET"]}}],"collection":[{"href":"https:\/\/multiplacontabil.com.br\/blog\/wp-json\/wp\/v2\/posts"}],"about":[{"href":"https:\/\/multiplacontabil.com.br\/blog\/wp-json\/wp\/v2\/types\/post"}],"author":[{"embeddable":true,"href":"https:\/\/multiplacontabil.com.br\/blog\/wp-json\/wp\/v2\/users\/1"}],"replies":[{"embeddable":true,"href":"https:\/\/multiplacontabil.com.br\/blog\/wp-json\/wp\/v2\/comments?post=5467"}],"version-history":[{"count":0,"href":"https:\/\/multiplacontabil.com.br\/blog\/wp-json\/wp\/v2\/posts\/5467\/revisions"}],"wp:attachment":[{"href":"https:\/\/multiplacontabil.com.br\/blog\/wp-json\/wp\/v2\/media?parent=5467"}],"wp:term":[{"taxonomy":"category","embeddable":true,"href":"https:\/\/multiplacontabil.com.br\/blog\/wp-json\/wp\/v2\/categories?post=5467"},{"taxonomy":"post_tag","embeddable":true,"href":"https:\/\/multiplacontabil.com.br\/blog\/wp-json\/wp\/v2\/tags?post=5467"}],"curies":[{"name":"wp","href":"https:\/\/api.w.org\/{rel}","templated":true}]}}