{"id":5457,"date":"2024-04-16T21:01:45","date_gmt":"2024-04-16T21:01:45","guid":{"rendered":"https:\/\/multiplacontabil.com.br\/blog\/blog\/?p=5457"},"modified":"2024-04-16T21:01:45","modified_gmt":"2024-04-16T21:01:45","slug":"governo-define-novos-fatores-de-atualizacao-de-peculios-beneficios-e-salarios-do-inss","status":"publish","type":"post","link":"https:\/\/multiplacontabil.com.br\/blog\/2024\/04\/16\/governo-define-novos-fatores-de-atualizacao-de-peculios-beneficios-e-salarios-do-inss\/","title":{"rendered":"Governo define novos fatores de atualiza\u00e7\u00e3o de pec\u00falios, benef\u00edcios e sal\u00e1rios do INSS"},"content":{"rendered":"\n<p class=\"wp-block-paragraph\">O Minist\u00e9rio da Previd\u00eancia Social, por meio da Portaria MPS N\u00ba 1.153, datada de 15 de abril de 2024, delineou os par\u00e2metros para a atualiza\u00e7\u00e3o dos pec\u00falios, benef\u00edcios pagos em atraso e sal\u00e1rios de contribui\u00e7\u00e3o, visando a determina\u00e7\u00e3o da renda mensal inicial dos benef\u00edcios sob a al\u00e7ada do Instituto Nacional do Seguro Social (INSS) .<\/p>\n\n\n\n<p class=\"wp-block-paragraph\">Conforme a referida portaria, o m\u00eas de abril de 2024 trar\u00e1 \u00edndices espec\u00edficos de atualiza\u00e7\u00e3o, baseados nos seguintes termos:<\/p>\n\n\n\n<p class=\"wp-block-paragraph\">Atualiza\u00e7\u00e3o dos Pec\u00falios:<\/p>\n\n\n\n<ul class=\"wp-block-list\">\n<li>Para contribui\u00e7\u00f5es efetuadas entre janeiro de 1967 e junho de 1975, a taxa de reajustamento ser\u00e1 de 1,000331, utilizando a Taxa Referencial (TR) de mar\u00e7o de 2024.<\/li>\n\n\n\n<li><br>Para contribui\u00e7\u00f5es entre julho de 1975 e julho de 1991, a taxa de reajustamento ser\u00e1 de 1,003632, utilizando a TR de mar\u00e7o de 2024, acrescida de juros.<\/li>\n\n\n\n<li><br>Contribui\u00e7\u00f5es a partir de agosto de 1991 ser\u00e3o ajustadas com uma taxa de 1,000331, utilizando a TR de mar\u00e7o de 2024.<\/li>\n\n\n\n<li><br>Sal\u00e1rios de contribui\u00e7\u00e3o para benef\u00edcios internacionais ser\u00e3o atualizados com um \u00edndice de 1,001900.Atualiza\u00e7\u00e3o monet\u00e1ria:<\/li>\n\n\n\n<li><br>Sal\u00e1rios de contribui\u00e7\u00e3o e parcelas de benef\u00edcios pagos com atraso ser\u00e3o atualizados com um \u00edndice de 1,001900.<\/li>\n\n\n\n<li>Al\u00e9m disso, a portaria estabelece que a atualiza\u00e7\u00e3o dos valores referentes aos \u00a7\u00a7 2\u00ba a 5\u00ba do art. 154 do Regulamento da Previd\u00eancia Social (RPS) seguir\u00e1 o mesmo \u00edndice.<\/li>\n<\/ul>\n\n\n\n<p class=\"wp-block-paragraph\">Em casos nos quais a atualiza\u00e7\u00e3o resulte em valores inferiores ao originalmente devidos, a portaria determina a manuten\u00e7\u00e3o dos valores originais.<\/p>\n\n\n\n<p class=\"wp-block-paragraph\">As tabelas detalhadas com os fatores de atualiza\u00e7\u00e3o para cada m\u00eas podem ser acessadas online, atrav\u00e9s do s\u00edtio do governo dedicado \u00e0 legisla\u00e7\u00e3o previdenci\u00e1ria.<\/p>\n\n\n\n<p class=\"wp-block-paragraph\">Por fim, a Portaria MPS N\u00ba 1.153 determina que o Minist\u00e9rio da Previd\u00eancia Social, o INSS e a DATAPREV tomar\u00e3o as medidas necess\u00e1rias para a implementa\u00e7\u00e3o das disposi\u00e7\u00f5es ali contidas.<\/p>\n\n\n\n<p class=\"wp-block-paragraph\">Fonte: <a href=\"https:\/\/www.contabeis.com.br\/noticias\/64702\/governo-define-atualizacao-de-beneficios-previdenciarios-para-abril\/\">Contabeis<\/a><\/p>\n","protected":false},"excerpt":{"rendered":"<p>Portaria do Minist\u00e9rio da Previd\u00eancia Social determina \u00edndices de reajuste para pec\u00falios e benef\u00edcios do INSS no m\u00eas de abril de 2024.<\/p>\n","protected":false},"author":1,"featured_media":5144,"comment_status":"closed","ping_status":"open","sticky":false,"template":"","format":"standard","meta":{"footnotes":""},"categories":[20],"tags":[30,45,67],"class_list":["post-5457","post","type-post","status-publish","format-standard","has-post-thumbnail","hentry","category-departamento-pessoal","tag-departamento-pessoal","tag-governo-federal","tag-inss"],"_links":{"self":[{"href":"https:\/\/multiplacontabil.com.br\/blog\/wp-json\/wp\/v2\/posts\/5457","targetHints":{"allow":["GET"]}}],"collection":[{"href":"https:\/\/multiplacontabil.com.br\/blog\/wp-json\/wp\/v2\/posts"}],"about":[{"href":"https:\/\/multiplacontabil.com.br\/blog\/wp-json\/wp\/v2\/types\/post"}],"author":[{"embeddable":true,"href":"https:\/\/multiplacontabil.com.br\/blog\/wp-json\/wp\/v2\/users\/1"}],"replies":[{"embeddable":true,"href":"https:\/\/multiplacontabil.com.br\/blog\/wp-json\/wp\/v2\/comments?post=5457"}],"version-history":[{"count":0,"href":"https:\/\/multiplacontabil.com.br\/blog\/wp-json\/wp\/v2\/posts\/5457\/revisions"}],"wp:attachment":[{"href":"https:\/\/multiplacontabil.com.br\/blog\/wp-json\/wp\/v2\/media?parent=5457"}],"wp:term":[{"taxonomy":"category","embeddable":true,"href":"https:\/\/multiplacontabil.com.br\/blog\/wp-json\/wp\/v2\/categories?post=5457"},{"taxonomy":"post_tag","embeddable":true,"href":"https:\/\/multiplacontabil.com.br\/blog\/wp-json\/wp\/v2\/tags?post=5457"}],"curies":[{"name":"wp","href":"https:\/\/api.w.org\/{rel}","templated":true}]}}