{"id":5449,"date":"2024-03-13T20:17:30","date_gmt":"2024-03-13T20:17:30","guid":{"rendered":"https:\/\/multiplacontabil.com.br\/blog\/blog\/?p=5449"},"modified":"2024-03-13T20:17:30","modified_gmt":"2024-03-13T20:17:30","slug":"irpf-2024-tabela-progressiva-e-aliquotas","status":"publish","type":"post","link":"https:\/\/multiplacontabil.com.br\/blog\/2024\/03\/13\/irpf-2024-tabela-progressiva-e-aliquotas\/","title":{"rendered":"IRPF 2024: tabela progressiva e al\u00edquotas"},"content":{"rendered":"\n<p class=\"wp-block-paragraph\">A tabela do IR foi parcialmente atualizada. Desde 1\u00ba de maio de 2023 est\u00e1 em vigor a nova tabela progressiva com uma corre\u00e7\u00e3o, que fez com que a base de c\u00e1lculo passasse de R$ 1.903,98 para R$ 2.112. Assim, houve o aumento da da faixa de isen\u00e7\u00e3o para R$ 2.640 (dobro do reajuste do sal\u00e1rio m\u00ednimo tamb\u00e9m aprovado pelo Governo Lula).<\/p>\n\n\n\n<p class=\"wp-block-paragraph\">Com essa altera\u00e7\u00e3o, o contribuinte com rendimentos de at\u00e9 R$ 2.640 mensais ser\u00e1 beneficiado com a isen\u00e7\u00e3o do ir neste ano. Isso porque ao optar pela declara\u00e7\u00e3o simplificada, tem direito a um desconto de 20% sobre a renda tribut\u00e1vel.<\/p>\n\n\n\n<p class=\"wp-block-paragraph\">Para quem ganha dois sal\u00e1rios-m\u00ednimos (R$ 2.640), o abatimento \u00e9 de R$ 528 no rendimento mensal, o que faz com que a base de c\u00e1lculo caia para os R$ 2.112,00 \u2014 exatamente o limite m\u00e1ximo da al\u00edquota zero da tabela (v\u00e1lida para 2024).<\/p>\n\n\n\n<p class=\"wp-block-paragraph\">Especialistas explicam que o valor de R$ 528 \u00e9 uma antecipa\u00e7\u00e3o mensal opcional do j\u00e1 conhecido desconto simplificado.<\/p>\n\n\n\n<p class=\"wp-block-paragraph\">Vale ressaltar que contribuintes que tenham gastos dedut\u00edveis maiores, tais como educa\u00e7\u00e3o, sa\u00fade, previd\u00eancia, dentre outros, poder\u00e3o escolher fazer a declara\u00e7\u00e3o completa normalmente.<\/p>\n\n\n\n<p class=\"wp-block-paragraph\">Confira as duas tabelas v\u00e1lidas em 2023, e que ser\u00e3o utilizadas no IR 2024:<\/p>\n\n\n\n<h3 class=\"wp-block-heading\">Tabela progressiva mensal v\u00e1lida entre janeiro e de abril de 2023<\/h3>\n\n\n\n<figure class=\"wp-block-table\"><table><tbody><tr><td><strong>Base de C\u00e1lculo (RS)<\/strong><\/td><td><strong>Al\u00edquota (%)<\/strong><\/td><td><strong>Parcela a Deduzir do IR (R$)<\/strong><\/td><\/tr><tr><td><strong>At\u00e9 1.903,98<\/strong><\/td><td><strong>zero<\/strong><\/td><td><strong>zero<\/strong><\/td><\/tr><tr><td>De 1.903,99 at\u00e9 2.826,65<\/td><td>7,5<\/td><td><strong>158,40<\/strong><\/td><\/tr><tr><td>De 2.826,66 at\u00e9 3.751,05<\/td><td>15<\/td><td><strong>370,40<\/strong><\/td><\/tr><tr><td>De 3.751,06 at\u00e9 4.664,68<\/td><td>22,5<\/td><td><strong>651,73<\/strong><\/td><\/tr><tr><td>Acima de 4.664,68<\/td><td>27,5<\/td><td><strong>884,96<\/strong><\/td><\/tr><\/tbody><\/table><figcaption class=\"wp-element-caption\">Fonte: Receita Federal<\/figcaption><\/figure>\n\n\n\n<h3 class=\"wp-block-heading\">Tabela progressiva mensal v\u00e1lida a partir de maio de 2023<\/h3>\n\n\n\n<figure class=\"wp-block-table\"><table><tbody><tr><td><strong>Base de C\u00e1lculo (RS)<\/strong><\/td><td><strong>Al\u00edquota (%)<\/strong><\/td><td><strong>Parcela a Deduzir do IR (R$)<\/strong><\/td><\/tr><tr><td><strong>At\u00e9 2.112,00&nbsp;<\/strong><\/td><td><strong>zero<\/strong><\/td><td><strong>zero<\/strong><\/td><\/tr><tr><td>De 2.112,01 at\u00e9 2.826,65<\/td><td>7,5<\/td><td><strong>158,40<\/strong><\/td><\/tr><tr><td>De 2.826,66 at\u00e9 3.751,05<\/td><td>15<\/td><td><strong>370,40<\/strong><\/td><\/tr><tr><td>De 3.751,06 at\u00e9 4.664,68<\/td><td>22,5<\/td><td><strong>651,73<\/strong><\/td><\/tr><tr><td>Acima de 4.664,68<\/td><td>27,5<\/td><td><strong>884,96<\/strong><\/td><\/tr><\/tbody><\/table><figcaption class=\"wp-element-caption\">Fonte: Receita Federal<\/figcaption><\/figure>\n\n\n\n<h3 class=\"wp-block-heading\">Tabela progressiva anual<\/h3>\n\n\n\n<p class=\"wp-block-paragraph\">Agora, veja a tabela progressiva anual de IR24, que foi definida a partir da somat\u00f3rio das duas tabelas mensais v\u00e1lidas em 2023. Confira os limites:<\/p>\n\n\n\n<figure class=\"wp-block-table\"><table><tbody><tr><td><strong>Base de C\u00e1lculo (RS)<\/strong><\/td><td><strong>Al\u00edquota (%)<\/strong><\/td><td><strong>Parcela a Deduzir do IR (R$)<\/strong><\/td><\/tr><tr><td><strong>At\u00e9 24.511,92<\/strong><\/td><td><strong>zero<\/strong><\/td><td><strong>zero<\/strong><\/td><\/tr><tr><td>De 24.511,93 at\u00e9 33.919,80<\/td><td>7,5<\/td><td><strong>1.838,39<\/strong><\/td><\/tr><tr><td>De 33.919,81 at\u00e9 45.012,60<\/td><td>15<\/td><td><strong>4.382,38<\/strong><\/td><\/tr><tr><td>De 45.012,61 at\u00e9 55.976,16<\/td><td>22,5<\/td><td><strong>7.758.32<\/strong><\/td><\/tr><tr><td>Acima de 55.976,16<\/td><td>27,5<\/td><td><strong>10.557,13<\/strong><\/td><\/tr><\/tbody><\/table><figcaption class=\"wp-element-caption\">Fonte: Receita Federal<\/figcaption><\/figure>\n\n\n\n<p class=\"wp-block-paragraph\">O governo Lula tamb\u00e9m j\u00e1 anunciou um segundo reajuste na faixa de isen\u00e7\u00e3o, que subiu dos atuais R$ 2.640 para R$ 2.824 \u2014 o dobro do sal\u00e1rio m\u00ednimo em vigor em 2024 (R$ 1.412). A medida j\u00e1 vale para fevereiro de 2024, por\u00e9m valer\u00e1 para a declara\u00e7\u00e3o do IR 2025, n\u00e3o impactando em absolutamente nada a declara\u00e7\u00e3o que ser\u00e1 entregue \u00e0 Receita Federal neste ano.<\/p>\n\n\n\n<p class=\"wp-block-paragraph\">Fonte: InfoMoney<\/p>\n","protected":false},"excerpt":{"rendered":"<p>A tabela do IR foi parcialmente atualizada. Desde 1\u00ba de maio de 2023 est\u00e1 em vigor a nova tabela progressiva com uma corre\u00e7\u00e3o, que fez com que a base de c\u00e1lculo passasse de R$ 1.903,98 para R$ 2.112. Assim, houve o aumento da da faixa de isen\u00e7\u00e3o para R$ 2.640 (dobro do reajuste do sal\u00e1rio [&hellip;]<\/p>\n","protected":false},"author":1,"featured_media":5432,"comment_status":"closed","ping_status":"open","sticky":false,"template":"","format":"standard","meta":{"footnotes":""},"categories":[37],"tags":[38,106],"class_list":["post-5449","post","type-post","status-publish","format-standard","has-post-thumbnail","hentry","category-imposto-de-renda","tag-imposto-de-renda","tag-irpf-2024"],"_links":{"self":[{"href":"https:\/\/multiplacontabil.com.br\/blog\/wp-json\/wp\/v2\/posts\/5449","targetHints":{"allow":["GET"]}}],"collection":[{"href":"https:\/\/multiplacontabil.com.br\/blog\/wp-json\/wp\/v2\/posts"}],"about":[{"href":"https:\/\/multiplacontabil.com.br\/blog\/wp-json\/wp\/v2\/types\/post"}],"author":[{"embeddable":true,"href":"https:\/\/multiplacontabil.com.br\/blog\/wp-json\/wp\/v2\/users\/1"}],"replies":[{"embeddable":true,"href":"https:\/\/multiplacontabil.com.br\/blog\/wp-json\/wp\/v2\/comments?post=5449"}],"version-history":[{"count":0,"href":"https:\/\/multiplacontabil.com.br\/blog\/wp-json\/wp\/v2\/posts\/5449\/revisions"}],"wp:attachment":[{"href":"https:\/\/multiplacontabil.com.br\/blog\/wp-json\/wp\/v2\/media?parent=5449"}],"wp:term":[{"taxonomy":"category","embeddable":true,"href":"https:\/\/multiplacontabil.com.br\/blog\/wp-json\/wp\/v2\/categories?post=5449"},{"taxonomy":"post_tag","embeddable":true,"href":"https:\/\/multiplacontabil.com.br\/blog\/wp-json\/wp\/v2\/tags?post=5449"}],"curies":[{"name":"wp","href":"https:\/\/api.w.org\/{rel}","templated":true}]}}