{"id":5447,"date":"2024-03-11T17:52:24","date_gmt":"2024-03-11T17:52:24","guid":{"rendered":"https:\/\/multiplacontabil.com.br\/blog\/blog\/?p=5447"},"modified":"2024-03-11T17:52:24","modified_gmt":"2024-03-11T17:52:24","slug":"irpf-2024-quem-deve-declarar","status":"publish","type":"post","link":"https:\/\/multiplacontabil.com.br\/blog\/2024\/03\/11\/irpf-2024-quem-deve-declarar\/","title":{"rendered":"IRPF 2024: Quem deve declarar"},"content":{"rendered":"\n<ul class=\"wp-block-list\">\n<li>Pessoas f\u00edsicas residentes no Brasil que tiveram, no ano passado, rendimentos tribut\u00e1veis acima de R$ 30.639,90, como sal\u00e1rios;<\/li>\n\n\n\n<li>Quem recebeu rendimentos isentos, n\u00e3o-tribut\u00e1veis ou tributados exclusivamente na fonte, superiores a R$ 200 mil, em 2023, como doa\u00e7\u00f5es e heran\u00e7a;<\/li>\n\n\n\n<li>Quem, no ano passado, teve receita bruta superior a R$ 153.199,50 em atividade rural;<\/li>\n\n\n\n<li>Quem pretende compensar preju\u00edzos com a atividade rural de anos-calend\u00e1rio anteriores ou do pr\u00f3prio ano-calend\u00e1rio de 2023.<\/li>\n\n\n\n<li>Quem tinha, em 31 de dezembro de 2023, bens e direitos (como im\u00f3veis, ve\u00edculos e investimentos) que, somados, superavam R$ 800 mil;<\/li>\n\n\n\n<li>As pessoas que tiveram ganhos de capital na aliena\u00e7\u00e3o de bens ou direitos;<\/li>\n\n\n\n<li>Quem realizou opera\u00e7\u00f5es de aliena\u00e7\u00e3o (venda) em bolsas de valores, de mercadorias, de futuros e assemelhadas cuja soma foi superior a R$ 40 mil no ano; ou que teve lucro sujeito \u00e0 incid\u00eancia de imposto nas vendas;<\/li>\n\n\n\n<li>Quem vendeu, no ano passado, im\u00f3vel residencial e usou o recurso para compra de outra resid\u00eancia para moradia, dentro do prazo de 180 dias da venda, e optou pela isen\u00e7\u00e3o do IR;<\/li>\n\n\n\n<li>Pessoas que passaram a residir no Brasil em qualquer m\u00eas do ano passado;<\/li>\n\n\n\n<li>Quem possuir investimentos em trust no exterior;<\/li>\n\n\n\n<li>Quem deseja atualizar valor de mercado de bens no exterior;<\/li>\n\n\n\n<li>Quem optou por detalhar bens do exterior da entidade controlada como se fossem da pessoa f\u00edsica.<\/li>\n\n\n\n<li>Quem n\u00e3o se enquadra em nenhuma das hip\u00f3teses acima est\u00e1 automaticamente dispensado de apresentar a Declara\u00e7\u00e3o de Imposto de Renda.<\/li>\n<\/ul>\n\n\n\n<p class=\"wp-block-paragraph\">Por\u00e9m, se, mesmo assim quiser fazer, n\u00e3o h\u00e1 impedimento. Neste caso, mesmo que a pessoa entregue fora do prazo, o especialista garante que n\u00e3o haver\u00e1 multa, justamente porque n\u00e3o estava obrigada a cumprir a exig\u00eancia da entrega.<\/p>\n\n\n\n<p class=\"wp-block-paragraph\">Tamb\u00e9m est\u00e1 dispensada de apresentar a declara\u00e7\u00e3o a pessoa que constar em declara\u00e7\u00e3o de outra pessoa f\u00edsica. \u00c9 o caso dos filhos que est\u00e3o inclu\u00eddos como dependentes dos pais.<\/p>\n\n\n\n<p class=\"wp-block-paragraph\">O dependente j\u00e1 est\u00e1 declarando de forma indireta. Por isso mesmo que na declara\u00e7\u00e3o do titular dever\u00e3o constar todos os seus rendimentos, bens e direitos que possuir em seu nome. O especialista acha importante o contribuinte verificar se o dependente j\u00e1 n\u00e3o tem que apresentar declara\u00e7\u00e3o pr\u00f3pria.<\/p>\n\n\n\n<p class=\"wp-block-paragraph\">Fonte: InfoMoney<\/p>\n","protected":false},"excerpt":{"rendered":"<p>Por\u00e9m, se, mesmo assim quiser fazer, n\u00e3o h\u00e1 impedimento. Neste caso, mesmo que a pessoa entregue fora do prazo, o especialista garante que n\u00e3o haver\u00e1 multa, justamente porque n\u00e3o estava obrigada a cumprir a exig\u00eancia da entrega. Tamb\u00e9m est\u00e1 dispensada de apresentar a declara\u00e7\u00e3o a pessoa que constar em declara\u00e7\u00e3o de outra pessoa f\u00edsica. \u00c9 [&hellip;]<\/p>\n","protected":false},"author":1,"featured_media":5432,"comment_status":"closed","ping_status":"open","sticky":false,"template":"","format":"standard","meta":{"footnotes":""},"categories":[37],"tags":[38,106],"class_list":["post-5447","post","type-post","status-publish","format-standard","has-post-thumbnail","hentry","category-imposto-de-renda","tag-imposto-de-renda","tag-irpf-2024"],"_links":{"self":[{"href":"https:\/\/multiplacontabil.com.br\/blog\/wp-json\/wp\/v2\/posts\/5447","targetHints":{"allow":["GET"]}}],"collection":[{"href":"https:\/\/multiplacontabil.com.br\/blog\/wp-json\/wp\/v2\/posts"}],"about":[{"href":"https:\/\/multiplacontabil.com.br\/blog\/wp-json\/wp\/v2\/types\/post"}],"author":[{"embeddable":true,"href":"https:\/\/multiplacontabil.com.br\/blog\/wp-json\/wp\/v2\/users\/1"}],"replies":[{"embeddable":true,"href":"https:\/\/multiplacontabil.com.br\/blog\/wp-json\/wp\/v2\/comments?post=5447"}],"version-history":[{"count":0,"href":"https:\/\/multiplacontabil.com.br\/blog\/wp-json\/wp\/v2\/posts\/5447\/revisions"}],"wp:attachment":[{"href":"https:\/\/multiplacontabil.com.br\/blog\/wp-json\/wp\/v2\/media?parent=5447"}],"wp:term":[{"taxonomy":"category","embeddable":true,"href":"https:\/\/multiplacontabil.com.br\/blog\/wp-json\/wp\/v2\/categories?post=5447"},{"taxonomy":"post_tag","embeddable":true,"href":"https:\/\/multiplacontabil.com.br\/blog\/wp-json\/wp\/v2\/tags?post=5447"}],"curies":[{"name":"wp","href":"https:\/\/api.w.org\/{rel}","templated":true}]}}