{"id":5403,"date":"2023-11-03T15:15:16","date_gmt":"2023-11-03T15:15:16","guid":{"rendered":"https:\/\/multiplacontabil.com.br\/blog\/blog\/?p=5403"},"modified":"2023-11-03T15:15:16","modified_gmt":"2023-11-03T15:15:16","slug":"quando-pagar-a-primeira-parcela-do-13o-salario","status":"publish","type":"post","link":"https:\/\/multiplacontabil.com.br\/blog\/2023\/11\/03\/quando-pagar-a-primeira-parcela-do-13o-salario\/","title":{"rendered":"Quando pagar a primeira parcela do 13\u00ba sal\u00e1rio"},"content":{"rendered":"\n<p class=\"wp-block-paragraph\">O prazo para o pagamento da <strong>primeira parcela<\/strong> da gratifica\u00e7\u00e3o natalina, tamb\u00e9m conhecida como <strong>13\u00ba sal\u00e1rio<\/strong>, termina no dia 30 de novembro. A data \u00e9 v\u00e1lida para<strong> todos os empregados<\/strong>, inclusive aqueles que foram admitidos ap\u00f3s janeiro.<\/p>\n\n\n\n<p class=\"wp-block-paragraph\">Para calcular o valor da primeira parcela, o empregador deve dividir o sal\u00e1rio do m\u00eas anterior por dois. No caso de trabalhadores que recebem por hora ou di\u00e1ria, o c\u00e1lculo deve ser feito com base no valor da hora ou di\u00e1ria multiplicado pelo n\u00famero de horas ou di\u00e1rias trabalhadas no m\u00eas anterior.<\/p>\n\n\n\n<p class=\"wp-block-paragraph\">A primeira parcela do 13\u00ba sal\u00e1rio<strong> n\u00e3o \u00e9 tributada pelo\u00a0Imposto de Renda\u00a0de Pessoa F\u00edsica<\/strong>\u00a0(IRPF)\u00a0ou pela contribui\u00e7\u00e3o previdenci\u00e1ria. No entanto, o empregador deve depositar o Fundo de Garantia do Tempo de Servi\u00e7o\u00a0(FGTS)\u00a0at\u00e9 o dia 7 do m\u00eas seguinte ao do pagamento da primeira parcela.<\/p>\n\n\n\n<h2 class=\"wp-block-heading\"><strong>Novo c\u00e1lculo de horas extras pode aumentar valor do 13\u00ba sal\u00e1rio<\/strong><\/h2>\n\n\n\n<p class=\"wp-block-paragraph\">Uma decis\u00e3o do Tribunal Superior do Trabalho (TST) <strong>alterou o c\u00e1lculo das horas extras <\/strong>para fins de pagamento do 13\u00ba sal\u00e1rio, f\u00e9rias e aviso-pr\u00e9vio. A partir de agora, o <strong>c\u00e1lculo deve considerar o reflexo das horas extras nos repousos semanais remunerados.<\/strong><\/p>\n\n\n\n<p class=\"wp-block-paragraph\">Com a mudan\u00e7a, <strong>o valor do 13\u00ba sal\u00e1rio pode aumentar <\/strong>para os trabalhadores que costumam<strong> fazer horas extras<\/strong>. Isso ocorre porque o c\u00e1lculo passa a considerar o valor das horas extras e do repouso semanal remunerado como se fossem uma \u00fanica parcela.<\/p>\n\n\n\n<h2 class=\"wp-block-heading\"><strong>Exemplos de c\u00e1lculo da primeira parcela do 13\u00ba sal\u00e1rio<\/strong><\/h2>\n\n\n\n<p class=\"wp-block-paragraph\"><strong>Mensalista<\/strong><\/p>\n\n\n\n<p class=\"wp-block-paragraph\">Sal\u00e1rio mensal de R$ 3.840:<\/p>\n\n\n\n<p class=\"wp-block-paragraph\">R$ 3.840 \/ 2 = R$ 1.920<\/p>\n\n\n\n<p class=\"wp-block-paragraph\"><strong>Horista<\/strong><\/p>\n\n\n\n<p class=\"wp-block-paragraph\">Sal\u00e1rio-hora de R$ 30,00 (faz jus \u00e0 metade de 220h mensais):<\/p>\n\n\n\n<p class=\"wp-block-paragraph\">R$ 30 x 220 \u00f7 2 = R$ 3.300<\/p>\n\n\n\n<p class=\"wp-block-paragraph\"><strong>Diarista<\/strong><\/p>\n\n\n\n<p class=\"wp-block-paragraph\">Sal\u00e1rio-dia de R$ 300 (recebe metade de 30 di\u00e1rias):<\/p>\n\n\n\n<p class=\"wp-block-paragraph\">R$ 300 x 30 \u00f7 2 = R$ 4.500<\/p>\n\n\n\n<h2 class=\"wp-block-heading\"><strong>O que fazer se o empregador n\u00e3o pagar o 13\u00ba sal\u00e1rio?<\/strong><\/h2>\n\n\n\n<p class=\"wp-block-paragraph\">Em caso de <strong>atraso ou n\u00e3o pagamento <\/strong>do 13\u00ba sal\u00e1rio, o trabalhador pode procurar o Minist\u00e9rio do Trabalho e Emprego (MTE) para denunciar o empregador. O MTE <strong>pode aplicar multas<\/strong> ao empregador e obrigar o pagamento da verba trabalhista.<\/p>\n\n\n\n<p class=\"wp-block-paragraph\">O trabalhador tamb\u00e9m pode <strong>entrar com uma a\u00e7\u00e3o trabalhista <\/strong>contra o empregador para exigir o pagamento do 13\u00ba sal\u00e1rio. Nesse caso, o trabalhador poder\u00e1 receber, al\u00e9m do valor do 13\u00ba sal\u00e1rio,\u00a0<strong>juros\u00a0e corre\u00e7\u00e3o monet\u00e1ria.<\/strong><\/p>\n\n\n\n<p class=\"wp-block-paragraph\" style=\"font-size:16px\"><strong><em>Fonte: contabeis.com.br<\/em><\/strong><\/p>\n","protected":false},"excerpt":{"rendered":"<p>O prazo para o pagamento da primeira parcela da gratifica\u00e7\u00e3o natalina, tamb\u00e9m conhecida como 13\u00ba sal\u00e1rio, termina no dia 30 de novembro. A data \u00e9 v\u00e1lida para todos os empregados, inclusive aqueles que foram admitidos ap\u00f3s janeiro. Para calcular o valor da primeira parcela, o empregador deve dividir o sal\u00e1rio do m\u00eas anterior por dois. [&hellip;]<\/p>\n","protected":false},"author":1,"featured_media":5144,"comment_status":"closed","ping_status":"open","sticky":false,"template":"","format":"standard","meta":{"footnotes":""},"categories":[20],"tags":[97],"class_list":["post-5403","post","type-post","status-publish","format-standard","has-post-thumbnail","hentry","category-departamento-pessoal","tag-13o-salario"],"_links":{"self":[{"href":"https:\/\/multiplacontabil.com.br\/blog\/wp-json\/wp\/v2\/posts\/5403","targetHints":{"allow":["GET"]}}],"collection":[{"href":"https:\/\/multiplacontabil.com.br\/blog\/wp-json\/wp\/v2\/posts"}],"about":[{"href":"https:\/\/multiplacontabil.com.br\/blog\/wp-json\/wp\/v2\/types\/post"}],"author":[{"embeddable":true,"href":"https:\/\/multiplacontabil.com.br\/blog\/wp-json\/wp\/v2\/users\/1"}],"replies":[{"embeddable":true,"href":"https:\/\/multiplacontabil.com.br\/blog\/wp-json\/wp\/v2\/comments?post=5403"}],"version-history":[{"count":0,"href":"https:\/\/multiplacontabil.com.br\/blog\/wp-json\/wp\/v2\/posts\/5403\/revisions"}],"wp:attachment":[{"href":"https:\/\/multiplacontabil.com.br\/blog\/wp-json\/wp\/v2\/media?parent=5403"}],"wp:term":[{"taxonomy":"category","embeddable":true,"href":"https:\/\/multiplacontabil.com.br\/blog\/wp-json\/wp\/v2\/categories?post=5403"},{"taxonomy":"post_tag","embeddable":true,"href":"https:\/\/multiplacontabil.com.br\/blog\/wp-json\/wp\/v2\/tags?post=5403"}],"curies":[{"name":"wp","href":"https:\/\/api.w.org\/{rel}","templated":true}]}}