{"id":5383,"date":"2023-08-07T17:14:37","date_gmt":"2023-08-07T17:14:37","guid":{"rendered":"https:\/\/multiplacontabil.com.br\/blog\/blog\/?p=5383"},"modified":"2023-08-07T17:14:37","modified_gmt":"2023-08-07T17:14:37","slug":"esocial-tera-servicos-temporariamente-suspensos-para-implantacao-do-fgts-digital-confira-data-e-horario","status":"publish","type":"post","link":"https:\/\/multiplacontabil.com.br\/blog\/2023\/08\/07\/esocial-tera-servicos-temporariamente-suspensos-para-implantacao-do-fgts-digital-confira-data-e-horario\/","title":{"rendered":"eSocial ter\u00e1 servi\u00e7os temporariamente suspensos para implanta\u00e7\u00e3o do FGTS Digital; confira data e hor\u00e1rio"},"content":{"rendered":"\n<p class=\"wp-block-paragraph\">Os usu\u00e1rios do\u00a0<a href=\"https:\/\/multiplacontabil.com.br\/blog\/entenda-o-que-e-o-esocial-e-saiba-como-usar-esse-sistema\/\" data-type=\"post\" data-id=\"5332\">eSocial<\/a>\u00a0devem aguardar uma nova parada tempor\u00e1ria programada dos servi\u00e7os oferecidos pela plataforma para a implanta\u00e7\u00e3o do mais novo servi\u00e7o digital do Fundo de Garantia do Tempo de Servi\u00e7o\u00a0(FGTS)\u00a0, o <a href=\"https:\/\/multiplacontabil.com.br\/blog\/fgts-digital-confira-quais-sao-as-mudancas-com-a-nova-plataforma\/\" data-type=\"post\" data-id=\"5379\">FGTS Digital<\/a>.<\/p>\n\n\n\n<p class=\"wp-block-paragraph\">Para dar in\u00edcio ao per\u00edodo de testes do novo sistema, que teve seu\u00a0calend\u00e1rio reajustado\u00a0recentemente,\u00a0 o eSocial deve passar por uma manuten\u00e7\u00e3o no dia 19 de agosto (s\u00e1bado da pr\u00f3xima semana) e seus servi\u00e7os ficar\u00e3o suspensos entre as 08h e 12h.<\/p>\n\n\n\n<p class=\"wp-block-paragraph\">A parada foi confirmada pelo gov.b e \u00e9 necess\u00e1ria para integra\u00e7\u00e3o com o ambiente de produ\u00e7\u00e3o limitada (testes) do FGTS Digital.<\/p>\n\n\n\n<p class=\"wp-block-paragraph\">Todos os m\u00f3dulos do eSocial \u2013 web (inclusive os m\u00f3dulos simplificados) e web service \u2013 ser\u00e3o impactados e ficar\u00e3o indispon\u00edveis durante o per\u00edodo da parada.<\/p>\n\n\n\n<h3 class=\"wp-block-heading\"><strong>FGTS Digital<\/strong><\/h3>\n\n\n\n<p class=\"wp-block-paragraph\">O FGTS Digital ser\u00e1 lan\u00e7ado como uma nova plataforma de arrecada\u00e7\u00e3o do Fundo de Garantia do Tempo de Servi\u00e7o (FGTS) e os empres\u00e1rios poder\u00e3o iniciar os testes j\u00e1 no dia 19 de agosto deste ano, sendo que a obrigatoriedade do uso come\u00e7ar\u00e1 apenas em janeiro de 2024.<\/p>\n\n\n\n<p class=\"wp-block-paragraph\">A inten\u00e7\u00e3o da plataforma \u00e9 basicamente aperfei\u00e7oar a arrecada\u00e7\u00e3o, apura\u00e7\u00e3o, lan\u00e7amento, presta\u00e7\u00e3o de informa\u00e7\u00f5es e a cobran\u00e7a dos recursos do Fundo.<\/p>\n\n\n\n<p class=\"wp-block-paragraph\">Entre as principais mudan\u00e7as do FGTS Digital est\u00e3o a altera\u00e7\u00e3o da data de vencimento da guia do FGTS, que deixa de ser dia 7 e passa a ser dia 20 do m\u00eas seguinte ao da compet\u00eancia e a forma de recolhimento, que ser\u00e3o feitos exclusivamente via\u00a0PIX.<\/p>\n\n\n\n<p class=\"wp-block-paragraph\">Al\u00e9m disso, o FGTS Digital ser\u00e1 alimentado de modo praticamente simult\u00e2neo, baseando-se nas informa\u00e7\u00f5es prestadas pelos empregadores no sistema de escritura\u00e7\u00e3o eSocial. <\/p>\n\n\n\n<p class=\"wp-block-paragraph\">Fonte: contabeis.com.br<\/p>\n","protected":false},"excerpt":{"rendered":"<p>Todos os m\u00f3dulos do eSocial \u2013 web (inclusive os m\u00f3dulos simplificados) e web service \u2013 ser\u00e3o impactados e ficar\u00e3o indispon\u00edveis durante o per\u00edodo da parada.<\/p>\n","protected":false},"author":1,"featured_media":5144,"comment_status":"closed","ping_status":"open","sticky":false,"template":"","format":"standard","meta":{"footnotes":""},"categories":[20],"tags":[73,88,31],"class_list":["post-5383","post","type-post","status-publish","format-standard","has-post-thumbnail","hentry","category-departamento-pessoal","tag-esocial","tag-fgts","tag-fgts-digital"],"_links":{"self":[{"href":"https:\/\/multiplacontabil.com.br\/blog\/wp-json\/wp\/v2\/posts\/5383","targetHints":{"allow":["GET"]}}],"collection":[{"href":"https:\/\/multiplacontabil.com.br\/blog\/wp-json\/wp\/v2\/posts"}],"about":[{"href":"https:\/\/multiplacontabil.com.br\/blog\/wp-json\/wp\/v2\/types\/post"}],"author":[{"embeddable":true,"href":"https:\/\/multiplacontabil.com.br\/blog\/wp-json\/wp\/v2\/users\/1"}],"replies":[{"embeddable":true,"href":"https:\/\/multiplacontabil.com.br\/blog\/wp-json\/wp\/v2\/comments?post=5383"}],"version-history":[{"count":0,"href":"https:\/\/multiplacontabil.com.br\/blog\/wp-json\/wp\/v2\/posts\/5383\/revisions"}],"wp:attachment":[{"href":"https:\/\/multiplacontabil.com.br\/blog\/wp-json\/wp\/v2\/media?parent=5383"}],"wp:term":[{"taxonomy":"category","embeddable":true,"href":"https:\/\/multiplacontabil.com.br\/blog\/wp-json\/wp\/v2\/categories?post=5383"},{"taxonomy":"post_tag","embeddable":true,"href":"https:\/\/multiplacontabil.com.br\/blog\/wp-json\/wp\/v2\/tags?post=5383"}],"curies":[{"name":"wp","href":"https:\/\/api.w.org\/{rel}","templated":true}]}}