{"id":5360,"date":"2023-07-19T15:40:09","date_gmt":"2023-07-19T15:40:09","guid":{"rendered":"https:\/\/multiplacontabil.com.br\/blog\/blog\/?p=5360"},"modified":"2023-07-19T15:40:09","modified_gmt":"2023-07-19T15:40:09","slug":"o-que-e-rdt","status":"publish","type":"post","link":"https:\/\/multiplacontabil.com.br\/blog\/2023\/07\/19\/o-que-e-rdt\/","title":{"rendered":"O que \u00e9 RDT"},"content":{"rendered":"\n<p class=\"wp-block-paragraph\">Em alguns casos, podem haver situa\u00e7\u00f5es onde verificam-se erros no cadastro do Fundo de Garantia por Tempo de Servi\u00e7o\u00a0(FGTS)\u00a0.<\/p>\n\n\n\n<p class=\"wp-block-paragraph\">Esses erros no fundo podem ser na base de dados cadastrais ou at\u00e9 mesmo nas informa\u00e7\u00f5es financeiras.<\/p>\n\n\n\n<p class=\"wp-block-paragraph\">De maneira geral, causados por incorre\u00e7\u00f5es de preenchimento de dados ou envio de informa\u00e7\u00f5es incorretas, esses dados precisam ser corrigidos. Por esse motivo, h\u00e1 a Retifica\u00e7\u00e3o de Dados (RDT) do FGTS.<\/p>\n\n\n\n<h2 class=\"wp-block-heading\"><strong>O que \u00e9 RDT do FGTS?<\/strong><\/h2>\n\n\n\n<p class=\"wp-block-paragraph\">A RDT, ou tamb\u00e9m conhecida como Retifica\u00e7\u00e3o de Dados, \u00e9 um documento necess\u00e1rio para retificar, corrigir, dados pessoais quando eles se tornarem aparentes ou, se um indiv\u00edduo solicitar.<\/p>\n\n\n\n<p class=\"wp-block-paragraph\">Caso os dados pessoais forem identificados como incompletos ou at\u00e9 mesmo imprecisos, \u00e9 preciso tentar corrigi-los retificando ou completando as informa\u00e7\u00f5es.<\/p>\n\n\n\n<p class=\"wp-block-paragraph\">Se a pessoa que tem os dados incorretos ou incompletos n\u00e3o conseguir fazer essa corre\u00e7\u00e3o por conta pr\u00f3pria, ela poder\u00e1 utilizar a RDT para retificar dados pessoais que sejam imprecisos, se apropriado.<\/p>\n\n\n\n<h2 class=\"wp-block-heading\"><strong>Como fazer o RDT pela Caixa?<\/strong><\/h2>\n\n\n\n<p class=\"wp-block-paragraph\">As corre\u00e7\u00f5es pelo RDT do FGTS podem ser pedidas pelo empregado no Sistema Empresa de Recolhimento do FGTS e Informa\u00e7\u00f5es \u00e0 Previd\u00eancia Social\u00a0(SEFIP)\u00a0.<\/p>\n\n\n\n<p class=\"wp-block-paragraph\">Vale destacar que os formul\u00e1rios retificadores podem tamb\u00e9m ser utilizados para a corre\u00e7\u00e3o das informa\u00e7\u00f5es do FGTS, e o pr\u00f3prio titular tamb\u00e9m pode solicitar e fazer as retifica\u00e7\u00f5es das informa\u00e7\u00f5es do fundo.<\/p>\n\n\n\n<h2 class=\"wp-block-heading\"><strong>Como preencher o RDT Caixa?<\/strong><\/h2>\n\n\n\n<p class=\"wp-block-paragraph\">No RDT, h\u00e1 alguns campos que devem ser preenchidos de acordo com o manual disponibilizado pela Caixa Econ\u00f4mica Federal. Confira como as informa\u00e7\u00f5es devem ser corrigidas pelo RDT.<\/p>\n\n\n\n<h3 class=\"wp-block-heading\"><strong>Protocolo de recep\u00e7\u00e3o: identifica\u00e7\u00e3o da ag\u00eancia da Caixa que recebeu o RDT&nbsp;<\/strong><\/h3>\n\n\n\n<ul class=\"wp-block-list\">\n<li>Se\u00e7\u00e3o 1: Identifica\u00e7\u00e3o do Empregador &#8211; informa\u00e7\u00f5es da empresa, como CNPJ\/CEI, unidade federativa da empresa, c\u00f3digo do empregador no FGTS, base da conta (estado base), pessoa para contato, DDD\/telefone, email;<\/li>\n\n\n\n<li>Se\u00e7\u00e3o 2: identifica\u00e7\u00e3o do Trabalhador &#8211; nome do trabalhador, Programa de Integra\u00e7\u00e3o Social\/Programa de Forma\u00e7\u00e3o do Patrim\u00f4nio do Servidor P\u00fablico (PIS\/PASEP), data de admiss\u00e3o, categoria (um a sete, benefici\u00e1rias do FGTS), c\u00f3digo do trabalhador (conta vinculada no cadastro do FGTS);<\/li>\n\n\n\n<li>Se\u00e7\u00e3o 3: dados Cadastrais a Retificar &#8211; nome do trabalhador, PIS\/PASEP ou n\u00famero de inscri\u00e7\u00e3o na Previd\u00eancia Social, data de admiss\u00e3o, categoria, CTPS\/s\u00e9rie\/Estado, data de nascimento, data de op\u00e7\u00e3o, data de retroa\u00e7\u00e3o;<\/li>\n\n\n\n<li>Se\u00e7\u00e3o 4: pedido de Exclus\u00e3o da Movimenta\u00e7\u00e3o Informada &#8211;&nbsp; data\/c\u00f3digo que se pretende excluir;<\/li>\n\n\n\n<li>Se\u00e7\u00e3o 5: retifica\u00e7\u00e3o da Remunera\u00e7\u00e3o sem Devolu\u00e7\u00e3o de FGTS &#8211; compet\u00eancia da regulariza\u00e7\u00e3o;<\/li>\n\n\n\n<li>Se\u00e7\u00e3o 6: pedido de Unifica\u00e7\u00e3o de Contas do Trabalhador em Multiplicidade no Cadastro do FGTS &#8211; unifica\u00e7\u00e3o de saldos de conta de trabalhador em um \u00fanico trabalho;<\/li>\n\n\n\n<li>Se\u00e7\u00e3o 7: pedido de Atualiza\u00e7\u00e3o de Saque na Vig\u00eancia do Contrato de Trabalho &#8211; rec\u00e1lculo dos valores sacados durante o contrato, local\/data, local e data da entrega do formul\u00e1rio RDT, respons\u00e1vel pela empresa e pela solicita\u00e7\u00e3o.<\/li>\n<\/ul>\n\n\n\n<h2 class=\"wp-block-heading\"><strong>Quando preencher o formul\u00e1rio RDT?<\/strong><\/h2>\n\n\n\n<p class=\"wp-block-paragraph\">Segundo o manual da Caixa para o RDT, as seguintes situa\u00e7\u00f5es que tornam necess\u00e1rio preenchimento o formul\u00e1rio RDT s\u00e3o as seguintes:<\/p>\n\n\n\n<ul class=\"wp-block-list\">\n<li>Pedido de atualiza\u00e7\u00e3o de saque na vig\u00eancia do contrato de trabalho;<\/li>\n\n\n\n<li>Pedido de exclus\u00e3o da data\/c\u00f3digo de movimenta\u00e7\u00e3o informada indevidamente;<\/li>\n\n\n\n<li>Pedido de unifica\u00e7\u00e3o de contas referentes a um mesmo v\u00ednculo;<\/li>\n\n\n\n<li>Retifica\u00e7\u00e3o da categoria do trabalhador desde que envolva as categorias de um a sete;<\/li>\n\n\n\n<li>Retifica\u00e7\u00e3o de dados do empregado dom\u00e9stico;<\/li>\n\n\n\n<li>Retifica\u00e7\u00e3o de data de op\u00e7\u00e3o\/data de retroa\u00e7\u00e3o<\/li>\n\n\n\n<li>Retifica\u00e7\u00e3o de remunera\u00e7\u00e3o do trabalhador desde que envolva as categorias de um a sete;<\/li>\n\n\n\n<li>Retifica\u00e7\u00e3o de dados cadastrais que visem a libera\u00e7\u00e3o de saque do FGTS para o trabalhador.<\/li>\n<\/ul>\n\n\n\n<h2 class=\"wp-block-heading\"><strong>Documentos necess\u00e1rio para fazer o RDT<\/strong><\/h2>\n\n\n\n<p class=\"wp-block-paragraph\">Para fazer o RDT, \u00e9 necess\u00e1rio ter em m\u00e3os os seguintes documentos:<\/p>\n\n\n\n<ul class=\"wp-block-list\">\n<li>Carteira de Trabalho e Previd\u00eancia Social\u00a0(CTPS)\u00a0do funcion\u00e1rio;<\/li>\n\n\n\n<li>Identidade;<\/li>\n\n\n\n<li>Certid\u00e3o de casamento;<\/li>\n\n\n\n<li>Livro ou ficha de registro de empregado;<\/li>\n\n\n\n<li>Cart\u00e3o Programa de Integra\u00e7\u00e3o Social\u00a0(PIS)\u00a0;<\/li>\n\n\n\n<li>Cart\u00e3o do cidad\u00e3o;<\/li>\n\n\n\n<li>C\u00f3pias das Atas Contratuais de nomea\u00e7\u00e3o e subsequentes prorroga\u00e7\u00e3o at\u00e9 a exonera\u00e7\u00e3o do cargo nos casos de diretor n\u00e3o empregado;<\/li>\n\n\n\n<li>Declara\u00e7\u00e3o emitida pelo sindicato da categoria;<\/li>\n\n\n\n<li>Termo de Op\u00e7\u00e3o pelo FGTS, formalizado por ocasi\u00e3o da admiss\u00e3o do trabalhador.<\/li>\n<\/ul>\n\n\n\n<p class=\"wp-block-paragraph\">Vale destacar que a previs\u00e3o de tempo para a realiza\u00e7\u00e3o dos servi\u00e7os \u00e9 de cinco dias, e n\u00e3o h\u00e1 custo para o usu\u00e1rio. Enquanto isso, o prazo para corre\u00e7\u00e3o dos dados pessoais via ag\u00eancia \u00e9 de cerca de 20 dias.<\/p>\n\n\n\n<h2 class=\"wp-block-heading\"><strong>Prioridades de atendimento<\/strong><\/h2>\n\n\n\n<p class=\"wp-block-paragraph\">De acordo com a Lei Federal n\u00ba 10.048\/2000 e Lei Municipal n\u00ba 5.433\/1994, os seguintes grupos t\u00eam prioridade para serem atendidos:<\/p>\n\n\n\n<ul class=\"wp-block-list\">\n<li>Idosos;&nbsp;<\/li>\n\n\n\n<li>Gestantes;<\/li>\n\n\n\n<li>Lactantes;&nbsp;&nbsp;&nbsp;&nbsp;&nbsp;&nbsp;&nbsp;&nbsp;&nbsp;&nbsp;&nbsp;&nbsp;&nbsp;&nbsp;&nbsp;&nbsp;&nbsp;&nbsp;&nbsp;&nbsp;&nbsp;&nbsp;&nbsp;&nbsp;&nbsp;&nbsp;&nbsp;&nbsp;&nbsp;&nbsp;&nbsp;&nbsp;&nbsp;&nbsp;&nbsp;<\/li>\n\n\n\n<li>Pessoas com crian\u00e7as de colo;&nbsp;&nbsp;&nbsp;&nbsp;&nbsp;<\/li>\n\n\n\n<li>Portadores de necessidades especiais;&nbsp;&nbsp;&nbsp;&nbsp;&nbsp;&nbsp;&nbsp;&nbsp;&nbsp;&nbsp;&nbsp;&nbsp;&nbsp;&nbsp;&nbsp;&nbsp;&nbsp;&nbsp;&nbsp;&nbsp;&nbsp;&nbsp;&nbsp;&nbsp;&nbsp;&nbsp;&nbsp;&nbsp;&nbsp;&nbsp;&nbsp;&nbsp;&nbsp;&nbsp;&nbsp;&nbsp;&nbsp;<\/li>\n\n\n\n<li>Pessoas portadoras do transtorno do espectro autista e acompanhantes.<\/li>\n<\/ul>\n\n\n\n<p class=\"wp-block-paragraph\">Fonte: contabeis.com.br<\/p>\n","protected":false},"excerpt":{"rendered":"<p>Em alguns casos, podem haver situa\u00e7\u00f5es onde verificam-se erros no cadastro do Fundo de Garantia por Tempo de Servi\u00e7o\u00a0(FGTS)\u00a0. Esses erros no fundo podem ser na base de dados cadastrais ou at\u00e9 mesmo nas informa\u00e7\u00f5es financeiras. De maneira geral, causados por incorre\u00e7\u00f5es de preenchimento de dados ou envio de informa\u00e7\u00f5es incorretas, esses dados precisam ser [&hellip;]<\/p>\n","protected":false},"author":1,"featured_media":5144,"comment_status":"closed","ping_status":"open","sticky":false,"template":"","format":"standard","meta":{"footnotes":""},"categories":[20],"tags":[30],"class_list":["post-5360","post","type-post","status-publish","format-standard","has-post-thumbnail","hentry","category-departamento-pessoal","tag-departamento-pessoal"],"_links":{"self":[{"href":"https:\/\/multiplacontabil.com.br\/blog\/wp-json\/wp\/v2\/posts\/5360","targetHints":{"allow":["GET"]}}],"collection":[{"href":"https:\/\/multiplacontabil.com.br\/blog\/wp-json\/wp\/v2\/posts"}],"about":[{"href":"https:\/\/multiplacontabil.com.br\/blog\/wp-json\/wp\/v2\/types\/post"}],"author":[{"embeddable":true,"href":"https:\/\/multiplacontabil.com.br\/blog\/wp-json\/wp\/v2\/users\/1"}],"replies":[{"embeddable":true,"href":"https:\/\/multiplacontabil.com.br\/blog\/wp-json\/wp\/v2\/comments?post=5360"}],"version-history":[{"count":0,"href":"https:\/\/multiplacontabil.com.br\/blog\/wp-json\/wp\/v2\/posts\/5360\/revisions"}],"wp:attachment":[{"href":"https:\/\/multiplacontabil.com.br\/blog\/wp-json\/wp\/v2\/media?parent=5360"}],"wp:term":[{"taxonomy":"category","embeddable":true,"href":"https:\/\/multiplacontabil.com.br\/blog\/wp-json\/wp\/v2\/categories?post=5360"},{"taxonomy":"post_tag","embeddable":true,"href":"https:\/\/multiplacontabil.com.br\/blog\/wp-json\/wp\/v2\/tags?post=5360"}],"curies":[{"name":"wp","href":"https:\/\/api.w.org\/{rel}","templated":true}]}}