{"id":5352,"date":"2023-07-12T14:23:03","date_gmt":"2023-07-12T14:23:03","guid":{"rendered":"https:\/\/multiplacontabil.com.br\/blog\/blog\/?p=5352"},"modified":"2023-07-12T14:23:03","modified_gmt":"2023-07-12T14:23:03","slug":"o-que-e-ibs","status":"publish","type":"post","link":"https:\/\/multiplacontabil.com.br\/blog\/2023\/07\/12\/o-que-e-ibs\/","title":{"rendered":"O que \u00e9 IBS"},"content":{"rendered":"\n<p class=\"wp-block-paragraph\">O Projeto de Emenda Complementar (PEC) 45\/19, que trata sobre a reforma tribut\u00e1ria, prev\u00ea a cria\u00e7\u00e3o do Imposto sobre Bens e Servi\u00e7os (IBS).<\/p>\n\n\n\n<p class=\"wp-block-paragraph\">O tributo unifica os impostos que s\u00e3o de responsabilidade dos estados e munic\u00edpios. Entenda na pr\u00e1tica como vai funcionar essa mudan\u00e7a e os impactos para quem presta servi\u00e7os ou realiza opera\u00e7\u00f5es de circula\u00e7\u00e3o de mercadorias.<\/p>\n\n\n\n<h2 class=\"wp-block-heading\"><strong>O que \u00e9 IBS?<\/strong><\/h2>\n\n\n\n<p class=\"wp-block-paragraph\">O IBS &#8211; &#8220;<em><strong>Imposto sobre Bens e Servi\u00e7os<\/strong><\/em>&#8220;, \u00e9 um tributo unificado que re\u00fane todos os impostos que incidem sobre bens e servi\u00e7os, incluindo explora\u00e7\u00e3o de bens e direitos tang\u00edveis e intang\u00edveis e loca\u00e7\u00e3o de bens.<\/p>\n\n\n\n<p class=\"wp-block-paragraph\">O IBS \u00e9 uma proposta de reforma tribut\u00e1ria que busca unificar dois impostos em um \u00fanico tributo:<\/p>\n\n\n\n<ul class=\"wp-block-list\">\n<li>Imposto sobre a Circula\u00e7\u00e3o de Mercadorias e Servi\u00e7os&nbsp;<a href=\"https:\/\/www.contabeis.com.br\/tributario\/icms\/\">(ICMS)<\/a>&nbsp;;<\/li>\n\n\n\n<li>Imposto sobre Servi\u00e7os de Qualquer Natureza (ISS).<\/li>\n<\/ul>\n\n\n\n<p class=\"wp-block-paragraph\">Com a implementa\u00e7\u00e3o do IBS, os impostos seriam unificados em um \u00fanico tributo, o que tornaria o sistema mais transparente e compreens\u00edvel para os contribuintes.&nbsp;<\/p>\n\n\n\n<p class=\"wp-block-paragraph\">Al\u00e9m disso, a ideia \u00e9 que a unifica\u00e7\u00e3o permita uma redu\u00e7\u00e3o da carga tribut\u00e1ria global, o que poderia tornar o pa\u00eds mais atrativo para investimentos e estimular o crescimento econ\u00f4mico.<\/p>\n\n\n\n<h3 class=\"wp-block-heading\"><strong>Caracter\u00edsticas do IBS<\/strong><\/h3>\n\n\n\n<p class=\"wp-block-paragraph\">Confira as principais caracter\u00edsticas do IBS:<\/p>\n\n\n\n<ul class=\"wp-block-list\">\n<li>N\u00e3o-cumulativo;<\/li>\n\n\n\n<li>N\u00e3o \u00e9 cobrado em todas as etapas da cadeia produtiva;&nbsp;<\/li>\n\n\n\n<li>Legisla\u00e7\u00e3o uniforme;<\/li>\n\n\n\n<li>Al\u00edquota e arrecada\u00e7\u00e3o vinculadas ao local do consumo\/destino;<\/li>\n\n\n\n<li>N\u00e3o incide sobre investimentos e exporta\u00e7\u00f5es;<\/li>\n\n\n\n<li>Aproveitamento de cr\u00e9ditos acumulados.<\/li>\n<\/ul>\n\n\n\n<h2 class=\"wp-block-heading\"><strong>Como ser\u00e1 a cobran\u00e7a do IBS?<\/strong><\/h2>\n\n\n\n<p class=\"wp-block-paragraph\">O IBS \u00e9 um imposto n\u00e3o cumulativo, o que significa que ele n\u00e3o incide em cascata em cada etapa da produ\u00e7\u00e3o ou comercializa\u00e7\u00e3o.&nbsp;<\/p>\n\n\n\n<p class=\"wp-block-paragraph\">O imposto ser\u00e1 aplicado fora da cadeia produtiva. Dessa maneira, cada contribuinte paga apenas o imposto correspondente ao valor que ele adicionou ao produto ou servi\u00e7o, evitando a duplicidade de cobran\u00e7a ao longo do processo.&nbsp;<\/p>\n\n\n\n<p class=\"wp-block-paragraph\">Essa abordagem contribui para reduzir a carga tribut\u00e1ria global e tornar o sistema mais justo e eficiente.<\/p>\n\n\n\n<h2 class=\"wp-block-heading\"><strong>Qual ser\u00e1 a al\u00edquota do IBS?<\/strong><\/h2>\n\n\n\n<p class=\"wp-block-paragraph\">A al\u00edquota do IBS ser\u00e1 definida por Lei Complementar (LC). A proposta prev\u00ea tr\u00eas categorias de al\u00edquotas: uma al\u00edquota padr\u00e3o, uma al\u00edquota reduzida em 50% e isen\u00e7\u00f5es.<\/p>\n\n\n\n<p class=\"wp-block-paragraph\">A al\u00edquota padr\u00e3o ser\u00e1 estabelecida na lei complementar e ser\u00e1 aplicada \u00e0 maioria das opera\u00e7\u00f5es e presta\u00e7\u00f5es.&nbsp;<\/p>\n\n\n\n<p class=\"wp-block-paragraph\">A al\u00edquota reduzida, que \u00e9 50% menor que a al\u00edquota padr\u00e3o, ser\u00e1 aplicada a setores espec\u00edficos, tais como servi\u00e7os de sa\u00fade, educa\u00e7\u00e3o, medicamentos, transporte p\u00fablico coletivo urbano e semiurbano, produtos agropecu\u00e1rios, alimentos e produtos de higiene da cesta b\u00e1sica, al\u00e9m de atividades art\u00edsticas e culturais nacionais.<\/p>\n\n\n\n<p class=\"wp-block-paragraph\">Por sua vez, as isen\u00e7\u00f5es do IBS ser\u00e3o concedidas a produtos e servi\u00e7os espec\u00edficos. Medicamentos espec\u00edficos, o programa Programa Universidade para Todos (ProUni) e produtores rurais pessoa f\u00edsica que obtiverem receita anual inferior a R$ 2 milh\u00f5es s\u00e3o exemplos de casos em que a isen\u00e7\u00e3o ser\u00e1 aplicada.<\/p>\n\n\n\n<h2 class=\"wp-block-heading\"><strong>Qual a diferen\u00e7a entre IBS e\u00a0CBS?<\/strong><\/h2>\n\n\n\n<p class=\"wp-block-paragraph\">A proposta de reforma tribut\u00e1ria prev\u00ea a cria\u00e7\u00e3o do Imposto sobre o Valor Agregado (IVA), que unifica os tributos em dois grupos:<\/p>\n\n\n\n<ul class=\"wp-block-list\">\n<li>Contribui\u00e7\u00e3o sobre Bens e Servi\u00e7os (CBS), que unifica os seguintes impostos federais: Imposto sobre Produtos Industrializados (IPI), Programa de Integra\u00e7\u00e3o Social\u00a0(PIS)\u00a0e a Contribui\u00e7\u00e3o para o financiamento da Seguridade Social\u00a0(Cofins)\u00a0;<\/li>\n\n\n\n<li>Imposto sobre Bens e Servi\u00e7os (IBS), que unifica os impostos de estados e munic\u00edpios, que s\u00e3o o ICMS e o ISS.<\/li>\n<\/ul>\n\n\n\n<p class=\"wp-block-paragraph\">Em suma, o IBS \u00e9 voltado para impostos estaduais e municipais. J\u00e1 a CBS contempla os impostos federais.<\/p>\n\n\n\n<h2 class=\"wp-block-heading\"><strong>Quando come\u00e7a a valer?<\/strong><\/h2>\n\n\n\n<p class=\"wp-block-paragraph\">A proposta de reforma tribut\u00e1ria inclui um per\u00edodo de transi\u00e7\u00e3o tanto para a implementa\u00e7\u00e3o do novo imposto quanto para a distribui\u00e7\u00e3o da arrecada\u00e7\u00e3o.&nbsp;<\/p>\n\n\n\n<p class=\"wp-block-paragraph\">O texto prev\u00ea um prazo de oito anos para essa transi\u00e7\u00e3o, que ocorreria entre os anos de 2026 e 2033. Durante esse per\u00edodo, o objetivo \u00e9 extinguir gradualmente o ICMS e o ISS. A expectativa \u00e9 que at\u00e9 o final de 2032 esses impostos sejam eliminados por completo. A partir de 2033, o novo modelo de imposto entraria em plena vig\u00eancia.<\/p>\n\n\n\n<p class=\"wp-block-paragraph\">Al\u00e9m disso, o texto da proposta estabelece que a transi\u00e7\u00e3o para o princ\u00edpio do destino, que \u00e9 uma das bases do novo modelo, ser\u00e1 realizada ao longo de 50 anos. Essa transi\u00e7\u00e3o ocorreria entre os anos de 2029 e 2078, permitindo uma adapta\u00e7\u00e3o gradual e progressiva ao novo sistema.<\/p>\n\n\n\n<p class=\"wp-block-paragraph\">A transi\u00e7\u00e3o gradual permite que empresas e governos se ajustem \u00e0s novas regras e procedimentos, evitando assim rupturas bruscas e garantindo a estabilidade do sistema tribut\u00e1rio durante o per\u00edodo de transi\u00e7\u00e3o.<\/p>\n\n\n\n<h2 class=\"wp-block-heading\"><strong>Quem ir\u00e1 fiscalizar o IBS?<\/strong><\/h2>\n\n\n\n<p class=\"wp-block-paragraph\">A fiscaliza\u00e7\u00e3o do IBS ficar\u00e1 sob a responsabilidade do Conselho Federativo, que ser\u00e1 composto pelas Fazendas estaduais e municipais. Esse \u00f3rg\u00e3o ter\u00e1 independ\u00eancia t\u00e9cnica, administrativa, or\u00e7ament\u00e1ria e financeira, e suas decis\u00f5es ser\u00e3o tomadas por meio de votos distribu\u00eddos de forma parit\u00e1ria entre os estados e munic\u00edpios.<\/p>\n\n\n\n<p class=\"wp-block-paragraph\">A atua\u00e7\u00e3o integrada no Conselho Federativo \u00e9 considerada fundamental para garantir a distribui\u00e7\u00e3o dos recursos de acordo com o princ\u00edpio do destino, a unifica\u00e7\u00e3o da regulamenta\u00e7\u00e3o do imposto e a \u00e1gil devolu\u00e7\u00e3o dos cr\u00e9ditos aos contribuintes. A proposta busca uma gest\u00e3o compartilhada entre os entes federativos, visando a efici\u00eancia e a harmoniza\u00e7\u00e3o das a\u00e7\u00f5es relacionadas ao IBS.<\/p>\n\n\n\n<p class=\"wp-block-paragraph\">Fonte: contabeis.com.br<\/p>\n","protected":false},"excerpt":{"rendered":"<p>O Projeto de Emenda Complementar (PEC) 45\/19, que trata sobre a reforma tribut\u00e1ria, prev\u00ea a cria\u00e7\u00e3o do Imposto sobre Bens e Servi\u00e7os (IBS). O tributo unifica os impostos que s\u00e3o de responsabilidade dos estados e munic\u00edpios. Entenda na pr\u00e1tica como vai funcionar essa mudan\u00e7a e os impactos para quem presta servi\u00e7os ou realiza opera\u00e7\u00f5es de [&hellip;]<\/p>\n","protected":false},"author":1,"featured_media":5207,"comment_status":"closed","ping_status":"open","sticky":false,"template":"","format":"standard","meta":{"footnotes":""},"categories":[25],"tags":[52,51],"class_list":["post-5352","post","type-post","status-publish","format-standard","has-post-thumbnail","hentry","category-fiscal-tributario","tag-reforma-tributaria","tag-tributos"],"_links":{"self":[{"href":"https:\/\/multiplacontabil.com.br\/blog\/wp-json\/wp\/v2\/posts\/5352","targetHints":{"allow":["GET"]}}],"collection":[{"href":"https:\/\/multiplacontabil.com.br\/blog\/wp-json\/wp\/v2\/posts"}],"about":[{"href":"https:\/\/multiplacontabil.com.br\/blog\/wp-json\/wp\/v2\/types\/post"}],"author":[{"embeddable":true,"href":"https:\/\/multiplacontabil.com.br\/blog\/wp-json\/wp\/v2\/users\/1"}],"replies":[{"embeddable":true,"href":"https:\/\/multiplacontabil.com.br\/blog\/wp-json\/wp\/v2\/comments?post=5352"}],"version-history":[{"count":0,"href":"https:\/\/multiplacontabil.com.br\/blog\/wp-json\/wp\/v2\/posts\/5352\/revisions"}],"wp:attachment":[{"href":"https:\/\/multiplacontabil.com.br\/blog\/wp-json\/wp\/v2\/media?parent=5352"}],"wp:term":[{"taxonomy":"category","embeddable":true,"href":"https:\/\/multiplacontabil.com.br\/blog\/wp-json\/wp\/v2\/categories?post=5352"},{"taxonomy":"post_tag","embeddable":true,"href":"https:\/\/multiplacontabil.com.br\/blog\/wp-json\/wp\/v2\/tags?post=5352"}],"curies":[{"name":"wp","href":"https:\/\/api.w.org\/{rel}","templated":true}]}}