{"id":5335,"date":"2023-06-20T17:24:09","date_gmt":"2023-06-20T17:24:09","guid":{"rendered":"https:\/\/multiplacontabil.com.br\/blog\/blog\/?p=5335"},"modified":"2023-06-20T17:24:09","modified_gmt":"2023-06-20T17:24:09","slug":"minimo-existencial-entenda-o-que-e-este-valor-que-teve-aumento-para-r-600-no-governo-lula","status":"publish","type":"post","link":"https:\/\/multiplacontabil.com.br\/blog\/2023\/06\/20\/minimo-existencial-entenda-o-que-e-este-valor-que-teve-aumento-para-r-600-no-governo-lula\/","title":{"rendered":"\u201cM\u00ednimo existencial\u201d: entenda o que \u00e9 este valor que teve aumento para R$ 600 no governo Lula"},"content":{"rendered":"\n<p class=\"wp-block-paragraph\">Nesta segunda-feira (19), o presidente Luiz In\u00e1cio Lula da Silva autorizou o aumento do valor do \u201cm\u00ednimo existencial\u201d de R$ 303 (valor estipulado em 2022), para R$ 600 neste ano.<\/p>\n\n\n\n<p class=\"wp-block-paragraph\">O termo \u201cm\u00ednimo existencial\u201d \u00e9 aplicado para valores que s\u00e3o considerados como despesas b\u00e1sicas, como \u00e1gua e luz, e que n\u00e3o podem ser comprometidos com o pagamento de d\u00edvidas. Ou seja, o valor fica protegido de institui\u00e7\u00f5es credoras por lei em casos de superendividamento.<\/p>\n\n\n\n<p class=\"wp-block-paragraph\">\u201cAssinei hoje a amplia\u00e7\u00e3o do valor do M\u00ednimo Existencial para R$ 600, uma medida que aumenta a fatia da renda que n\u00e3o pode ser cobrada no cr\u00e9dito consignado ou bloqueada pelas institui\u00e7\u00f5es financeiras em caso de superendividamento. Essa iniciativa faz parte de uma s\u00e9rie de esfor\u00e7os do nosso governo para garantirmos cr\u00e9dito e condi\u00e7\u00f5es de consumo para o povo brasileiro, contribuindo para o aquecimento da economia\u201d, afirmou o presidente em sua conta na rede social Twitter.<\/p>\n\n\n\n<p class=\"wp-block-paragraph\">A medida j\u00e1 havia sido anunciada pelo governo em abril deste ano e quase dobrou o valor praticado em 2022, quando havia sido fixado em 25% do sal\u00e1rio m\u00ednimo. Assim, o cidad\u00e3o ter\u00e1 ao menos R$ 600 preservados para a subsist\u00eancia.<\/p>\n\n\n\n<p class=\"wp-block-paragraph\">De acordo com o governo, a novidade permitir\u00e1 que cerca de 15 milh\u00f5es de brasileiros regularizem d\u00edvidas ao trazer um grau superior de prote\u00e7\u00e3o ao consumidor contra eventuais superendividamentos.<\/p>\n\n\n\n<p class=\"wp-block-paragraph\">Fonte: contabeis.com.br<\/p>\n","protected":false},"excerpt":{"rendered":"<p>Nesta segunda-feira (19), o presidente Luiz In\u00e1cio Lula da Silva autorizou o aumento do valor do \u201cm\u00ednimo existencial\u201d de R$ 303 (valor estipulado em 2022), para R$ 600 neste ano. O termo \u201cm\u00ednimo existencial\u201d \u00e9 aplicado para valores que s\u00e3o considerados como despesas b\u00e1sicas, como \u00e1gua e luz, e que n\u00e3o podem ser comprometidos com [&hellip;]<\/p>\n","protected":false},"author":1,"featured_media":5339,"comment_status":"closed","ping_status":"open","sticky":false,"template":"","format":"standard","meta":{"footnotes":""},"categories":[42],"tags":[74,75],"class_list":["post-5335","post","type-post","status-publish","format-standard","has-post-thumbnail","hentry","category-pessoa-fisica","tag-economia","tag-minimo-existencial"],"_links":{"self":[{"href":"https:\/\/multiplacontabil.com.br\/blog\/wp-json\/wp\/v2\/posts\/5335","targetHints":{"allow":["GET"]}}],"collection":[{"href":"https:\/\/multiplacontabil.com.br\/blog\/wp-json\/wp\/v2\/posts"}],"about":[{"href":"https:\/\/multiplacontabil.com.br\/blog\/wp-json\/wp\/v2\/types\/post"}],"author":[{"embeddable":true,"href":"https:\/\/multiplacontabil.com.br\/blog\/wp-json\/wp\/v2\/users\/1"}],"replies":[{"embeddable":true,"href":"https:\/\/multiplacontabil.com.br\/blog\/wp-json\/wp\/v2\/comments?post=5335"}],"version-history":[{"count":0,"href":"https:\/\/multiplacontabil.com.br\/blog\/wp-json\/wp\/v2\/posts\/5335\/revisions"}],"wp:attachment":[{"href":"https:\/\/multiplacontabil.com.br\/blog\/wp-json\/wp\/v2\/media?parent=5335"}],"wp:term":[{"taxonomy":"category","embeddable":true,"href":"https:\/\/multiplacontabil.com.br\/blog\/wp-json\/wp\/v2\/categories?post=5335"},{"taxonomy":"post_tag","embeddable":true,"href":"https:\/\/multiplacontabil.com.br\/blog\/wp-json\/wp\/v2\/tags?post=5335"}],"curies":[{"name":"wp","href":"https:\/\/api.w.org\/{rel}","templated":true}]}}