{"id":5332,"date":"2023-06-05T13:51:11","date_gmt":"2023-06-05T13:51:11","guid":{"rendered":"https:\/\/multiplacontabil.com.br\/blog\/blog\/?p=5332"},"modified":"2023-06-05T13:51:11","modified_gmt":"2023-06-05T13:51:11","slug":"entenda-o-que-e-o-esocial-e-saiba-como-usar-esse-sistema","status":"publish","type":"post","link":"https:\/\/multiplacontabil.com.br\/blog\/2023\/06\/05\/entenda-o-que-e-o-esocial-e-saiba-como-usar-esse-sistema\/","title":{"rendered":"Entenda o que \u00e9 o eSocial e saiba como usar esse sistema"},"content":{"rendered":"\n<p class=\"wp-block-paragraph\">Se voc\u00ea tem uma empresa com funcion\u00e1rios, provavelmente j\u00e1 ouviu falar no&nbsp;<strong>eSocial<\/strong>. Essa plataforma foi criada em 2014 com o objetivo de&nbsp;<strong>modernizar processos<\/strong>,&nbsp;<strong>diminuir a burocracia<\/strong>&nbsp;e&nbsp;<strong>unificar a entrega de obriga\u00e7\u00f5es da \u00e1rea trabalhista<\/strong>. Ou seja: para facilitar o envio ao governo de informa\u00e7\u00f5es sobre seus colaboradores.<\/p>\n\n\n\n<p class=\"wp-block-paragraph\">Antes, as empresas tinham que preencher v\u00e1rias guias e entreg\u00e1-las a diferentes \u00f3rg\u00e3os p\u00fablicos, como INSS, Receita Federal e Caixa Econ\u00f4mica Federal. Com o surgimento do eSocial, a comunica\u00e7\u00e3o entre as empresas e o governo foi unificada &#8211; sendo assim, o empreendedor precisa prestar as informa\u00e7\u00f5es em um \u00fanico lugar.<\/p>\n\n\n\n<h2 class=\"wp-block-heading\">O que \u00e9 o eSocial?<\/h2>\n\n\n\n<p class=\"wp-block-paragraph\">O&nbsp;<strong>eSocial<\/strong>, como \u00e9 conhecido o&nbsp;<strong>Sistema de Escritura\u00e7\u00e3o Digital das Obriga\u00e7\u00f5es Fiscais, Previdenci\u00e1rias e Trabalhistas<\/strong>, \u00e9 uma iniciativa da Receita Federal, Caixa Econ\u00f4mica Federal, INSS e Minist\u00e9rio do Trabalho para modernizar processos que envolvem obriga\u00e7\u00f5es fiscais e, dessa forma, reduzir a burocracia para o setor empresarial.<\/p>\n\n\n\n<p class=\"wp-block-paragraph\"><strong>Todas as empresas que possuem um funcion\u00e1rio ou mais s\u00e3o obrigadas a utilizar a plataforma<\/strong>&nbsp;para cumprir v\u00e1rias obriga\u00e7\u00f5es, que antigamente eram feitas por meio de diferentes formul\u00e1rios e entregues para diversos \u00f3rg\u00e3os.&nbsp;<\/p>\n\n\n\n<p class=\"wp-block-paragraph\">Dessa forma, o eSocial surgiu para substituir toda a papelada referente ao processo e unificar o envio de informa\u00e7\u00f5es sobre os funcion\u00e1rios ao governo.&nbsp;<\/p>\n\n\n\n<p class=\"wp-block-paragraph\">Entre as informa\u00e7\u00f5es que constam na plataforma do eSocial, est\u00e3o:<\/p>\n\n\n\n<ul class=\"wp-block-list\">\n<li>Folha de pagamento;<\/li>\n\n\n\n<li>Contribui\u00e7\u00e3o \u00e0 Previd\u00eancia Social;<\/li>\n\n\n\n<li>Aviso pr\u00e9vio;<\/li>\n\n\n\n<li>Informa\u00e7\u00f5es sobre o Fundo de Garantia;<\/li>\n\n\n\n<li>Escritura\u00e7\u00f5es Fiscais;<\/li>\n\n\n\n<li>Avisos sobre acidentes de trabalho.<\/li>\n<\/ul>\n\n\n\n<p class=\"wp-block-paragraph\">Outro ponto importante sobre a plataforma \u00e9 que, como todos esses processos acontecem por meio eletr\u00f4nico, h\u00e1 maior seguran\u00e7a, agilidade e uma otimiza\u00e7\u00e3o do trabalho de fiscaliza\u00e7\u00e3o do governo.&nbsp;<a><\/a><\/p>\n\n\n\n<h2 class=\"wp-block-heading\">Quando utilizar o eSocial?<\/h2>\n\n\n\n<p class=\"wp-block-paragraph\">Conforme j\u00e1 comentamos, o eSocial deve ser usado por todas as pessoas jur\u00eddicas (inclusive MEI) que possuem funcion\u00e1rios e por pessoas f\u00edsicas que contratam empregados dom\u00e9sticos. Ou seja, sempre que houver uma rela\u00e7\u00e3o de emprego entre empresa e trabalhador, podendo ser ele:&nbsp;<\/p>\n\n\n\n<ul class=\"wp-block-list\">\n<li>CLT (celetista);<\/li>\n\n\n\n<li>Estatut\u00e1rio;<\/li>\n\n\n\n<li>Cooperado;<\/li>\n\n\n\n<li>Aut\u00f4nomo;<\/li>\n\n\n\n<li>Avulso;<\/li>\n\n\n\n<li>Sem v\u00ednculo empregat\u00edcio<\/li>\n\n\n\n<li>Estagi\u00e1rio.&nbsp;<\/li>\n<\/ul>\n\n\n\n<p class=\"wp-block-paragraph\">O sistema serve para que as empresas comuniquem ao governo tudo o que acontece com seus colaboradores, tanto em rela\u00e7\u00e3o a quest\u00f5es administrativas de RH quanto nas \u00e1reas de Medicina e Sa\u00fade Ocupacional.&nbsp;<\/p>\n\n\n\n<p class=\"wp-block-paragraph\">Isso inclui situa\u00e7\u00e3o de v\u00ednculos empregat\u00edcios, contribui\u00e7\u00f5es previdenci\u00e1rias, folhas de pagamento, Atestado de Sa\u00fade Ocupacional (ASO), Comunica\u00e7\u00e3o de Acidente de Trabalho (CAT), avisos pr\u00e9vios e escritura\u00e7\u00f5es fiscais, al\u00e9m de informa\u00e7\u00f5es sobre aus\u00eancias, f\u00e9rias e licen\u00e7as remuneradas e outras obriga\u00e7\u00f5es, como veremos abaixo.<\/p>\n\n\n\n<p class=\"wp-block-paragraph\">Outras funcionalidades do eSocial s\u00e3o o fechamento da folha de pagamento, a consulta \u00e0 qualifica\u00e7\u00e3o cadastral do empregado, a mudan\u00e7a de dados cadastrais da empresa e a realiza\u00e7\u00e3o do informe de rendimentos dos funcion\u00e1rios.<a><\/a><\/p>\n\n\n\n<h2 class=\"wp-block-heading\">Quais obriga\u00e7\u00f5es fazem parte do eSocial?<\/h2>\n\n\n\n<p class=\"wp-block-paragraph\">As obriga\u00e7\u00f5es s\u00e3o as informa\u00e7\u00f5es que devem ser declaradas ao governo dentro de um per\u00edodo determinado. No caso do eSocial, 17 delas s\u00e3o unificadas no mesmo sistema. Confira quais s\u00e3o:<\/p>\n\n\n\n<ol class=\"wp-block-list\">\n<li><strong>GFIP<\/strong>: Guia de Recolhimento do FGTS e das Informa\u00e7\u00f5es Previdenci\u00e1rias;<\/li>\n\n\n\n<li><strong>RAIS:<\/strong>&nbsp;Rela\u00e7\u00e3o Anual de Informa\u00e7\u00f5es Sociais;<\/li>\n\n\n\n<li><strong>CAGED:<\/strong>&nbsp;Cadastro Geral de Empregados e Desempregados, com a finalidade de manter controle sobre as admiss\u00f5es e as demiss\u00f5es dos funcion\u00e1rios que trabalham sob o regime da Consolida\u00e7\u00e3o das Leis do Trabalho (CLT);<\/li>\n\n\n\n<li><strong>LRE:<\/strong>&nbsp;Livro de Registro de Empregados;<\/li>\n\n\n\n<li><strong>CD:&nbsp;<\/strong>Comunica\u00e7\u00e3o de Dispensa;<\/li>\n\n\n\n<li><strong>CAT:&nbsp;<\/strong>Comunica\u00e7\u00e3o de Acidente de Trabalho;<\/li>\n\n\n\n<li><strong>CTPS:<\/strong>&nbsp;Carteira de Trabalho e Previd\u00eancia Social;<\/li>\n\n\n\n<li><strong>QHT:<\/strong>&nbsp;Quadro de Hor\u00e1rio de Trabalho;<\/li>\n\n\n\n<li><strong>DIRF<\/strong>: Declara\u00e7\u00e3o do Imposto de Renda Retido na Fonte;<\/li>\n\n\n\n<li><strong>PPP:<\/strong>&nbsp;Perfil Profissiogr\u00e1fico Previdenci\u00e1rio;<\/li>\n\n\n\n<li><strong>DCTF:&nbsp;<\/strong>Declara\u00e7\u00e3o de D\u00e9bitos e Cr\u00e9ditos Tribut\u00e1rios Federais;<\/li>\n\n\n\n<li><strong>MANAD:<\/strong>&nbsp;Manual Normativo de Arquivos Digitais;<\/li>\n\n\n\n<li><strong>GRF:<\/strong>&nbsp;Guia de Recolhimento do FGTS;<\/li>\n\n\n\n<li><strong>GPS:<\/strong>&nbsp;Guia da Previd\u00eancia Social;<\/li>\n\n\n\n<li><strong>PPRA:<\/strong>&nbsp;Programa de Preven\u00e7\u00e3o de Riscos Ambientais;<\/li>\n\n\n\n<li><strong>PCMSO:<\/strong>&nbsp;Programa de Controle M\u00e9dico de Sa\u00fade Ocupacional;<\/li>\n\n\n\n<li>Folha de pagamento.<\/li>\n<\/ol>\n\n\n\n<p class=\"wp-block-paragraph\"><a><\/a><\/p>\n\n\n\n<h2 class=\"wp-block-heading\">Como funciona o eSocial?<\/h2>\n\n\n\n<p class=\"wp-block-paragraph\">Usar a plataforma e passar toda a papelada dos funcion\u00e1rios para o eSocial requer acima de tudo, organiza\u00e7\u00e3o. Ent\u00e3o antes de come\u00e7ar a mexer no sistema, voc\u00ea deve:&nbsp;<\/p>\n\n\n\n<ul class=\"wp-block-list\">\n<li>Atualizar os documentos dos funcion\u00e1rios;<\/li>\n\n\n\n<li>Obter um certificado digital;<\/li>\n\n\n\n<li>Verificar a compatibilidade dos arquivos;<\/li>\n\n\n\n<li>Se poss\u00edvel, procurar ajuda profissional para realizar esse servi\u00e7o.<\/li>\n<\/ul>\n\n\n\n<p class=\"wp-block-paragraph\">Para cadastrar sua empresa e inserir os dados sobre seus funcion\u00e1rios, voc\u00ea deve acessar o&nbsp;<a href=\"https:\/\/login.esocial.gov.br\/login.aspx\">portal do eSocial<\/a>&nbsp;com o login gov.br. A estrutura do sistema \u00e9 formada por eventos, que representam fatos jur\u00eddico-trabalhistas que podem ocorrer na vida de um empregado.<a><\/a><\/p>\n\n\n\n<h2 class=\"wp-block-heading\">Quais s\u00e3o os eventos do eSocial?<\/h2>\n\n\n\n<p class=\"wp-block-paragraph\">Existem quatro tipos de eventos do eSocial: iniciais, de tabela, peri\u00f3dicos e n\u00e3o peri\u00f3dicos, que t\u00eam prazos definidos de acordo com sua natureza. Continue lendo para entender mais sobre cada um deles.<\/p>\n\n\n\n<h3 class=\"wp-block-heading\">Eventos iniciais<\/h3>\n\n\n\n<p class=\"wp-block-paragraph\">Envolvem o cadastro inicial do trabalhador, com informa\u00e7\u00f5es administrativas e fiscais. Os dados inseridos nesse momento formar\u00e3o a base cadastral da empresa.<\/p>\n\n\n\n<p class=\"wp-block-paragraph\">Atualmente, existe apenas um evento inicial dispon\u00edvel, que \u00e9 o S-1000 \u2013 Informa\u00e7\u00f5es do Empregador\/Contribuinte\/\u00d3rg\u00e3o P\u00fablico.<\/p>\n\n\n\n<h3 class=\"wp-block-heading\">Eventos de tabela<\/h3>\n\n\n\n<p class=\"wp-block-paragraph\">Complementam o evento inicial e devem ser preenchidos logo ap\u00f3s ele. Aqui, s\u00e3o contempladas informa\u00e7\u00f5es relacionadas ao ambiente de trabalho, fun\u00e7\u00f5es, hor\u00e1rios, turnos de trabalho e rubricas, entre outros.&nbsp;<\/p>\n\n\n\n<p class=\"wp-block-paragraph\">Os eventos de tabela s\u00e3o:<\/p>\n\n\n\n<ul class=\"wp-block-list\">\n<li>S-1005: tabela de estabelecimentos, unidades de \u00f3rg\u00e3os p\u00fablicos, obras;<\/li>\n\n\n\n<li>S-1010: tabela de rubricas;<\/li>\n\n\n\n<li>S-1020: tabela de lota\u00e7\u00f5es tribut\u00e1rias;<\/li>\n\n\n\n<li>S-1030: tabela de empregos\/cargos p\u00fablicos;<\/li>\n\n\n\n<li>S-1035: tabela de carreiras p\u00fablicas;<\/li>\n\n\n\n<li>S-1040: tabela de fun\u00e7\u00f5es\/cargos em comiss\u00e3o;<\/li>\n\n\n\n<li>S-1050: tabela de turnos e hor\u00e1rios de trabalho;<\/li>\n\n\n\n<li>S-1060: tabela de ambientes de trabalho;<\/li>\n\n\n\n<li>S-1070: tabela de processos judiciais e administrativos;<\/li>\n\n\n\n<li>S-1080: tabela de operadores portu\u00e1rios.<\/li>\n<\/ul>\n\n\n\n<h3 class=\"wp-block-heading\">Eventos peri\u00f3dicos<\/h3>\n\n\n\n<p class=\"wp-block-paragraph\">S\u00e3o aqueles que envolvem informa\u00e7\u00f5es que t\u00eam datas de envio recorrentes e fixas, como a folha de pagamento.&nbsp;<\/p>\n\n\n\n<p class=\"wp-block-paragraph\">Os eventos peri\u00f3dicos s\u00e3o:<\/p>\n\n\n\n<ul class=\"wp-block-list\">\n<li>S-1200: remunera\u00e7\u00e3o de trabalhador vinculado ao Regime Geral de Previd\u00eancia Social;<\/li>\n\n\n\n<li>S-1210: pagamentos referentes aos rendimentos do trabalho;<\/li>\n\n\n\n<li>S-1250: aquisi\u00e7\u00e3o de produ\u00e7\u00e3o rural;<\/li>\n\n\n\n<li>S-1260: comercializa\u00e7\u00e3o da produ\u00e7\u00e3o rural de pessoa f\u00edsica;<\/li>\n\n\n\n<li>S-1270: contrata\u00e7\u00e3o de trabalhadores avulsos n\u00e3o portu\u00e1rios;<\/li>\n\n\n\n<li>S-1280: informa\u00e7\u00f5es complementares aos eventos peri\u00f3dicos;<\/li>\n\n\n\n<li>S-1295: solicita\u00e7\u00e3o de totaliza\u00e7\u00e3o para pagamento em conting\u00eancia;<\/li>\n\n\n\n<li>S-1298: reabertura dos eventos peri\u00f3dicos;<\/li>\n\n\n\n<li>S-1299: fechamento dos eventos peri\u00f3dicos;<\/li>\n\n\n\n<li>S-1300: contribui\u00e7\u00e3o sindical patronal (INSS).<\/li>\n<\/ul>\n\n\n\n<h3 class=\"wp-block-heading\">Eventos n\u00e3o peri\u00f3dicos<\/h3>\n\n\n\n<p class=\"wp-block-paragraph\">Esses s\u00e3o eventos que n\u00e3o possuem data fixa para acontecer, como admiss\u00f5es, demiss\u00f5es, afastamentos ou altera\u00e7\u00f5es salariais.&nbsp;<\/p>\n\n\n\n<p class=\"wp-block-paragraph\">Os eventos n\u00e3o peri\u00f3dicos s\u00e3o:<\/p>\n\n\n\n<ul class=\"wp-block-list\">\n<li>S-2190: Admiss\u00e3o de Trabalhador \u2013 Registro Preliminar;<\/li>\n\n\n\n<li>S-2200: Cadastramento Inicial do V\u00ednculo e Admiss\u00e3o\/Ingresso de Trabalhador;<\/li>\n\n\n\n<li>S-2205: Altera\u00e7\u00e3o de Dados Cadastrais do Trabalhador;<\/li>\n\n\n\n<li>S-2206: Altera\u00e7\u00e3o de Contrato de Trabalho;<\/li>\n\n\n\n<li>S-2210: Comunica\u00e7\u00e3o de Acidente de Trabalho;<\/li>\n\n\n\n<li>S-2220: Monitoramento da Sa\u00fade do Trabalhador;<\/li>\n\n\n\n<li>S-2230: Afastamento Tempor\u00e1rio;<\/li>\n\n\n\n<li>S-2240: Condi\u00e7\u00f5es Ambientais do Trabalho \u2013 Fatores de Risco;<\/li>\n\n\n\n<li>S-2241: Insalubridade, Periculosidade e Aposentadoria Especial;<\/li>\n\n\n\n<li>S-2298: Reintegra\u00e7\u00e3o;<\/li>\n\n\n\n<li>S-2299: Desligamento;<\/li>\n\n\n\n<li>S-2300: Trabalhador Sem V\u00ednculo de Emprego\/Estatut\u00e1rio \u2013 In\u00edcio;<\/li>\n\n\n\n<li>S-2306: Trabalhador Sem V\u00ednculo de Emprego\/Estatut\u00e1rio \u2013 Altera\u00e7\u00e3o Contratual;<\/li>\n\n\n\n<li>S-2399: Trabalhador Sem V\u00ednculo de Emprego\/Estatut\u00e1rio \u2013 T\u00e9rmino;<\/li>\n\n\n\n<li>S-2400: Cadastro de Benef\u00edcios Previdenci\u00e1rios \u2013 RPPS;<\/li>\n\n\n\n<li>S-3000: Exclus\u00e3o de Eventos;<\/li>\n\n\n\n<li>S-5001: Informa\u00e7\u00f5es das contribui\u00e7\u00f5es sociais por trabalhador;<\/li>\n\n\n\n<li>S-5002: Imposto de Renda Retido na Fonte;<\/li>\n\n\n\n<li>S-5003 \u2013 Informa\u00e7\u00f5es do FGTS por Trabalhador;<\/li>\n\n\n\n<li>S-5011: Informa\u00e7\u00f5es das contribui\u00e7\u00f5es sociais consolidadas por contribuinte;<\/li>\n\n\n\n<li>S-5012: Informa\u00e7\u00f5es do IRRF consolidadas por contribuinte;<\/li>\n\n\n\n<li>S-5013 \u2013 Informa\u00e7\u00f5es do FGTS consolidadas por contribuinte.<\/li>\n<\/ul>\n\n\n\n<h2 class=\"wp-block-heading\">Quais s\u00e3o os pontos de aten\u00e7\u00e3o para as empresas no uso do eSocial?<\/h2>\n\n\n\n<p class=\"wp-block-paragraph\">Apesar de ser um sistema que veio para facilitar muito a rotina de cumprimento de obrigatoriedades das empresas, \u00e9 preciso que haja aten\u00e7\u00e3o quando se trata de enviar todos os dados pertinentes para a plataforma. Veja abaixo alguns pontos para observar:&nbsp;<\/p>\n\n\n\n<h3 class=\"wp-block-heading\">N\u00e3o conformidades<\/h3>\n\n\n\n<p class=\"wp-block-paragraph\">S\u00e3o muitas informa\u00e7\u00f5es sobre os funcion\u00e1rios que precisam ser adicionadas ao sistema do eSocial, logo \u00e9 imprescind\u00edvel que as empresas fiquem atentas com o n\u00e3o cumprimento de todas as condi\u00e7\u00f5es definidas pelas leis trabalhistas.&nbsp;<\/p>\n\n\n\n<p class=\"wp-block-paragraph\">\u00c0s vezes, esse tipo de irregularidade acontece por falta de esclarecimento ou de entendimento sobre os deveres e obriga\u00e7\u00f5es para com os funcion\u00e1rios, complexidade da legisla\u00e7\u00e3o e at\u00e9 mesmo sonega\u00e7\u00e3o fiscal.<\/p>\n\n\n\n<h3 class=\"wp-block-heading\">Contratos de est\u00e1gio<\/h3>\n\n\n\n<p class=\"wp-block-paragraph\">Os contratos de est\u00e1gio seguem algumas regras e par\u00e2metros um pouco diferentes, e merecem uma aten\u00e7\u00e3o especial por parte da empresa. O estagi\u00e1rio precisa ser monitorado por um bom profissional e o seu contrato deve sofrer ajustes ou ser cancelado de acordo com o desenvolvimento desse profissional.&nbsp;<\/p>\n\n\n\n<p class=\"wp-block-paragraph\">Caso n\u00e3o haja esse tipo de acompanhamento ou essas altera\u00e7\u00f5es no contrato do estagi\u00e1rio n\u00e3o ocorram por falta de aten\u00e7\u00e3o ou descaso da empresa, a mesma poder\u00e1 ser processada judicialmente.&nbsp;<\/p>\n\n\n\n<h3 class=\"wp-block-heading\">RAT, FAP e CNAE passados de forma errada<\/h3>\n\n\n\n<p class=\"wp-block-paragraph\">Outro ponto de muita aten\u00e7\u00e3o para as empresas \u00e9 na hora de transmitir os dados de Riscos Ambientais de Trabalho&nbsp;<strong>(RAT)<\/strong>, Fator Acident\u00e1rio de Preven\u00e7\u00e3o&nbsp;<strong>(FAP)<\/strong>&nbsp;e Classifica\u00e7\u00e3o Nacional de Atividade Econ\u00f4mica&nbsp;<strong>(CNAE)<\/strong>. Se essas informa\u00e7\u00f5es estiverem erradas ou incompletas, a empresa pode ser&nbsp;<strong>autuada&nbsp;<\/strong>e<strong>&nbsp;penalizada<\/strong>.&nbsp;<\/p>\n\n\n\n<h3 class=\"wp-block-heading\">Seguran\u00e7a e sa\u00fade no trabalho<\/h3>\n\n\n\n<p class=\"wp-block-paragraph\">Por fim, dentre os dados inseridos na plataforma do&nbsp;<strong>eSocial&nbsp;<\/strong>e que precisam de aten\u00e7\u00e3o por parte das empresas, est\u00e3o as informa\u00e7\u00f5es sobre seguran\u00e7a e sa\u00fade no trabalho.&nbsp;<\/p>\n\n\n\n<p class=\"wp-block-paragraph\">Os laudos t\u00e9cnicos precisam seguir certas regras que s\u00e3o pr\u00e9-definidas pelo<strong>&nbsp;Minist\u00e9rio do Trabalho<\/strong>&nbsp;e abrangem um n\u00famero significativo de documenta\u00e7\u00f5es, como Laudo T\u00e9cnico das Condi\u00e7\u00f5es do Ambiente de Trabalho&nbsp;<strong>(LTCAT)<\/strong>, Programa de Preven\u00e7\u00e3o de Riscos Ambientais (<strong>PPRA<\/strong>) e Programa de Controle M\u00e9dico de Sa\u00fade Ocupacional&nbsp;<strong>(PCMSO)<\/strong>.&nbsp;<a><\/a><\/p>\n\n\n\n<h2 class=\"wp-block-heading\">Quais s\u00e3o as multas do eSocial para quem n\u00e3o cumprir as obrigatoriedades?<\/h2>\n\n\n\n<p class=\"wp-block-paragraph\">As empresas que n\u00e3o fornecem as informa\u00e7\u00f5es obrigat\u00f3rias no eSocial dentro do prazo exigido pelo governo est\u00e3o sujeitas a multas e penalidades. Veja abaixo quais s\u00e3o:<\/p>\n\n\n\n<ul class=\"wp-block-list\">\n<li><strong>N\u00e3o informar a admiss\u00e3o de funcion\u00e1rios&nbsp;<\/strong>at\u00e9 o final do dia antecedente ao in\u00edcio de trabalho: de R$ 3 mil por trabalhador n\u00e3o registrado, podendo dobrar em caso de reincid\u00eancia. No caso de micro e pequenas empresas, o valor \u00e9 de R$ 800 por funcion\u00e1rio n\u00e3o registrado;<\/li>\n\n\n\n<li><strong>N\u00e3o informar o afastamento tempor\u00e1rio de colaborador:<\/strong>&nbsp;de R$ 1.812,87 a R$ 181.284,63;<\/li>\n\n\n\n<li><strong>N\u00e3o realizar exames ocupacionais e n\u00e3o enviar o Atestado de Sa\u00fade Ocupacional (ASO)<\/strong>: de R$ 402,53 a R$ 4.025,55 por exame n\u00e3o enviado;<\/li>\n\n\n\n<li><strong>N\u00e3o atualizar as informa\u00e7\u00f5es cadastrais e de contrato:<\/strong>&nbsp;R$ 600 por cadastro desatualizado;<\/li>\n\n\n\n<li><strong>N\u00e3o transmitir a Comunica\u00e7\u00e3o de Acidente do Trabalho (CAT)<\/strong>&nbsp;em at\u00e9 um dia \u00fatil (ou imediatamente, em caso de \u00f3bito): valor vari\u00e1vel entre o limite m\u00ednimo e m\u00e1ximo de contribui\u00e7\u00e3o ao INSS<\/li>\n\n\n\n<li><strong>N\u00e3o informar f\u00e9rias do colaborador:<\/strong>&nbsp;R$ 170 por f\u00e9rias n\u00e3o comunicadas;<\/li>\n\n\n\n<li><strong>N\u00e3o fazer o dep\u00f3sito do FGTS<\/strong>, deixar de computar parcela de remunera\u00e7\u00e3o ou efetuar ap\u00f3s notifica\u00e7\u00e3o: de R$ 10,64 a R$ 106,41 por empregado;<\/li>\n\n\n\n<li><strong>N\u00e3o informar as informa\u00e7\u00f5es sobre a folha de pagamento dos empregados<\/strong>&nbsp;at\u00e9 o dia 7 do m\u00eas subsequente ao trabalhado: a partir de R$ 1.812,87;<\/li>\n\n\n\n<li><strong>Deixar de transmitir o Perfil Profissiogr\u00e1fico Previdenci\u00e1rio (PPP)<\/strong>: de R$ 1.812,87 a R$ 181.284,63;<\/li>\n\n\n\n<li><strong>Deixar de enviar ou entregar fora do prazo as informa\u00e7\u00f5es da RAIS:<\/strong>\u00a0valor m\u00ednimo de\u202fR$ 425,64, acrescido de R$106,40 por bimestre de atraso. O m\u00e1ximo pode chegar a R$ 42.564.<\/li>\n<\/ul>\n\n\n\n<h2 class=\"wp-block-heading\">Quais as vantagens e desvantagens do eSocial?<\/h2>\n\n\n\n<p class=\"wp-block-paragraph\">Como a ideia do&nbsp;<strong>eSocial<\/strong>&nbsp;\u00e9 atuar como um tipo de facilitador, sua implementa\u00e7\u00e3o trouxe v\u00e1rias vantagens para as empresas. Por\u00e9m, algumas dificuldades surgiram quando o assunto foi adapta\u00e7\u00e3o das rotinas do sistema anal\u00f3gico para o digital.<\/p>\n\n\n\n<h3 class=\"wp-block-heading\">Vantagens:<\/h3>\n\n\n\n<ul class=\"wp-block-list\">\n<li><strong>Unifica\u00e7\u00e3o dos dados:&nbsp;<\/strong>coleta e envio dos dados dos trabalhadores em uma \u00fanica plataforma, tornando todo o processo burocr\u00e1tico mais pr\u00e1tico;<\/li>\n\n\n\n<li><strong>Fiscaliza\u00e7\u00e3o dos direitos trabalhistas:<\/strong>&nbsp;como os dados e informa\u00e7\u00f5es sobre o trabalhador ficam registrados em uma \u00fanica plataforma, torna-se mais seguro e f\u00e1cil para o governo monitorar o cumprimento dos direitos trabalhistas.<\/li>\n\n\n\n<li><strong>Menos burocracia:<\/strong>&nbsp;com o sistema do eSocial, a necessidade de preenchimento de formul\u00e1rios se torna dispens\u00e1vel, j\u00e1 que todas essas informa\u00e7\u00f5es est\u00e3o na plataforma.<\/li>\n<\/ul>\n\n\n\n<h3 class=\"wp-block-heading\">Desvantagens:<\/h3>\n\n\n\n<ul class=\"wp-block-list\">\n<li><strong>Transi\u00e7\u00e3o do anal\u00f3gico para o digital<\/strong>: muitas empresas no Brasil estavam acostumadas e estruturadas para realizarem todos esses processos trabalhistas com uma gest\u00e3o anal\u00f3gica. Ent\u00e3o, migrar para um sistema totalmente digital pode ser um desafio.<\/li>\n\n\n\n<li><strong>Ajustes e adapta\u00e7\u00e3o ao sistema:<\/strong>&nbsp;grandes empresas, mesmo preparadas para usar um sistema digital, podem enfrentar certa dificuldade em realizar adapta\u00e7\u00f5es em seus cronogramas de envios e prazos do eSocial. Como existe uma data limite para a entrega de dados informa\u00e7\u00f5es, as empresas maiores precisam de organiza\u00e7\u00e3o para garantir que os prazos ser\u00e3o cumpridos e que n\u00e3o precisam arcar com multas por atraso.&nbsp;<\/li>\n<\/ul>\n\n\n\n<p class=\"wp-block-paragraph\">Agora, ficou um pouco mais claro o que \u00e9 o<strong>&nbsp;eSocial<\/strong>, como ele funciona e como essa plataforma \u00e9 uma ferramenta<strong>&nbsp;importante para o cumprimento dos direitos trabalhistas e organiza\u00e7\u00e3o das empresas<\/strong>?&nbsp;<\/p>\n\n\n\n<p class=\"wp-block-paragraph\">Fonte: Blog Conta Azul<\/p>\n","protected":false},"excerpt":{"rendered":"<p>Se voc\u00ea tem uma empresa com funcion\u00e1rios, provavelmente j\u00e1 ouviu falar no&nbsp;eSocial. Essa plataforma foi criada em 2014 com o objetivo de&nbsp;modernizar processos,&nbsp;diminuir a burocracia&nbsp;e&nbsp;unificar a entrega de obriga\u00e7\u00f5es da \u00e1rea trabalhista. Ou seja: para facilitar o envio ao governo de informa\u00e7\u00f5es sobre seus colaboradores. Antes, as empresas tinham que preencher v\u00e1rias guias e entreg\u00e1-las [&hellip;]<\/p>\n","protected":false},"author":1,"featured_media":5144,"comment_status":"closed","ping_status":"open","sticky":false,"template":"","format":"standard","meta":{"footnotes":""},"categories":[20,25],"tags":[30,73,61,51],"class_list":["post-5332","post","type-post","status-publish","format-standard","has-post-thumbnail","hentry","category-departamento-pessoal","category-fiscal-tributario","tag-departamento-pessoal","tag-esocial","tag-receita-federal","tag-tributos"],"_links":{"self":[{"href":"https:\/\/multiplacontabil.com.br\/blog\/wp-json\/wp\/v2\/posts\/5332","targetHints":{"allow":["GET"]}}],"collection":[{"href":"https:\/\/multiplacontabil.com.br\/blog\/wp-json\/wp\/v2\/posts"}],"about":[{"href":"https:\/\/multiplacontabil.com.br\/blog\/wp-json\/wp\/v2\/types\/post"}],"author":[{"embeddable":true,"href":"https:\/\/multiplacontabil.com.br\/blog\/wp-json\/wp\/v2\/users\/1"}],"replies":[{"embeddable":true,"href":"https:\/\/multiplacontabil.com.br\/blog\/wp-json\/wp\/v2\/comments?post=5332"}],"version-history":[{"count":0,"href":"https:\/\/multiplacontabil.com.br\/blog\/wp-json\/wp\/v2\/posts\/5332\/revisions"}],"wp:attachment":[{"href":"https:\/\/multiplacontabil.com.br\/blog\/wp-json\/wp\/v2\/media?parent=5332"}],"wp:term":[{"taxonomy":"category","embeddable":true,"href":"https:\/\/multiplacontabil.com.br\/blog\/wp-json\/wp\/v2\/categories?post=5332"},{"taxonomy":"post_tag","embeddable":true,"href":"https:\/\/multiplacontabil.com.br\/blog\/wp-json\/wp\/v2\/tags?post=5332"}],"curies":[{"name":"wp","href":"https:\/\/api.w.org\/{rel}","templated":true}]}}