{"id":5330,"date":"2023-06-05T13:46:35","date_gmt":"2023-06-05T13:46:35","guid":{"rendered":"https:\/\/multiplacontabil.com.br\/blog\/blog\/?p=5330"},"modified":"2023-06-05T13:46:35","modified_gmt":"2023-06-05T13:46:35","slug":"atencao-esocial-muda-forma-de-acesso-a-partir-de-12-de-junho","status":"publish","type":"post","link":"https:\/\/multiplacontabil.com.br\/blog\/2023\/06\/05\/atencao-esocial-muda-forma-de-acesso-a-partir-de-12-de-junho\/","title":{"rendered":"Aten\u00e7\u00e3o: eSocial muda forma de acesso a partir de 12 de junho"},"content":{"rendered":"\n<p class=\"wp-block-paragraph\">A maneira como os usu\u00e1rios acessam o\u00a0eSocial\u00a0est\u00e1 prestes a mudar. A partir de 12 de junho, o antigo c\u00f3digo de acesso ser\u00e1 substitu\u00eddo pelo acesso via gov.br n\u00edveis ouro e prata. Esta \u00e9 uma mudan\u00e7a significativa destinada a aprimorar o sistema de seguran\u00e7a do portal eSocial.<\/p>\n\n\n\n<p class=\"wp-block-paragraph\">A mudan\u00e7a foi anunciada pelo gov.br nesta sexta-feira (2)&nbsp; pelo site oficial. O fim do c\u00f3digo de acesso \u00e9 uma tentativa de melhorar a integridade e a confidencialidade dos dados no portal eSocial.<\/p>\n\n\n\n<p class=\"wp-block-paragraph\">A partir de 12 de junho, os usu\u00e1rios ter\u00e3o que utilizar o login via gov.br, que est\u00e1 dispon\u00edvel nos n\u00edveis ouro e prata. Esses n\u00edveis referem-se ao grau de confidencialidade que um usu\u00e1rio tem ao acessar o portal. O n\u00edvel prata permite o acesso com um\u00a0certificado digital\u00a0ou uma conta gov.br. O n\u00edvel ouro, por outro lado, exige um certificado digital ICP-Brasil.<\/p>\n\n\n\n<p class=\"wp-block-paragraph\">As empresas, especificamente as de servi\u00e7os cont\u00e1beis, precisam prestar aten\u00e7\u00e3o a essas mudan\u00e7as para garantir a continuidade do acesso aos servi\u00e7os do portal eSocial. Essa transi\u00e7\u00e3o \u00e9 fundamental para o aprimoramento da seguran\u00e7a cibern\u00e9tica e da privacidade dos dados.<\/p>\n\n\n\n<p class=\"wp-block-paragraph\">A mudan\u00e7a tamb\u00e9m se alinha ao plano de transforma\u00e7\u00e3o digital do governo, que visa facilitar e agilizar o acesso dos cidad\u00e3os aos servi\u00e7os do governo.<\/p>\n\n\n\n<p class=\"wp-block-paragraph\">Prepare-se para essa mudan\u00e7a importante e assegure que voc\u00ea tenha os requisitos necess\u00e1rios para o novo m\u00e9todo de acesso ao eSocial.&nbsp;<\/p>\n\n\n\n<p class=\"wp-block-paragraph\">Veja\u00a0<a rel=\"noreferrer noopener\" href=\"https:\/\/faq-login-unico.servicos.gov.br\/en\/latest\/_perguntasdafaq\/contaacesso.html\" target=\"_blank\">aqui\u00a0<\/a>como se cadastrar ou aumentar seu n\u00edvel de seguran\u00e7a para ouro ou prata no gov.br.<\/p>\n\n\n\n<p class=\"wp-block-paragraph\">Fonte: contabeis.com.br<\/p>\n","protected":false},"excerpt":{"rendered":"<p>A maneira como os usu\u00e1rios acessam o\u00a0eSocial\u00a0est\u00e1 prestes a mudar. A partir de 12 de junho, o antigo c\u00f3digo de acesso ser\u00e1 substitu\u00eddo pelo acesso via gov.br n\u00edveis ouro e prata. Esta \u00e9 uma mudan\u00e7a significativa destinada a aprimorar o sistema de seguran\u00e7a do portal eSocial. A mudan\u00e7a foi anunciada pelo gov.br nesta sexta-feira (2)&nbsp; [&hellip;]<\/p>\n","protected":false},"author":1,"featured_media":5144,"comment_status":"closed","ping_status":"open","sticky":false,"template":"","format":"standard","meta":{"footnotes":""},"categories":[20,44],"tags":[72,30,73,61],"class_list":["post-5330","post","type-post","status-publish","format-standard","has-post-thumbnail","hentry","category-departamento-pessoal","category-gestao-empresarial","tag-certificado-digital","tag-departamento-pessoal","tag-esocial","tag-receita-federal"],"_links":{"self":[{"href":"https:\/\/multiplacontabil.com.br\/blog\/wp-json\/wp\/v2\/posts\/5330","targetHints":{"allow":["GET"]}}],"collection":[{"href":"https:\/\/multiplacontabil.com.br\/blog\/wp-json\/wp\/v2\/posts"}],"about":[{"href":"https:\/\/multiplacontabil.com.br\/blog\/wp-json\/wp\/v2\/types\/post"}],"author":[{"embeddable":true,"href":"https:\/\/multiplacontabil.com.br\/blog\/wp-json\/wp\/v2\/users\/1"}],"replies":[{"embeddable":true,"href":"https:\/\/multiplacontabil.com.br\/blog\/wp-json\/wp\/v2\/comments?post=5330"}],"version-history":[{"count":0,"href":"https:\/\/multiplacontabil.com.br\/blog\/wp-json\/wp\/v2\/posts\/5330\/revisions"}],"wp:attachment":[{"href":"https:\/\/multiplacontabil.com.br\/blog\/wp-json\/wp\/v2\/media?parent=5330"}],"wp:term":[{"taxonomy":"category","embeddable":true,"href":"https:\/\/multiplacontabil.com.br\/blog\/wp-json\/wp\/v2\/categories?post=5330"},{"taxonomy":"post_tag","embeddable":true,"href":"https:\/\/multiplacontabil.com.br\/blog\/wp-json\/wp\/v2\/tags?post=5330"}],"curies":[{"name":"wp","href":"https:\/\/api.w.org\/{rel}","templated":true}]}}