{"id":5294,"date":"2023-04-10T10:49:26","date_gmt":"2023-04-10T10:49:26","guid":{"rendered":"https:\/\/multiplacontabil.com.br\/blog\/blog\/?p=5294"},"modified":"2023-04-10T10:49:26","modified_gmt":"2023-04-10T10:49:26","slug":"irpf-2023-o-que-e-rendimento-tributavel","status":"publish","type":"post","link":"https:\/\/multiplacontabil.com.br\/blog\/2023\/04\/10\/irpf-2023-o-que-e-rendimento-tributavel\/","title":{"rendered":"IRPF 2023: o que \u00e9 rendimento tribut\u00e1vel?"},"content":{"rendered":"\n<p class=\"wp-block-paragraph\">Rendimento tribut\u00e1vel \u00e9 exatamente aquele sobre o qual recai o Imposto de Renda. Ou seja, os valores que uma pessoa f\u00edsica recebeu ao longo do ano, seja por um trabalho formal em regime CLT, como sal\u00e1rios e f\u00e9rias, ou informal, como \u00e9 o caso dos prestadores de servi\u00e7os. Aposentados e pensionistas tamb\u00e9m est\u00e3o sujeitos a essa tributa\u00e7\u00e3o, bem como valores recebidos pela renda de alugu\u00e9is, entre outros.<\/p>\n\n\n\n<p class=\"wp-block-paragraph\">Entre os principais rendimentos, est\u00e3o:<\/p>\n\n\n\n<ul class=\"wp-block-list\">\n<li>Sal\u00e1rios, abrangendo direitos trabalhistas como f\u00e9rias e recursos obtidos com horas extras;<\/li>\n\n\n\n<li>Alugu\u00e9is recebidos, al\u00e9m de compensa\u00e7\u00f5es por benfeitorias e arrendamentos de im\u00f3vel rural e subloca\u00e7\u00e3o, por exemplo;<\/li>\n\n\n\n<li>Rendimentos previdenci\u00e1rios, como pens\u00e3o e aposentadoria;<\/li>\n\n\n\n<li>Atividades rurais, como resultados de produ\u00e7\u00e3o agr\u00edcola e agropecu\u00e1ria;<\/li>\n\n\n\n<li>Royalties advindos de direito de uso de propriedade intelectual;<\/li>\n\n\n\n<li>Rendimentos no exterior, como dividendos de aplica\u00e7\u00f5es financeiras.<\/li>\n<\/ul>\n\n\n\n<p class=\"wp-block-paragraph\">Lembrando que a entrega da Declara\u00e7\u00e3o do Imposto de Renda vai at\u00e9 o dia 31 de maio.<\/p>\n","protected":false},"excerpt":{"rendered":"<p>Rendimento tribut\u00e1vel \u00e9 exatamente aquele sobre o qual recai o Imposto de Renda. Ou seja, os valores que uma pessoa f\u00edsica recebeu ao longo do ano, seja por um trabalho formal em regime CLT, como sal\u00e1rios e f\u00e9rias, ou informal, como \u00e9 o caso dos prestadores de servi\u00e7os. Aposentados e pensionistas tamb\u00e9m est\u00e3o sujeitos a [&hellip;]<\/p>\n","protected":false},"author":1,"featured_media":5285,"comment_status":"closed","ping_status":"open","sticky":false,"template":"","format":"standard","meta":{"footnotes":""},"categories":[37],"tags":[50],"class_list":["post-5294","post","type-post","status-publish","format-standard","has-post-thumbnail","hentry","category-imposto-de-renda","tag-imposto-de-renda-2023"],"_links":{"self":[{"href":"https:\/\/multiplacontabil.com.br\/blog\/wp-json\/wp\/v2\/posts\/5294","targetHints":{"allow":["GET"]}}],"collection":[{"href":"https:\/\/multiplacontabil.com.br\/blog\/wp-json\/wp\/v2\/posts"}],"about":[{"href":"https:\/\/multiplacontabil.com.br\/blog\/wp-json\/wp\/v2\/types\/post"}],"author":[{"embeddable":true,"href":"https:\/\/multiplacontabil.com.br\/blog\/wp-json\/wp\/v2\/users\/1"}],"replies":[{"embeddable":true,"href":"https:\/\/multiplacontabil.com.br\/blog\/wp-json\/wp\/v2\/comments?post=5294"}],"version-history":[{"count":0,"href":"https:\/\/multiplacontabil.com.br\/blog\/wp-json\/wp\/v2\/posts\/5294\/revisions"}],"wp:attachment":[{"href":"https:\/\/multiplacontabil.com.br\/blog\/wp-json\/wp\/v2\/media?parent=5294"}],"wp:term":[{"taxonomy":"category","embeddable":true,"href":"https:\/\/multiplacontabil.com.br\/blog\/wp-json\/wp\/v2\/categories?post=5294"},{"taxonomy":"post_tag","embeddable":true,"href":"https:\/\/multiplacontabil.com.br\/blog\/wp-json\/wp\/v2\/tags?post=5294"}],"curies":[{"name":"wp","href":"https:\/\/api.w.org\/{rel}","templated":true}]}}