{"id":5287,"date":"2023-03-06T10:47:32","date_gmt":"2023-03-06T10:47:32","guid":{"rendered":"https:\/\/multiplacontabil.com.br\/blog\/blog\/?p=5287"},"modified":"2023-03-06T10:47:32","modified_gmt":"2023-03-06T10:47:32","slug":"irpf-2023-quem-pode-ser-dependente","status":"publish","type":"post","link":"https:\/\/multiplacontabil.com.br\/blog\/2023\/03\/06\/irpf-2023-quem-pode-ser-dependente\/","title":{"rendered":"IRPF 2023: Quem pode ser dependente?"},"content":{"rendered":"\n<p class=\"wp-block-paragraph\"><strong>C\u00f4njuge, ou companheiro<\/strong> com quem o contribuinte tenha filho ou viva h\u00e1 mais de 5 anos;<\/p>\n\n\n\n<p class=\"wp-block-paragraph\"><strong>Filhos ou enteados:<\/strong><\/p>\n\n\n\n<ul class=\"wp-block-list\">\n<li>de at\u00e9 21 anos de idade;<\/li>\n\n\n\n<li>de qualquer idade, quando incapacitado f\u00edsica ou mentalmente para o trabalho;<\/li>\n\n\n\n<li>de at\u00e9 24 anos, se ainda estiver cursando ensino superior ou escola t\u00e9cnica de segundo grau.<\/li>\n<\/ul>\n\n\n\n<p class=\"wp-block-paragraph\"><strong>Irm\u00e3os, netos ou bisnetos,<\/strong> sem arrimo dos pais, de quem o contribuinte detenha a guarda judicial:<\/p>\n\n\n\n<ul class=\"wp-block-list\">\n<li>de at\u00e9 21 anos;<\/li>\n\n\n\n<li>de qualquer idade, quando incapacitado f\u00edsica e\/ou mentalmente para o trabalho;<\/li>\n\n\n\n<li>de at\u00e9 24 anos, se ainda estiver cursando ensino superior ou escola t\u00e9cnica de segundo grau, desde que o contribuinte tenha detido sua guarda judicial at\u00e9 os 21 anos.<\/li>\n<\/ul>\n\n\n\n<p class=\"wp-block-paragraph\"><strong>Pais, Av\u00f3s e Bisav\u00f3s<\/strong> se no ano-calend\u00e1rio, tiverem recebido rendimentos, tribut\u00e1veis ou n\u00e3o, at\u00e9 o limite de isen\u00e7\u00e3o. O limite de isen\u00e7\u00e3o deve ser calculado pela tabela mensal, ajustado pelo n\u00famero de meses no caso de Declara\u00e7\u00e3o de Sa\u00edda Definitiva do Pa\u00eds.<\/p>\n\n\n\n<p class=\"wp-block-paragraph\"><strong>Menor Pobre<\/strong> de at\u00e9 21 anos, que o contribuinte crie e eduque, desde que detenha sua guarda judicial.<\/p>\n\n\n\n<p class=\"wp-block-paragraph\"><strong>Tutelados e Curatelados<\/strong> absolutamente incapaz da qual o contribuinte seja tutor ou curador.<\/p>\n\n\n\n<p class=\"wp-block-paragraph\"><em>Fonte: Receita Federal<\/em><\/p>\n","protected":false},"excerpt":{"rendered":"<p>C\u00f4njuge, ou companheiro com quem o contribuinte tenha filho ou viva h\u00e1 mais de 5 anos; Filhos ou enteados: Irm\u00e3os, netos ou bisnetos, sem arrimo dos pais, de quem o contribuinte detenha a guarda judicial: Pais, Av\u00f3s e Bisav\u00f3s se no ano-calend\u00e1rio, tiverem recebido rendimentos, tribut\u00e1veis ou n\u00e3o, at\u00e9 o limite de isen\u00e7\u00e3o. O limite [&hellip;]<\/p>\n","protected":false},"author":1,"featured_media":5285,"comment_status":"closed","ping_status":"open","sticky":false,"template":"","format":"standard","meta":{"footnotes":""},"categories":[37],"tags":[50],"class_list":["post-5287","post","type-post","status-publish","format-standard","has-post-thumbnail","hentry","category-imposto-de-renda","tag-imposto-de-renda-2023"],"_links":{"self":[{"href":"https:\/\/multiplacontabil.com.br\/blog\/wp-json\/wp\/v2\/posts\/5287","targetHints":{"allow":["GET"]}}],"collection":[{"href":"https:\/\/multiplacontabil.com.br\/blog\/wp-json\/wp\/v2\/posts"}],"about":[{"href":"https:\/\/multiplacontabil.com.br\/blog\/wp-json\/wp\/v2\/types\/post"}],"author":[{"embeddable":true,"href":"https:\/\/multiplacontabil.com.br\/blog\/wp-json\/wp\/v2\/users\/1"}],"replies":[{"embeddable":true,"href":"https:\/\/multiplacontabil.com.br\/blog\/wp-json\/wp\/v2\/comments?post=5287"}],"version-history":[{"count":0,"href":"https:\/\/multiplacontabil.com.br\/blog\/wp-json\/wp\/v2\/posts\/5287\/revisions"}],"wp:attachment":[{"href":"https:\/\/multiplacontabil.com.br\/blog\/wp-json\/wp\/v2\/media?parent=5287"}],"wp:term":[{"taxonomy":"category","embeddable":true,"href":"https:\/\/multiplacontabil.com.br\/blog\/wp-json\/wp\/v2\/categories?post=5287"},{"taxonomy":"post_tag","embeddable":true,"href":"https:\/\/multiplacontabil.com.br\/blog\/wp-json\/wp\/v2\/tags?post=5287"}],"curies":[{"name":"wp","href":"https:\/\/api.w.org\/{rel}","templated":true}]}}