{"id":5284,"date":"2023-02-27T10:43:00","date_gmt":"2023-02-27T10:43:00","guid":{"rendered":"https:\/\/multiplacontabil.com.br\/blog\/blog\/?p=5284"},"modified":"2023-02-27T10:43:00","modified_gmt":"2023-02-27T10:43:00","slug":"irpf-2023-quem-e-obrigado-a-declarar","status":"publish","type":"post","link":"https:\/\/multiplacontabil.com.br\/blog\/2023\/02\/27\/irpf-2023-quem-e-obrigado-a-declarar\/","title":{"rendered":"IRPF 2023: Quem \u00e9 obrigado a declarar?"},"content":{"rendered":"\n<p class=\"wp-block-paragraph\">Aten\u00e7\u00e3o contribuintes! A declara\u00e7\u00e3o do IRPF 2023, ano-base 2022, poder\u00e1 ser enviada a partir do dia 15 de mar\u00e7o at\u00e9 31 de maio.<\/p>\n\n\n\n<p class=\"wp-block-paragraph\">\u00c9 obrigado a declarar:<\/p>\n\n\n\n<p class=\"wp-block-paragraph\">&#8211; quem recebeu rendimentos tribut\u00e1veis acima de R$ 28.559,70 em 2022 (mesmo valor do ano passado);<\/p>\n\n\n\n<p class=\"wp-block-paragraph\">&#8211; <a><\/a>quem recebeu rendimentos isentos, n\u00e3o-tribut\u00e1veis ou tributados exclusivamente na fonte, cuja soma tenha sido superior a R$ 40 mil no ano passado;<\/p>\n\n\n\n<p class=\"wp-block-paragraph\">&#8211; quem obteve, em qualquer m\u00eas de 2022, ganho de capital na aliena\u00e7\u00e3o de bens ou direitos, sujeito \u00e0 incid\u00eancia do imposto, ou realizou opera\u00e7\u00f5es em bolsas de valores, de mercadorias, de futuros e assemelhadas cuja soma foi superior a R$ 40.000,00 (quarenta mil reais), ou com apura\u00e7\u00e3o de ganhos l\u00edquidos sujeitas \u00e0 incid\u00eancia do imposto;<\/p>\n\n\n\n<p class=\"wp-block-paragraph\">&#8211; quem teve isen\u00e7\u00e3o de imposto sobre o ganho de capital na venda de im\u00f3veis residenciais, seguido de aquisi\u00e7\u00e3o de outro im\u00f3vel residencial no prazo de 180 dias;<\/p>\n\n\n\n<p class=\"wp-block-paragraph\">&#8211; quem teve, em 2022, receita bruta em valor superior a R$ 142.798,50 em atividade rural;<\/p>\n\n\n\n<p class=\"wp-block-paragraph\">&#8211; quem tinha, at\u00e9 31 de dezembro de 2022, a posse ou a propriedade de bens ou direitos, inclusive terra nua, de valor total superior a R$ 300 mil;<\/p>\n\n\n\n<p class=\"wp-block-paragraph\">&#8211; quem passou para a condi\u00e7\u00e3o de residente no Brasil em qualquer m\u00eas e se encontrava nessa condi\u00e7\u00e3o at\u00e9 31 de dezembro de 2022.<\/p>\n\n\n\n<p class=\"wp-block-paragraph\"><em>Fonte: Receita Federal<\/em><\/p>\n","protected":false},"excerpt":{"rendered":"<p>Aten\u00e7\u00e3o contribuintes! A declara\u00e7\u00e3o do IRPF 2023, ano-base 2022, poder\u00e1 ser enviada a partir do dia 15 de mar\u00e7o at\u00e9 31 de maio. \u00c9 obrigado a declarar: &#8211; quem recebeu rendimentos tribut\u00e1veis acima de R$ 28.559,70 em 2022 (mesmo valor do ano passado); &#8211; quem recebeu rendimentos isentos, n\u00e3o-tribut\u00e1veis ou tributados exclusivamente na fonte, cuja [&hellip;]<\/p>\n","protected":false},"author":1,"featured_media":5285,"comment_status":"closed","ping_status":"open","sticky":false,"template":"","format":"standard","meta":{"footnotes":""},"categories":[37],"tags":[50],"class_list":["post-5284","post","type-post","status-publish","format-standard","has-post-thumbnail","hentry","category-imposto-de-renda","tag-imposto-de-renda-2023"],"_links":{"self":[{"href":"https:\/\/multiplacontabil.com.br\/blog\/wp-json\/wp\/v2\/posts\/5284","targetHints":{"allow":["GET"]}}],"collection":[{"href":"https:\/\/multiplacontabil.com.br\/blog\/wp-json\/wp\/v2\/posts"}],"about":[{"href":"https:\/\/multiplacontabil.com.br\/blog\/wp-json\/wp\/v2\/types\/post"}],"author":[{"embeddable":true,"href":"https:\/\/multiplacontabil.com.br\/blog\/wp-json\/wp\/v2\/users\/1"}],"replies":[{"embeddable":true,"href":"https:\/\/multiplacontabil.com.br\/blog\/wp-json\/wp\/v2\/comments?post=5284"}],"version-history":[{"count":0,"href":"https:\/\/multiplacontabil.com.br\/blog\/wp-json\/wp\/v2\/posts\/5284\/revisions"}],"wp:attachment":[{"href":"https:\/\/multiplacontabil.com.br\/blog\/wp-json\/wp\/v2\/media?parent=5284"}],"wp:term":[{"taxonomy":"category","embeddable":true,"href":"https:\/\/multiplacontabil.com.br\/blog\/wp-json\/wp\/v2\/categories?post=5284"},{"taxonomy":"post_tag","embeddable":true,"href":"https:\/\/multiplacontabil.com.br\/blog\/wp-json\/wp\/v2\/tags?post=5284"}],"curies":[{"name":"wp","href":"https:\/\/api.w.org\/{rel}","templated":true}]}}