{"id":5228,"date":"2022-11-22T10:57:48","date_gmt":"2022-11-22T10:57:48","guid":{"rendered":"https:\/\/multiplacontabil.com.br\/blog\/blog\/?p=5228"},"modified":"2022-11-22T10:57:48","modified_gmt":"2022-11-22T10:57:48","slug":"irpf-contribuintes-ainda-podem-ajudar-fundos-sociais-ate-30-de-dezembro","status":"publish","type":"post","link":"https:\/\/multiplacontabil.com.br\/blog\/2022\/11\/22\/irpf-contribuintes-ainda-podem-ajudar-fundos-sociais-ate-30-de-dezembro\/","title":{"rendered":"IRPF: contribuintes ainda podem ajudar fundos sociais at\u00e9 30 de dezembro"},"content":{"rendered":"\n<p class=\"wp-block-paragraph\">Apesar do prazo da declara\u00e7\u00e3o do\u00a0Imposto de Renda\u00a0Pessoa F\u00edsica\u00a0(IRPF)\u00a0j\u00e1 ter acabado em 2022, ainda \u00e9 poss\u00edvel fazer a destina\u00e7\u00e3o solid\u00e1ria de at\u00e9 6% do valor apurado na declara\u00e7\u00e3o at\u00e9 o \u00faltimo dia \u00fatil de dezembro (dia 30). Dessa forma, os valores podem ser destinados ao Fundo dos Direitos da Crian\u00e7a e do Adolescente ou ao do Idoso.<\/p>\n\n\n\n<p class=\"wp-block-paragraph\">A dica \u00e9 da Subcomiss\u00e3o de Desenvolvimento Social, do Conselho Regional de&nbsp;<a href=\"https:\/\/www.contabeis.com.br\/contabil\/contabilidade\/\">Contabilidade<\/a>&nbsp;do Estado de S\u00e3o Paulo (CRCSP), que incentiva a sociedade a fazer a destina\u00e7\u00e3o completa solid\u00e1ria dentro do prazo, pois ap\u00f3s esse per\u00edodo, de 1\u00b0 de janeiro at\u00e9 o final do prazo de entrega das declara\u00e7\u00f5es, esse valor ficar\u00e1 limitado 3% do imposto devido.<\/p>\n\n\n\n<p class=\"wp-block-paragraph\">A destina\u00e7\u00e3o do Imposto de Renda ainda \u00e9 pouco difundida no Brasil. Segundo dados da Receita Federal, o potencial de doa\u00e7\u00e3o dos brasileiros \u00e9 superior a 4 bilh\u00f5es, e mais de 97% dos contribuintes n\u00e3o realizam essa destina\u00e7\u00e3o.<\/p>\n\n\n\n<p class=\"wp-block-paragraph\">\u201cO CRCSP faz um apelo aos profissionais que orientem seus clientes sobre o benef\u00edcio, que n\u00e3o traz qualquer \u00f4nus ao doador, pois \u00e9 restitu\u00edda integralmente na pr\u00f3xima declara\u00e7\u00e3o. O valor destinado aos fundos \u00e9 repassado a projetos sociais de institui\u00e7\u00f5es sem fins lucrativos voltados a crian\u00e7as, adolescentes e a idosos\u201d, afirma a entidade em nota.<\/p>\n\n\n\n<p class=\"wp-block-paragraph\">A Subcomiss\u00e3o ASG foi criada no CRCSP em 2022 para tratar sobre quest\u00f5es relacionadas ao meio ambiente, ao desenvolvimento social, \u00e0 promo\u00e7\u00e3o da cultura, da inclus\u00e3o e da governan\u00e7a corporativa com um olhar multidisciplinar e integrado.<\/p>\n\n\n\n<p class=\"wp-block-paragraph\">Entre as subcoordenadorias da Comiss\u00e3o est\u00e1 a de Desenvolvimento Social, que coordena e desenvolve o Programa de Voluntariado da Classe Cont\u00e1bil (PVCC) no Estado de S\u00e3o Paulo e incentiva o envolvimento dos profissionais da contabilidade em projetos e a\u00e7\u00f5es de voluntariado.<\/p>\n\n\n\n<p class=\"wp-block-paragraph\">Dentre as a\u00e7\u00f5es da Subcomiss\u00e3o de Desenvolvimento Social, est\u00e3o campanhas de est\u00edmulo \u00e0 destina\u00e7\u00e3o solid\u00e1ria do Imposto de Renda aos Fundos da Crian\u00e7a e do Adolescente e aos Fundos do Idoso, incentivando a atua\u00e7\u00e3o dos profissionais da contabilidade como disseminadores da informa\u00e7\u00e3o junto a seus clientes.&nbsp;<\/p>\n\n\n\n<p class=\"wp-block-paragraph\">\u201cO CRCSP d\u00e1 suporte e incentiva os profissionais da contabilidade para que participem de projetos sociais e contribuam para uma sociedade mais justa e igualit\u00e1ria por meio da dissemina\u00e7\u00e3o do seu conhecimento. O voluntariado \u00e9 uma oportunidade que potencializa a forma\u00e7\u00e3o de cidad\u00e3os para solucionar problemas sociais, educacionais, de sa\u00fade, ambientais e hoje j\u00e1 faz parte do curr\u00edculo profissional\u201d, comenta o conselho regional.<\/p>\n\n\n\n<p class=\"wp-block-paragraph\">A Subcomiss\u00e3o de Desenvolvimento Social d\u00e1 dicas de como fazer a destina\u00e7\u00e3o, sem custo adicional, para beneficiar crian\u00e7as, adolescentes e idosos:<\/p>\n\n\n\n<p class=\"wp-block-paragraph\">A primeira dica \u00e9 de como fazer a destina\u00e7\u00e3o com a declara\u00e7\u00e3o de ajuste. At\u00e9 o \u00faltimo dia \u00fatil do ano, o contribuinte pode destinar, na pr\u00f3pria declara\u00e7\u00e3o de ajuste, at\u00e9 6% do imposto devido ao Fundo dos Direitos da Crian\u00e7a e do Adolescente ou ao do Idoso.&nbsp;<\/p>\n\n\n\n<p class=\"wp-block-paragraph\">Basta optar pelo modelo completo de declara\u00e7\u00e3o e clicar na barra de op\u00e7\u00f5es \u201cDoa\u00e7\u00f5es Diretamente na Declara\u00e7\u00e3o\u201d. Feito isso, deve selecionar para qual fundo quer fazer a destina\u00e7\u00e3o e, por fim, clicar em &#8220;Novo&#8221;, escolhendo o tipo de fundo (municipal, estadual ou federal) e a cidade.<\/p>\n\n\n\n<p class=\"wp-block-paragraph\">Outra forma de contribuir \u00e9 imprimindo o Documento de Arrecada\u00e7\u00e3o de Receitas Federais&nbsp;<a href=\"https:\/\/www.contabeis.com.br\/tributario\/darf\/\">(Darf)<\/a>&nbsp;e fazer o pagamento at\u00e9 o \u00faltimo dia do prazo de entrega da declara\u00e7\u00e3o. O valor destinado aos fundos ser\u00e1 abatido do que o contribuinte pagaria ou ser\u00e1 somado \u00e0 restitui\u00e7\u00e3o.<\/p>\n\n\n\n<p class=\"wp-block-paragraph\">Os interessados podem fazer a contribui\u00e7\u00e3o durante todo o ano, com um limite de at\u00e9 6% do imposto devido, que ser\u00e1 restitu\u00eddo na pr\u00f3xima declara\u00e7\u00e3o de ajuste do Imposto de Renda.<\/p>\n\n\n\n<p class=\"wp-block-paragraph\">Caso ainda tenha d\u00favidas, converse com um\u00a0contador\u00a0de sua confian\u00e7a e torne o imposto solid\u00e1rio. Ajude quem precisa com doa\u00e7\u00f5es aos Fundos da Crian\u00e7a e do Adolescente ou Fundo do Idoso, nacional, estadual ou municipal.<\/p>\n\n\n\n<p class=\"has-small-font-size wp-block-paragraph\">Fonte: <a href=\"https:\/\/www.contabeis.com.br\">Cont\u00e1beis<\/a>.com Com informa\u00e7\u00f5es CRCSP e Ink Comunica\u00e7\u00e3o<\/p>\n","protected":false},"excerpt":{"rendered":"<p>Apesar do prazo da declara\u00e7\u00e3o do\u00a0Imposto de Renda\u00a0Pessoa F\u00edsica\u00a0(IRPF)\u00a0j\u00e1 ter acabado em 2022, ainda \u00e9 poss\u00edvel fazer a destina\u00e7\u00e3o solid\u00e1ria de at\u00e9 6% do valor apurado na declara\u00e7\u00e3o at\u00e9 o \u00faltimo dia \u00fatil de dezembro (dia 30). Dessa forma, os valores podem ser destinados ao Fundo dos Direitos da Crian\u00e7a e do Adolescente ou ao [&hellip;]<\/p>\n","protected":false},"author":1,"featured_media":5229,"comment_status":"closed","ping_status":"open","sticky":false,"template":"","format":"standard","meta":{"footnotes":""},"categories":[37],"tags":[38],"class_list":["post-5228","post","type-post","status-publish","format-standard","has-post-thumbnail","hentry","category-imposto-de-renda","tag-imposto-de-renda"],"_links":{"self":[{"href":"https:\/\/multiplacontabil.com.br\/blog\/wp-json\/wp\/v2\/posts\/5228","targetHints":{"allow":["GET"]}}],"collection":[{"href":"https:\/\/multiplacontabil.com.br\/blog\/wp-json\/wp\/v2\/posts"}],"about":[{"href":"https:\/\/multiplacontabil.com.br\/blog\/wp-json\/wp\/v2\/types\/post"}],"author":[{"embeddable":true,"href":"https:\/\/multiplacontabil.com.br\/blog\/wp-json\/wp\/v2\/users\/1"}],"replies":[{"embeddable":true,"href":"https:\/\/multiplacontabil.com.br\/blog\/wp-json\/wp\/v2\/comments?post=5228"}],"version-history":[{"count":0,"href":"https:\/\/multiplacontabil.com.br\/blog\/wp-json\/wp\/v2\/posts\/5228\/revisions"}],"wp:attachment":[{"href":"https:\/\/multiplacontabil.com.br\/blog\/wp-json\/wp\/v2\/media?parent=5228"}],"wp:term":[{"taxonomy":"category","embeddable":true,"href":"https:\/\/multiplacontabil.com.br\/blog\/wp-json\/wp\/v2\/categories?post=5228"},{"taxonomy":"post_tag","embeddable":true,"href":"https:\/\/multiplacontabil.com.br\/blog\/wp-json\/wp\/v2\/tags?post=5228"}],"curies":[{"name":"wp","href":"https:\/\/api.w.org\/{rel}","templated":true}]}}