{"id":5224,"date":"2022-11-20T18:03:59","date_gmt":"2022-11-20T18:03:59","guid":{"rendered":"https:\/\/multiplacontabil.com.br\/blog\/blog\/?p=5224"},"modified":"2022-11-20T18:03:59","modified_gmt":"2022-11-20T18:03:59","slug":"novidades-para-2023-das-declaracoes-acessorias-ao-fisco","status":"publish","type":"post","link":"https:\/\/multiplacontabil.com.br\/blog\/2022\/11\/20\/novidades-para-2023-das-declaracoes-acessorias-ao-fisco\/","title":{"rendered":"Novidades para 2023 das declara\u00e7\u00f5es acess\u00f3rias ao Fisco"},"content":{"rendered":"\n<p class=\"wp-block-paragraph\">Estamos no m\u00eas de novembro de 2022, momento que teremos uma Copa do Mundo e uma Black Friday. Ambas as datas fazem com que o setor econ\u00f4mico e cultural seja aquecido de muita informa\u00e7\u00e3o.&nbsp;&nbsp;<\/p>\n\n\n\n<p class=\"wp-block-paragraph\">Para o segmento cont\u00e1bil, o planejamento do ano seguinte deve estar bem alinhado com as empresas e colaboradores. Por esse motivo, um cronograma de declara\u00e7\u00f5es facilita o cumprimento das metas.&nbsp;<\/p>\n\n\n\n<p class=\"wp-block-paragraph\">O Grupo M\u00f3dulos listou algumas declara\u00e7\u00f5es acess\u00f3rias que ter\u00e3o novidades no ano de 2023, confira a seguir:<\/p>\n\n\n\n<h2 class=\"wp-block-heading\"><strong>JANEIRO 2023<\/strong><\/h2>\n\n\n\n<ul class=\"wp-block-list\">\n<li>01\/01\/2023 = In\u00edcio do Perfil Profissiogr\u00e1fico Previdenci\u00e1rio (PPP) em meio eletr\u00f4nico por meios dos eventos de Sa\u00fade e Seguran\u00e7a do Trabalho (SST) do eSocial;<\/li>\n\n\n\n<li>01\/01\/2023 = Envio dos eventos de Reclamat\u00f3rias Trabalhistas para o eSocial e Declara\u00e7\u00e3o de D\u00e9bitos e Cr\u00e9ditos Tribut\u00e1rios Federais Previdenci\u00e1rios e de Outras Entidades e Fundos (DCTFWeb);<\/li>\n\n\n\n<li>01\/01\/2023 = Atualiza\u00e7\u00e3o do Fator Acident\u00e1rio de Preven\u00e7\u00e3o (FAP) 2023 no eSocial;<\/li>\n\n\n\n<li>16\/01\/2023 = Implanta\u00e7\u00e3o em ambiente produ\u00e7\u00e3o da vers\u00e3o S-1.1 do eSocial;<\/li>\n\n\n\n<li>31\/01\/2023 = Data limite para atualizar o sal\u00e1rio-m\u00ednimo e Tabela do Instituto Nacional do Seguro Social (INSS) nos softwares de folha de pagamento;<\/li>\n\n\n\n<li>31\/01\/2023 = Op\u00e7\u00e3o pela desonera\u00e7\u00e3o na Folha de Pagamento;<\/li>\n\n\n\n<li>31\/01\/2023 = Op\u00e7\u00e3o da Contribui\u00e7\u00e3o do Produtor Rural sobre a Folha de Pagamento ou Comercializa\u00e7\u00e3o;<\/li>\n\n\n\n<li>31\/01\/2023 = Op\u00e7\u00e3o pelo regime do Simples Nacional e MEI<\/li>\n<\/ul>\n\n\n\n<h2 class=\"wp-block-heading\"><strong>FEVEREIRO 2023<\/strong><\/h2>\n\n\n\n<ul class=\"wp-block-list\">\n<li>28\/02\/2023 = Prazo final para envio da Declara\u00e7\u00e3o de Imposto sobre a Renda Retido na Fonte (DIRF) 2023 relativo ao ano calend\u00e1rio de 2022;<\/li>\n\n\n\n<li>28\/02\/2023 = Prazo final para envio da Declara\u00e7\u00e3o de Informa\u00e7\u00f5es sobre Atividades Imobili\u00e1rias (DIMOB) relativo ao ano calend\u00e1rio 2022;&nbsp;<\/li>\n\n\n\n<li>28\/02\/2023 = Prazo final para envio da Declara\u00e7\u00e3o de Servi\u00e7os M\u00e9dicos e de Sa\u00fade (DMED) relativo ao ano calend\u00e1rio 2022;&nbsp;<\/li>\n<\/ul>\n\n\n\n<h2 class=\"wp-block-heading\"><strong>MAR\u00c7O 2023<\/strong><\/h2>\n\n\n\n<ul class=\"wp-block-list\">\n<li>19\/03\/2023 = T\u00e9rmino da conviv\u00eancia das vers\u00f5es S-1.0 e S-1.1 do eSocial;<\/li>\n\n\n\n<li>31\/03\/2023 = Declara\u00e7\u00e3o de Informa\u00e7\u00f5es Socioecon\u00f4micas e Fiscais (DEFIS), ano calend\u00e1rio 2022;<\/li>\n<\/ul>\n\n\n\n<h2 class=\"wp-block-heading\"><strong>ABRIL 2023<\/strong><\/h2>\n\n\n\n<ul class=\"wp-block-list\">\n<li>28\/04\/2023 = Declara\u00e7\u00e3o de Ajuste Anual do Imposto de Renda da Pessoa F\u00edsica (DIRPF), relativo ao ano calend\u00e1rio 2022;<\/li>\n<\/ul>\n\n\n\n<h3 class=\"wp-block-heading\"><strong>MAIO 2023<\/strong><\/h3>\n\n\n\n<ul class=\"wp-block-list\">\n<li>31\/05\/2023 = Declara\u00e7\u00e3o Anual Simplificada para o Microempreendedor Individual (DASN-SIMEI), relativo ao ano calend\u00e1rio 2022;<\/li>\n\n\n\n<li>31\/05\/2023 = Escritura\u00e7\u00e3o Cont\u00e1bil Digital (ECD), relativo ao ano calend\u00e1rio 2022;<\/li>\n<\/ul>\n\n\n\n<h2 class=\"wp-block-heading\"><strong>JUNHO 2023<\/strong><\/h2>\n\n\n\n<ul class=\"wp-block-list\">\n<li>01\/06\/2023 = DCTFWeb substituir\u00e1 a Declara\u00e7\u00e3o de D\u00e9bitos e Cr\u00e9ditos Tribut\u00e1rios Federais ((DCTF) PGD como instrumento de confiss\u00e3o de d\u00edvida e de constitui\u00e7\u00e3o de cr\u00e9ditos tribut\u00e1rios relativos a Imposto de Renda de Pessoa Jur\u00eddica (IRPJ), Imposto de Renda de Pessoa F\u00edsica (IRRF), Contribui\u00e7\u00e3o Social sobre o Lucro L\u00edquido (CSLL), Programa de Integra\u00e7\u00e3o Social e o Programa de Forma\u00e7\u00e3o do Patrim\u00f4nio do Servidor P\u00fablico (PIS\/Pasep) e Contribui\u00e7\u00e3o para o Financiamento da Seguridade Social (Cofins) retidos na fonte, referente aos fatos ocorridos a partir de 1\u00ba de maio de 2023;<\/li>\n<\/ul>\n\n\n\n<h2 class=\"wp-block-heading\"><strong>JULHO 2023<\/strong><\/h2>\n\n\n\n<ul class=\"wp-block-list\">\n<li>31\/07\/2023 = Escritura\u00e7\u00e3o Cont\u00e1bil Fiscal (ECF), relativo ao ano calend\u00e1rio 2022;<\/li>\n<\/ul>\n\n\n\n<h2 class=\"wp-block-heading\"><strong>SETEMBRO 2023<\/strong><\/h2>\n\n\n\n<ul class=\"wp-block-list\">\n<li>29\/09\/2023 = Declara\u00e7\u00e3o do Imposto sobre a Propriedade Territorial Rural (DITR), relativo ao ano calend\u00e1rio 2022;<\/li>\n\n\n\n<li>29\/09\/2023 = Dispon\u00edvel a consulta do FAP ano 2024.<\/li>\n<\/ul>\n\n\n\n<p class=\"has-small-font-size wp-block-paragraph\"><strong>Fonte: <a href=\"https:\/\/www.contabeis.com.br\/noticias\/53703\/novidades-para-2023-das-declaracoes-acessorias-ao-fisco\/\">Cont\u00e1beis<\/a><\/strong><\/p>\n","protected":false},"excerpt":{"rendered":"<p>Estamos no m\u00eas de novembro de 2022, momento que teremos uma Copa do Mundo e uma Black Friday. Ambas as datas fazem com que o setor econ\u00f4mico e cultural seja aquecido de muita informa\u00e7\u00e3o.&nbsp;&nbsp; Para o segmento cont\u00e1bil, o planejamento do ano seguinte deve estar bem alinhado com as empresas e colaboradores. Por esse motivo, [&hellip;]<\/p>\n","protected":false},"author":1,"featured_media":5207,"comment_status":"closed","ping_status":"open","sticky":false,"template":"","format":"standard","meta":{"footnotes":""},"categories":[25],"tags":[32,33,34],"class_list":["post-5224","post","type-post","status-publish","format-standard","has-post-thumbnail","hentry","category-fiscal-tributario","tag-fiscal-e-tributario","tag-fisco","tag-obrigacoes-acessorias"],"_links":{"self":[{"href":"https:\/\/multiplacontabil.com.br\/blog\/wp-json\/wp\/v2\/posts\/5224","targetHints":{"allow":["GET"]}}],"collection":[{"href":"https:\/\/multiplacontabil.com.br\/blog\/wp-json\/wp\/v2\/posts"}],"about":[{"href":"https:\/\/multiplacontabil.com.br\/blog\/wp-json\/wp\/v2\/types\/post"}],"author":[{"embeddable":true,"href":"https:\/\/multiplacontabil.com.br\/blog\/wp-json\/wp\/v2\/users\/1"}],"replies":[{"embeddable":true,"href":"https:\/\/multiplacontabil.com.br\/blog\/wp-json\/wp\/v2\/comments?post=5224"}],"version-history":[{"count":0,"href":"https:\/\/multiplacontabil.com.br\/blog\/wp-json\/wp\/v2\/posts\/5224\/revisions"}],"wp:attachment":[{"href":"https:\/\/multiplacontabil.com.br\/blog\/wp-json\/wp\/v2\/media?parent=5224"}],"wp:term":[{"taxonomy":"category","embeddable":true,"href":"https:\/\/multiplacontabil.com.br\/blog\/wp-json\/wp\/v2\/categories?post=5224"},{"taxonomy":"post_tag","embeddable":true,"href":"https:\/\/multiplacontabil.com.br\/blog\/wp-json\/wp\/v2\/tags?post=5224"}],"curies":[{"name":"wp","href":"https:\/\/api.w.org\/{rel}","templated":true}]}}