{"id":5214,"date":"2022-11-03T17:31:13","date_gmt":"2022-11-03T17:31:13","guid":{"rendered":"https:\/\/multiplacontabil.com.br\/blog\/blog\/?p=5214"},"modified":"2022-11-03T17:31:13","modified_gmt":"2022-11-03T17:31:13","slug":"icms-sobre-medicamentos-sao-paulo-amplia-isencao","status":"publish","type":"post","link":"https:\/\/multiplacontabil.com.br\/blog\/2022\/11\/03\/icms-sobre-medicamentos-sao-paulo-amplia-isencao\/","title":{"rendered":"ICMS sobre medicamentos: S\u00e3o Paulo amplia isen\u00e7\u00e3o"},"content":{"rendered":"\n<p class=\"wp-block-paragraph\">A amplia\u00e7\u00e3o da isen\u00e7\u00e3o do ICMS veio com a publica\u00e7\u00e3o do Decreto n\u00ba 67.208\/2022 (27\/10).<\/p>\n\n\n\n<p class=\"wp-block-paragraph\">Na pr\u00e1tica, o Decreto n\u00ba 67.208\/2022 alterou o artigo 2\u00ba (AIDS \u2013 MEDICAMENTOS PARA TRATAMENTO) do Anexo I do RICMS para ampliar lista e acrescentou o Art. 177 (ACELERADORES LINEARES) ao regulamento que trata da isen\u00e7\u00e3o de ICMS.<\/p>\n\n\n\n<p class=\"wp-block-paragraph\">Este Decreto tamb\u00e9m revogou a al\u00ednea \u201ci\u201d do item 2 do \u00a7 2\u00ba do artigo 2\u00ba do Anexo I do RICMS\/00, que tratava que trata da isen\u00e7\u00e3o para: i) Etravirina, 2933.59.99 (Conv\u00eanio ICMS-130\/11).<\/p>\n\n\n\n<p class=\"wp-block-paragraph\">Confira:<\/p>\n\n\n\n<p class=\"wp-block-paragraph\">De acordo com o Decreto, a medida visa:<\/p>\n\n\n\n<p class=\"wp-block-paragraph\">a) ajustar a reda\u00e7\u00e3o do artigo 2\u00ba do Anexo I do RICMS, que prev\u00ea a isen\u00e7\u00e3o do ICMS nas opera\u00e7\u00f5es com f\u00e1rmacos, produtos intermedi\u00e1rios e medicamentos destinados ao tratamento da AIDS, de modo a atualizar a rela\u00e7\u00e3o de produtos beneficiados, conforme o conv\u00eanio ICMS que fundamenta a sua concess\u00e3o;<\/p>\n\n\n\n<p class=\"wp-block-paragraph\">b) acrescentar o artigo 177 ao Anexo I do RICMS, de forma a conceder isen\u00e7\u00e3o do ICMS nas opera\u00e7\u00f5es com aceleradores lineares, quando realizadas no \u00e2mbito do Programa Nacional de Oncologia do Minist\u00e9rio da Sa\u00fade ou quando destinadas a entidades filantr\u00f3picas classificadas como entidade beneficente de assist\u00eancia social, nos termos da Lei Federal n\u00b0&nbsp;<a href=\"https:\/\/www2.camara.leg.br\/legin\/fed\/lei\/2009\/lei-12101-27-novembro-2009-594805-normaatualizada-pl.html\">12.101, de 27 de novembro de 2009<\/a>.<\/p>\n\n\n\n<p class=\"wp-block-paragraph\">O benef\u00edcio que amplia a<strong>&nbsp;isen\u00e7\u00e3o do ICMS vale a partir de 1\u00b0 de janeiro de 2023<\/strong>&nbsp;(observada a Lei Or\u00e7ament\u00e1ria Anual \u2013 LOA para o exerc\u00edcio de 2023).<\/p>\n\n\n\n<h3 class=\"wp-block-heading\"><strong>NCM dos produtos beneficiados pela isen\u00e7\u00e3o de ICMS<\/strong><\/h3>\n\n\n\n<p class=\"wp-block-paragraph\">No que tange aos aparelhos de radioterapia, foram inclu\u00eddos na isen\u00e7\u00e3o de ICMS somente os aceleradores lineares, classificados nos c\u00f3digos 9022.14.90 e 9022.21.90 da Nomenclatura Comum do Mercosul baseada no Sistema Harmonizado \u2013 NCM (Conv\u00eanio ICMS 66\/19), desde que observado os demais requisitos.<\/p>\n\n\n\n<h3 class=\"wp-block-heading\"><strong>Simples Nacional x Isen\u00e7\u00e3o<\/strong><\/h3>\n\n\n\n<p class=\"wp-block-paragraph\">A isen\u00e7\u00e3o do ICMS em S\u00e3o Paulo tamb\u00e9m contempla as opera\u00e7\u00f5es realizadas pelo\u00a0contribuinte optante pelo Simples Nacional\u00a0(art. 8\u00ba do RICMS\/00).<\/p>\n\n\n\n<h3 class=\"wp-block-heading\"><strong>Documento Fiscal \u2013 RPA x SN \u2013 CST e CSOSN<\/strong><\/h3>\n\n\n\n<p class=\"wp-block-paragraph\">No que diz ao preenchimento do documento fiscal, o contribuinte do:<\/p>\n\n\n\n<p class=\"wp-block-paragraph\"><strong>RPA<\/strong>&nbsp;\u2013 Regime Peri\u00f3dico de apura\u00e7\u00e3o, deve informar o CST \u2013 C\u00f3digo da Situa\u00e7\u00e3o Tribut\u00e1ria 40<\/p>\n\n\n\n<p class=\"wp-block-paragraph\"><strong>SN&nbsp;<\/strong>\u2013 Simples Nacional deve informar o CSOSN \u2013 C\u00f3digo de Situa\u00e7\u00e3o da Opera\u00e7\u00e3o no Simples Nacional 900 \u2013 Vide Resposta \u00e0 Consulta Tribut\u00e1ria 26409\/2022.<\/p>\n\n\n\n<p class=\"wp-block-paragraph\">Confira&nbsp;<a href=\"https:\/\/portal.fazenda.sp.gov.br\/Noticias\/Paginas\/Medicamentos-para-tratamento-de-Aids-e-equipamentos-de-radioterapia-s%C3%A3o-isentos-de-ICMS-em-S%C3%A3o-Paulo.aspx\">nota<\/a>&nbsp;divulgada pela SEFAZ-SP:<\/p>\n\n\n\n<h3 class=\"wp-block-heading\"><strong>Medicamentos para tratamento de Aids e equipamentos de radioterapia s\u00e3o isentos de ICMS em S\u00e3o Paulo<\/strong><\/h3>\n\n\n\n<p class=\"wp-block-paragraph\">O Governo do Estado de S\u00e3o Paulo editou norma que amplia o rol de medicamentos destinados ao tratamento da AIDS e que passar\u00e3o a ser isentos de ICMS a partir de 2023. Constam do Decreto n\u00ba 67.208\/2022 os seguintes produtos:<\/p>\n\n\n\n<ul class=\"wp-block-list\">\n<li>Fumarato de Tenofovir Desoproxila<\/li>\n\n\n\n<li>Entricitabina,<\/li>\n\n\n\n<li>Enfurvitida<\/li>\n\n\n\n<li>Fosamprenavir<\/li>\n\n\n\n<li>Raltegravir<\/li>\n\n\n\n<li>Tipranavir<\/li>\n\n\n\n<li>Maraviroque<\/li>\n\n\n\n<li>Etravirina<\/li>\n\n\n\n<li>Sulfato de Atazanavir<\/li>\n<\/ul>\n\n\n\n<p class=\"wp-block-paragraph\">O decreto tamb\u00e9m concede isen\u00e7\u00e3o do ICMS nas opera\u00e7\u00f5es com aparelhos de radioterapia (aceleradores lineares) para tratamento de c\u00e2ncer, quando realizadas no \u00e2mbito do Programa Nacional de Oncologia do Minist\u00e9rio da Sa\u00fade ou quando destinadas a entidades filantr\u00f3picas classificadas como entidade beneficente de assist\u00eancia social.<\/p>\n\n\n\n<p class=\"wp-block-paragraph\">As medidas passam a valer a partir de 1\u00ba de janeiro de 2023. A produ\u00e7\u00e3o de efeitos de cada um dos benef\u00edcios \u00e9 condicionada \u00e0 aprova\u00e7\u00e3o da Lei Or\u00e7ament\u00e1ria Anual \u2013 LOA para o pr\u00f3ximo ano, no que se refere \u00e0 previs\u00e3o do efeito or\u00e7ament\u00e1rio.<\/p>\n\n\n\n<p class=\"wp-block-paragraph\">Confira&nbsp;<a href=\"http:\/\/dobuscadireta.imprensaoficial.com.br\/default.aspx?DataPublicacao=20221027&amp;Caderno=DOE-I&amp;NumeroPagina=1\">aqui<\/a>&nbsp;integra do Decreto.<\/p>\n\n\n\n<p class=\"has-small-font-size wp-block-paragraph\">RICMS\/SP:<\/p>\n\n\n\n<p class=\"has-small-font-size wp-block-paragraph\"><a href=\"https:\/\/legislacao.fazenda.sp.gov.br\/Paginas\/art008.aspx\">art. 8\u00ba do RICMS\/00<\/a><\/p>\n\n\n\n<p class=\"has-small-font-size wp-block-paragraph\"><a href=\"https:\/\/legislacao.fazenda.sp.gov.br\/Paginas\/an1art002.aspx]\">Art. 2\u00ba do Anexo I<\/a><\/p>\n\n\n\n<p class=\"has-small-font-size wp-block-paragraph\"><a href=\"https:\/\/legislacao.fazenda.sp.gov.br\/Paginas\/RC26409_2022.aspx\">RC 26409\/2022<\/a><\/p>\n\n\n\n<p class=\"has-small-font-size wp-block-paragraph\">Norma do CONFAZ<\/p>\n\n\n\n<p class=\"has-small-font-size wp-block-paragraph\"><a href=\"https:\/\/www.confaz.fazenda.gov.br\/legislacao\/ajustes\/sinief\/cvsn_70\">Conv\u00eanio S\/N\u00ba de 15-12-1970<\/a><\/p>\n\n\n\n<p class=\"has-small-font-size wp-block-paragraph\">Fonte: <a href=\"https:\/\/sigaofisco.com.br\/\">Siga o Fisco<\/a><\/p>\n","protected":false},"excerpt":{"rendered":"<p>A amplia\u00e7\u00e3o da isen\u00e7\u00e3o do ICMS veio com a publica\u00e7\u00e3o do Decreto n\u00ba 67.208\/2022 (27\/10). Na pr\u00e1tica, o Decreto n\u00ba 67.208\/2022 alterou o artigo 2\u00ba (AIDS \u2013 MEDICAMENTOS PARA TRATAMENTO) do Anexo I do RICMS para ampliar lista e acrescentou o Art. 177 (ACELERADORES LINEARES) ao regulamento que trata da isen\u00e7\u00e3o de ICMS. Este Decreto [&hellip;]<\/p>\n","protected":false},"author":1,"featured_media":5207,"comment_status":"closed","ping_status":"open","sticky":false,"template":"","format":"standard","meta":{"footnotes":""},"categories":[25],"tags":[29,27],"class_list":["post-5214","post","type-post","status-publish","format-standard","has-post-thumbnail","hentry","category-fiscal-tributario","tag-icms","tag-sao-paulo"],"_links":{"self":[{"href":"https:\/\/multiplacontabil.com.br\/blog\/wp-json\/wp\/v2\/posts\/5214","targetHints":{"allow":["GET"]}}],"collection":[{"href":"https:\/\/multiplacontabil.com.br\/blog\/wp-json\/wp\/v2\/posts"}],"about":[{"href":"https:\/\/multiplacontabil.com.br\/blog\/wp-json\/wp\/v2\/types\/post"}],"author":[{"embeddable":true,"href":"https:\/\/multiplacontabil.com.br\/blog\/wp-json\/wp\/v2\/users\/1"}],"replies":[{"embeddable":true,"href":"https:\/\/multiplacontabil.com.br\/blog\/wp-json\/wp\/v2\/comments?post=5214"}],"version-history":[{"count":0,"href":"https:\/\/multiplacontabil.com.br\/blog\/wp-json\/wp\/v2\/posts\/5214\/revisions"}],"wp:attachment":[{"href":"https:\/\/multiplacontabil.com.br\/blog\/wp-json\/wp\/v2\/media?parent=5214"}],"wp:term":[{"taxonomy":"category","embeddable":true,"href":"https:\/\/multiplacontabil.com.br\/blog\/wp-json\/wp\/v2\/categories?post=5214"},{"taxonomy":"post_tag","embeddable":true,"href":"https:\/\/multiplacontabil.com.br\/blog\/wp-json\/wp\/v2\/tags?post=5214"}],"curies":[{"name":"wp","href":"https:\/\/api.w.org\/{rel}","templated":true}]}}